{"id":271114,"date":"2025-12-04T17:21:10","date_gmt":"2025-12-04T17:21:10","guid":{"rendered":"https:\/\/www.europesays.com\/es\/271114\/"},"modified":"2025-12-04T17:21:10","modified_gmt":"2025-12-04T17:21:10","slug":"wall-street-opera-plano-previo-a-la-fed-y-con-menor-desempleo","status":"publish","type":"post","link":"https:\/\/www.europesays.com\/es\/271114\/","title":{"rendered":"Wall Street opera plano previo a la Fed y con menor desempleo"},"content":{"rendered":"<p><strong>El mercado estadounidense entra en estado de anticipaci\u00f3n<\/strong><\/p>\n<p>Durante la sesi\u00f3n del jueves, el mercado estadounidense se mantiene expectante, ya que la pr\u00f3xima semana se recibir\u00e1n novedades de la Reserva Federal respecto a los niveles de tasas de inter\u00e9s. Actualmente, el mercado descuenta un recorte de 25 puntos b\u00e1sicos con una probabilidad cercana al 90%. Los movimientos en los principales \u00edndices al inicio de la sesi\u00f3n en EE. UU. son m\u00ednimos, con variaciones reducidas a un m\u00e1ximo de 0.1% en los contratos de referencia.<\/p>\n<p><strong>Datos macroecon\u00f3micos<\/strong><\/p>\n<p>Los inversionistas conocieron hoy la lectura semanal de solicitudes de beneficios por desempleo. El dato publicado result\u00f3 inferior a lo esperado: 219,000 frente a 191,000, cayendo por otro mes consecutivo y alcanzando el nivel m\u00e1s bajo desde comienzos del a\u00f1o pasado. Un mercado laboral s\u00f3lido ejerce presi\u00f3n sobre los \u00edndices y fortalece al d\u00f3lar, al limitar la necesidad de que la Fed recorte tasas.<\/p>\n<p><strong>Nasdaq 100 (D1)<\/strong><\/p>\n<p><img decoding=\"async\" alt=\"\" data-source-description=\"\" src=\"https:\/\/www.europesays.com\/es\/wp-content\/uploads\/2025\/12\/chart-2025-12-04t154322-901.png\" class=\"lazyload\"\/>&#13;<br \/>\n\u00a0&#13;<\/p>\n<p>Fuente: xStation5<\/p>\n<p>En el gr\u00e1fico se observa la formaci\u00f3n del patr\u00f3n RGR. La din\u00e1mica de crecimiento \u2014aunque a\u00fan alcista\u2014 muestra un debilitamiento claro. Actualmente, los compradores se han detenido en el nivel FIBO 23.6 de la \u00faltima onda alcista. Para mantener el impulso, ser\u00e1 necesario superar esta barrera lo antes posible. Si el precio retrocede, se abrir\u00eda el camino hacia niveles cercanos a 24,500 y la posible confirmaci\u00f3n de un patr\u00f3n de cambio de tendencia.<\/p>\n<p><strong>Noticias corporativas<\/strong><\/p>\n<p>\u00abEste informe se proporciona s\u00f3lo con fines de informaci\u00f3n general y con fines educativos. Cualquier opini\u00f3n, an\u00e1lisis, precio u otro contenido no constituyen asesoramiento de inversi\u00f3n o recomendaci\u00f3n en entendimiento de la ley de Belice. &#13;<br \/>\nEl rendimiento en el pasado no indica necesariamente los resultados futuros, y cualquier persona que act\u00fae sobre esta informaci\u00f3n lo hace bajo su propio riesgo. XTB no aceptar\u00e1 responsabilidad por ninguna p\u00e9rdida o da\u00f1o, incluida, sin limitaci\u00f3n, cualquier p\u00e9rdida de beneficio, que pueda surgir directa o indirectamente del uso o la confianza de dicha informaci\u00f3n. Los contratos por diferencias (\u00ab\u00bbCFDs\u00bb\u00bb) son productos con apalancamiento y acarrean un alto nivel de riesgo. &#13;<br \/>\nAseg\u00farese de comprender los riesgos asociados. \u00ab<\/p>\n","protected":false},"excerpt":{"rendered":"El mercado estadounidense entra en estado de anticipaci\u00f3n Durante la sesi\u00f3n del jueves, el mercado estadounidense se mantiene&hellip;\n","protected":false},"author":2,"featured_media":162689,"comment_status":"","ping_status":"","sticky":false,"template":"","format":"standard","meta":{"footnotes":""},"categories":[80],"tags":[82,95,94,25,24,23],"class_list":{"0":"post-271114","1":"post","2":"type-post","3":"status-publish","4":"format-standard","5":"has-post-thumbnail","7":"category-economia","8":"tag-business","9":"tag-economia","10":"tag-economy","11":"tag-es","12":"tag-espana","13":"tag-spain"},"share_on_mastodon":{"url":"https:\/\/pubeurope.com\/@es\/115662454812451832","error":""},"_links":{"self":[{"href":"https:\/\/www.europesays.com\/es\/wp-json\/wp\/v2\/posts\/271114","targetHints":{"allow":["GET"]}}],"collection":[{"href":"https:\/\/www.europesays.com\/es\/wp-json\/wp\/v2\/posts"}],"about":[{"href":"https:\/\/www.europesays.com\/es\/wp-json\/wp\/v2\/types\/post"}],"author":[{"embeddable":true,"href":"https:\/\/www.europesays.com\/es\/wp-json\/wp\/v2\/users\/2"}],"replies":[{"embeddable":true,"href":"https:\/\/www.europesays.com\/es\/wp-json\/wp\/v2\/comments?post=271114"}],"version-history":[{"count":0,"href":"https:\/\/www.europesays.com\/es\/wp-json\/wp\/v2\/posts\/271114\/revisions"}],"wp:featuredmedia":[{"embeddable":true,"href":"https:\/\/www.europesays.com\/es\/wp-json\/wp\/v2\/media\/162689"}],"wp:attachment":[{"href":"https:\/\/www.europesays.com\/es\/wp-json\/wp\/v2\/media?parent=271114"}],"wp:term":[{"taxonomy":"category","embeddable":true,"href":"https:\/\/www.europesays.com\/es\/wp-json\/wp\/v2\/categories?post=271114"},{"taxonomy":"post_tag","embeddable":true,"href":"https:\/\/www.europesays.com\/es\/wp-json\/wp\/v2\/tags?post=271114"}],"curies":[{"name":"wp","href":"https:\/\/api.w.org\/{rel}","templated":true}]}}