{"id":271115,"date":"2025-12-04T17:22:09","date_gmt":"2025-12-04T17:22:09","guid":{"rendered":"https:\/\/www.europesays.com\/es\/271115\/"},"modified":"2025-12-04T17:22:09","modified_gmt":"2025-12-04T17:22:09","slug":"euronews-hoy-las-noticias-del-4-de-diciembre-maduro-admite-haber-hablado-con-trump-por-telefono","status":"publish","type":"post","link":"https:\/\/www.europesays.com\/es\/271115\/","title":{"rendered":"EURONEWS HOY | Las noticias del 4 de diciembre: Maduro admite haber hablado con Trump por tel\u00e9fono"},"content":{"rendered":"<p>\n                    Publicado                 04\/12\/2025 &#8211; 18:00 CET<br \/>\n                \u2022Ultima actualizaci\u00f3n<br \/>\n                                     18:10\n                                        <\/p>\n<p>En &#8216;<strong>Euronews<\/strong>&#8216; le traemos las noticias m\u00e1s relevantes de <strong>este jueves 4 de diciembre<\/strong>. Las principales informaciones:<\/p>\n<p><a href=\"https:\/\/es.euronews.com\/2025\/12\/01\/eeuu-segundo-ataque-barco-venezolano-presion-congreso\" rel=\"nofollow noopener\" target=\"_blank\">Donald Trump y Nicol\u00e1s Maduro<\/a> mantuvieron una llamada hace unos d\u00edas, as\u00ed se ha hecho eco la prensa estadounidense tras una informaci\u00f3n publicada por la agencia Reuters. El propio presidente confirm\u00f3 dicha conversaci\u00f3n el pasado fin de semana comentando: <strong>\u00abNo puedo decir si fue una buena o mala llamada, fue solo una llamada\u00bb.<\/strong> La conversaci\u00f3n, que tuvo lugar el 21 de noviembre, fue revelada por el &#8216;New York Times&#8217; el pasado 28 de noviembre.<\/p>\n<p>Ucrania y sus aliados europeos acusaron el mi\u00e9rcoles al presidente ruso, Vlad\u00edmir Putin, de <a href=\"https:\/\/es.euronews.com\/my-europe\/2025\/12\/03\/europa-debe-aumentar-presion-sobre-rusia-ministros-otan-conversaciones-inconclusas-moscu\" rel=\"nofollow noopener\" target=\"_blank\">fingir inter\u00e9s en los esfuerzos de paz<\/a>, despu\u00e9s de que cinco horas de conversaciones <strong>con enviados estadounidenses en el Kremlin<\/strong> no produjeran ning\u00fan avance ni compromiso.<\/p>\n<p>El <a href=\"https:\/\/es.euronews.com\/my-europe\/2025\/04\/13\/lavrov-y-sybiha-se-acusan-mutuamente-de-atacar-infraestructuras-energeticas\" rel=\"nofollow noopener\" target=\"_blank\">ministro ucraniano de Asuntos Exteriores, Andrii Sybiha<\/a>, inst\u00f3 a Putin a \u00abdejar de hacer perder el tiempo al mundo\u00bb, mientras que la ministra brit\u00e1nica de Asuntos Exteriores, Yvette Cooper, <strong>pidi\u00f3 al l\u00edder ruso que \u00abponga fin a las bravatas y al derramamiento de sangre<\/strong> y est\u00e9 dispuesto a sentarse a la mesa y apoyar una paz justa y duradera\u00bb.<\/p>\n<p>La Comisi\u00f3n Europea proporcionar\u00e1 a B\u00e9lgica amplias garant\u00edas para desbloquear un <a href=\"https:\/\/es.euronews.com\/my-europe\/2025\/12\/01\/kallas-dice-al-primer-ministro-belga-que-el-prestamo-para-reparaciones-no-hara-descarrilar\" rel=\"nofollow noopener\" target=\"_blank\">controvertido pr\u00e9stamo de reparaciones a Ucrania<\/a>, seg\u00fan ha declarado Ursula von der Leyen, que sigue adelante con el plan a pesar de los riesgos considerados \u00abdesastrosos\u00bb por las autoridades belgas.<\/p>\n<p>Cuando la primera versi\u00f3n del <a href=\"https:\/\/es.euronews.com\/2025\/11\/24\/aceptara-moscu-contrapropuesta-union-europea\" rel=\"nofollow noopener\" target=\"_blank\">plan ruso-estadounidense <\/a>se filtr\u00f3 a los medios de comunicaci\u00f3n hace dos semanas, Mosc\u00fa trat\u00f3 de incluir una demanda espec\u00edfica: <strong>amnist\u00eda<\/strong> para las fuerzas rusas por todo lo que hab\u00edan hecho desde que comenz\u00f3 la invasi\u00f3n a gran escala de Rusia en febrero de 2022.<\/p>\n<p>Las autoridades belgas dejaron en libertad a la exjefa de Pol\u00edtica Exterior de la UE <a href=\"https:\/\/es.euronews.com\/my-europe\/2025\/12\/02\/detenida-federica-mogherini-exjefa-diplomatica-europa-investigacion-presunto-fraude\" rel=\"nofollow noopener\" target=\"_blank\">Federica Mogherini, al funcionario de la Comisi\u00f3n Europea Stefano Sannino<\/a> y a un tercer sospechoso tras interrogarlos en el marco de una investigaci\u00f3n por corrupci\u00f3n. <strong>Por el momento no se han presentado cargos contra ellos.<\/strong><\/p>\n<p><strong>Los tres sospechosos fueron detenidos<\/strong> el martes despu\u00e9s de que la Fiscal\u00eda Europea (EPPO) iniciara una investigaci\u00f3n sobre un fraude relacionado con una academia de formaci\u00f3n para diplom\u00e1ticos subalternos financiada por la UE.<\/p>\n<p>Adem\u00e1s, en el <strong>NO COMMENT<\/strong> del d\u00eda les mostramos como <a href=\"https:\/\/es.euronews.com\/video\/2025\/12\/04\/la-llama-olimpica-ilumina-el-partenon-rumbo-a-los-juegos-de-invierno-de-milan-cortina\" rel=\"nofollow noopener\" target=\"_blank\">la llama ol\u00edmpica ilumina el Parten\u00f3n antes los Juegos Ol\u00edmpicos de Invierno<\/a> <a href=\"https:\/\/es.euronews.com\/video\/2025\/12\/04\/la-llama-olimpica-ilumina-el-partenon-rumbo-a-los-juegos-de-invierno-de-milan-cortina\" rel=\"nofollow noopener\" target=\"_blank\">de Mil\u00e1n Cortina<\/a><\/p>\n<p>Tambi\u00e9n pueden instalar la aplicaci\u00f3n de <strong>&#8216;Euronews&#8217;<\/strong> en sus dispositivos <strong>Android<\/strong> y en <strong>iPhone<\/strong> para estar siempre conectados a lo que sucede en Europa y el mundo, y seguirnos en <strong>X e Instagram<\/strong>.<\/p>\n<p>Editor de v\u00eddeo<strong> \u2022 Juan Isidro Montero Garcia<\/strong><\/p>\n","protected":false},"excerpt":{"rendered":"Publicado 04\/12\/2025 &#8211; 18:00 CET \u2022Ultima actualizaci\u00f3n 18:10 En &#8216;Euronews&#8216; le traemos las noticias m\u00e1s relevantes de este&hellip;\n","protected":false},"author":2,"featured_media":271116,"comment_status":"","ping_status":"","sticky":false,"template":"","format":"standard","meta":{"footnotes":""},"categories":[42],"tags":[17,18,352,8836,13,14,11,61,62,63,64,19,20,9,1194,10,15,16,7354,12,21,22,1707,7083,65,66,67],"class_list":{"0":"post-271115","1":"post","2":"type-post","3":"status-publish","4":"format-standard","5":"has-post-thumbnail","7":"category-internacional","8":"tag-breaking-news","9":"tag-breakingnews","10":"tag-donald-trump","11":"tag-euronews-hoy","12":"tag-featured-news","13":"tag-featurednews","14":"tag-headlines","15":"tag-internacional","16":"tag-international","17":"tag-international-news","18":"tag-internationalnews","19":"tag-latest-news","20":"tag-latestnews","21":"tag-news","22":"tag-nicolas-maduro","23":"tag-noticias","24":"tag-noticias-destacadas","25":"tag-noticiasdestacadas","26":"tag-rusia-ucrania-invasion","27":"tag-titulares","28":"tag-ultimas-noticias","29":"tag-ultimasnoticias","30":"tag-ursula-von-der-leyen","31":"tag-vladimir-putin","32":"tag-world","33":"tag-world-news","34":"tag-worldnews"},"share_on_mastodon":{"url":"","error":"Validation failed: Text character limit of 500 exceeded"},"_links":{"self":[{"href":"https:\/\/www.europesays.com\/es\/wp-json\/wp\/v2\/posts\/271115","targetHints":{"allow":["GET"]}}],"collection":[{"href":"https:\/\/www.europesays.com\/es\/wp-json\/wp\/v2\/posts"}],"about":[{"href":"https:\/\/www.europesays.com\/es\/wp-json\/wp\/v2\/types\/post"}],"author":[{"embeddable":true,"href":"https:\/\/www.europesays.com\/es\/wp-json\/wp\/v2\/users\/2"}],"replies":[{"embeddable":true,"href":"https:\/\/www.europesays.com\/es\/wp-json\/wp\/v2\/comments?post=271115"}],"version-history":[{"count":0,"href":"https:\/\/www.europesays.com\/es\/wp-json\/wp\/v2\/posts\/271115\/revisions"}],"wp:featuredmedia":[{"embeddable":true,"href":"https:\/\/www.europesays.com\/es\/wp-json\/wp\/v2\/media\/271116"}],"wp:attachment":[{"href":"https:\/\/www.europesays.com\/es\/wp-json\/wp\/v2\/media?parent=271115"}],"wp:term":[{"taxonomy":"category","embeddable":true,"href":"https:\/\/www.europesays.com\/es\/wp-json\/wp\/v2\/categories?post=271115"},{"taxonomy":"post_tag","embeddable":true,"href":"https:\/\/www.europesays.com\/es\/wp-json\/wp\/v2\/tags?post=271115"}],"curies":[{"name":"wp","href":"https:\/\/api.w.org\/{rel}","templated":true}]}}