{"id":271117,"date":"2025-12-04T17:23:17","date_gmt":"2025-12-04T17:23:17","guid":{"rendered":"https:\/\/www.europesays.com\/es\/271117\/"},"modified":"2025-12-04T17:23:17","modified_gmt":"2025-12-04T17:23:17","slug":"vuelven-las-mascarillas-a-espana-estos-son-los-escenarios-que-acaba-de-decidir-sanidad-para-residencias-trabajos-y-lugares-comunes","status":"publish","type":"post","link":"https:\/\/www.europesays.com\/es\/271117\/","title":{"rendered":"\u00bfVuelven las mascarillas a Espa\u00f1a? Estos son los escenarios que acaba de decidir Sanidad para residencias, trabajos y lugares comunes"},"content":{"rendered":"<p class=\"c-paragraph\">El nuevo Protocolo Com\u00fan frente a la gripe, la covid y otras infecciones respiratorias acordado este mi\u00e9rcoles entre el ministerio de Sanidad y todas las comunidades aut\u00f3nomas recoge la recomendaci\u00f3n del uso generalizado y<b> posible obligatoriedad puntual<\/b> de mascarillas en determinados entornos, situaciones y condiciones para frenar la transmisi\u00f3n de este tipo de patolog\u00edas.\u00a0<\/p>\n<p class=\"c-paragraph\">M\u00e1s concretamente, y seg\u00fan anuncia Sanidad en un <a href=\"https:\/\/www.msps.es\/gabinete\/notasPrensa.do?id=6806\" rel=\"nofollow noreferrer noopener\" target=\"_blank\">comunicado de prensa<\/a>, se establecen <b>cuatro escenarios diferentes de riesgo<\/b> en funci\u00f3n de los que var\u00eda el grado de refuerzo de las medidas preventivas, las recomendaciones concretas en cada centro sanitario o residencia e incluso las \u00e1reas de decisi\u00f3n de las comunidades aut\u00f3nomas.<\/p>\n<p>Todas las recomendaciones sobre el uso de mascarillas<\/p>\n<p class=\"c-paragraph\">En primer lugar, tenemos que tener en cuenta que seg\u00fan este nuevo marco se establecen<b> cuatro niveles de riesgo epidemiol\u00f3gico<\/b>: el escenario 0, de situaci\u00f3n interepid\u00e9mica o basal; el escenario 1, epidemia de nivel bajo o medio; el escenario 2, epidemia de nivel alto; y el escenario 3, epidemia de nivel muy alto.<\/p>\n<p class=\"c-paragraph\">As\u00ed, y en t\u00e9rminos generales, el Protocolo Com\u00fan recomienda en todos los casos \u00abel uso de mascarilla quir\u00fargica por parte de personas<b> con s\u00edntomas respiratorios<\/b>, especialmente si van a tener contacto con personas vulnerables\u00bb. Tambi\u00e9n deben usarla los trabajadores sanitarios con s\u00edntomas mientras se encuentren en centros sociosanitarios.\u00a0<\/p>\n<p class=\"c-paragraph\">No se establece una <b>recomendaci\u00f3n ni una obligaci\u00f3n de uso<\/b> en la vida cotidiana, pero s\u00ed que se contempla la posibilidad de hacerla obligatoria en espacios comunes de centros sanitarios cuando se cumplan las condiciones para el escenario de epidemia de nivel alto.<\/p>\n<p class=\"c-paragraph\">En colegios, comercios o espacios p\u00fablicos no se se\u00f1ala ninguna <b>recomendaci\u00f3n espec\u00edfica.<\/b><\/p>\n<p class=\"c-paragraph\">De alcanzarse el escenario 3, epidemia de nivel muy alto, se dice que \u00abse activa la <b>coordinaci\u00f3n extraordinaria entre territorios<\/b>, mediante reuniones del Pleno del Consejo Interterritorial del Sistema Nacional de Salud\u00bb, y que \u00ablas autoridades sanitarias podr\u00e1n establecer medidas excepcionales para el control de la transmisi\u00f3n en determinados contextos o colectivos especialmente expuestos\u00bb, lo que podr\u00eda dejar margen a nuevos cambios en las recomendaciones u obligaciones sobre el uso de mascarillas.<\/p>\n<p>\u00bfQu\u00e9 pasa en residencias? \u00bfSe menciona el teletrabajo?<\/p>\n<p class=\"c-paragraph\">Respecto a las residencias, en el nivel interepid\u00e9mico o basal los trabajadores con s\u00edntomas <b>deber\u00e1n usar las mascarillas.<\/b> En este \u00e1mbito, se asume la posibilidad de que se tomen medidas adicionales cuando se den las condiciones del nivel bajo o medio; en el nivel alto podr\u00eda revisarse la pol\u00edtica de visitas y en el muy alto podr\u00edan adoptarse medidas excepcionales, a decisi\u00f3n de las autoridades sanitarias competentes.<\/p>\n<p class=\"c-paragraph\">Por otra parte, en el <b>escenario de nivel muy alto <\/b>se recoge la recomendaci\u00f3n de recomendar el teletrabajo a personas con s\u00edntomas, mientras lo permitan su estado de salud y las condiciones de sus domicilios.<\/p>\n<p class=\"c-paragraph\">Ser\u00e1 cada comunidad aut\u00f3noma la que <b>deber\u00e1 estimar su escenario de riesgo<\/b>, quedando en sus manos pues la aplicaci\u00f3n de los distintos conjuntos de medidas preventivas.<\/p>\n","protected":false},"excerpt":{"rendered":"El nuevo Protocolo Com\u00fan frente a la gripe, la covid y otras infecciones respiratorias acordado este mi\u00e9rcoles entre&hellip;\n","protected":false},"author":2,"featured_media":271118,"comment_status":"","ping_status":"","sticky":false,"template":"","format":"standard","meta":{"footnotes":""},"categories":[8],"tags":[17,18,858,25,24,13,14,11,4207,19,20,58057,9,10,15,16,2074,23,12,21,22,2292],"class_list":{"0":"post-271117","1":"post","2":"type-post","3":"status-publish","4":"format-standard","5":"has-post-thumbnail","7":"category-espana","8":"tag-breaking-news","9":"tag-breakingnews","10":"tag-casos","11":"tag-es","12":"tag-espana","13":"tag-featured-news","14":"tag-featurednews","15":"tag-headlines","16":"tag-las","17":"tag-latest-news","18":"tag-latestnews","19":"tag-mascarillas","20":"tag-news","21":"tag-noticias","22":"tag-noticias-destacadas","23":"tag-noticiasdestacadas","24":"tag-que","25":"tag-spain","26":"tag-titulares","27":"tag-ultimas-noticias","28":"tag-ultimasnoticias","29":"tag-vuelven"},"share_on_mastodon":{"url":"https:\/\/pubeurope.com\/@es\/115662461748149302","error":""},"_links":{"self":[{"href":"https:\/\/www.europesays.com\/es\/wp-json\/wp\/v2\/posts\/271117","targetHints":{"allow":["GET"]}}],"collection":[{"href":"https:\/\/www.europesays.com\/es\/wp-json\/wp\/v2\/posts"}],"about":[{"href":"https:\/\/www.europesays.com\/es\/wp-json\/wp\/v2\/types\/post"}],"author":[{"embeddable":true,"href":"https:\/\/www.europesays.com\/es\/wp-json\/wp\/v2\/users\/2"}],"replies":[{"embeddable":true,"href":"https:\/\/www.europesays.com\/es\/wp-json\/wp\/v2\/comments?post=271117"}],"version-history":[{"count":0,"href":"https:\/\/www.europesays.com\/es\/wp-json\/wp\/v2\/posts\/271117\/revisions"}],"wp:featuredmedia":[{"embeddable":true,"href":"https:\/\/www.europesays.com\/es\/wp-json\/wp\/v2\/media\/271118"}],"wp:attachment":[{"href":"https:\/\/www.europesays.com\/es\/wp-json\/wp\/v2\/media?parent=271117"}],"wp:term":[{"taxonomy":"category","embeddable":true,"href":"https:\/\/www.europesays.com\/es\/wp-json\/wp\/v2\/categories?post=271117"},{"taxonomy":"post_tag","embeddable":true,"href":"https:\/\/www.europesays.com\/es\/wp-json\/wp\/v2\/tags?post=271117"}],"curies":[{"name":"wp","href":"https:\/\/api.w.org\/{rel}","templated":true}]}}