{"id":271129,"date":"2025-12-04T17:35:15","date_gmt":"2025-12-04T17:35:15","guid":{"rendered":"https:\/\/www.europesays.com\/es\/271129\/"},"modified":"2025-12-04T17:35:15","modified_gmt":"2025-12-04T17:35:15","slug":"fallece-el-historico-fotografo-malagueno-paco-rodriguez-a-los-79-anos-101tv","status":"publish","type":"post","link":"https:\/\/www.europesays.com\/es\/271129\/","title":{"rendered":"Fallece el hist\u00f3rico fot\u00f3grafo malague\u00f1o Paco Rodr\u00edguez a los 79 a\u00f1os &#8211; 101TV"},"content":{"rendered":"<ol>\n<li><a href=\"https:\/\/news.google.com\/rss\/articles\/CBMiiAFBVV95cUxPSnQ1Q1NwTmwwWDlLN1hYeTFOVjVzY2hGTy1KeGdJZW5RRlpZNkxmRVJ1Z0Nrdm00bGFWSlF3cGdnWXczUlJtSjFqWjVWM2t1eTlENUxSN0ZMMXRWcWhWakF2LVBNMzk5S3NLRFZ4YV8tdEMtUld3dUlNRFdFY2FaSVltdGV0WmFi?oc=5\" target=\"_blank\" rel=\"nofollow noopener\">Fallece el hist\u00f3rico fot\u00f3grafo malague\u00f1o Paco Rodr\u00edguez a los 79 a\u00f1os<\/a>&nbsp;&nbsp;101TV<\/li>\n<li><a href=\"https:\/\/news.google.com\/rss\/articles\/CBMimgFBVV95cUxPUWNvbjZDeHlLVktqdVNfa1FqR0Jrc0owanYwMm92dlduSnJxVXdpci1WdldYYVZ3OEMzYkJnb0d1Tlp5UURJTTJkZzBCZVJNQ3dVYm9KaVhYSGYwSWZFaTJJMXRtTnlBRzB2ZXRTRUg5c2UzSUJwYTZxUkpBb3JZTXhyQkdIMUFkT3VDWWt2R0VmM1ZwaFgxb29n?oc=5\" target=\"_blank\" rel=\"nofollow noopener\">Condolencias por Paco Rodr\u00edguez<\/a>&nbsp;&nbsp;ACB.COM<\/li>\n<li><a href=\"https:\/\/news.google.com\/rss\/articles\/CBMiqAFBVV95cUxNVF9iLW96QXVHS3ZJUWxfVjQ2M0lfcGN4elFDMUJsN3pPUUppNG5RMUNLc0kxTGlZdl9vRDFtbkJiSVAxVGd2Z2pxenJraDNZZm1TbXVXd01JeHk4aDZoNGYtYTdYaFdPc2pSU0VQOXQyQ0VtLVktaHdEamI0SmZhb1NYSnl2UUFRNUVDeklKempWOElmWmwyMzItM1dabS1lbWtzaVdaeXDSAa4BQVVfeXFMTlRnUUJfM012amRycFpPUUJwNjZaTjduMFZFWDRsNFd0MDB2cG56M3VQMU1RckYxNWltRzFyYXFyenVraTA1a1E4RXNFaVVtd0kxQ2xqeVpsLS11c2VhcmVvOFFCcGxzVVhBOFZGRjhqYWU0UGtGZ01FdUJHUGRERW84SGNqU0ducjYxNEFpY3p6WnM2NU0wSlBWVVlKTzQ1aDBIUHhSV29YbHJqVHB3?oc=5\" target=\"_blank\" rel=\"nofollow noopener\">Fallece Paco Rodr\u00edguez, m\u00edtico fot\u00f3grafo del Diario As, en un accidente de moto en M\u00e1laga<\/a>&nbsp;&nbsp;La Opini\u00f3n de M\u00e1laga<\/li>\n<li><a href=\"https:\/\/news.google.com\/rss\/articles\/CBMimwFBVV95cUxNcGNJckZjZEdBSlhPakxnTTNiVkJvQ2dRc2hITURUWENFTEROb25Pb3ZqYzNZNnZhN3FOUXdGT002NHctTTVrb3FrUjdhTFFnMlVGZDB5N1BqUWNMTmpQdmw4Ykp6cmkzOXk5M25PTjZnZV9faUo1T2g1aFplM29xaXFDT0QySndZUjNxOWxJc2NYZm1abWF0SHpGc9IBoAFBVV95cUxOZ19YcW5VUUNqODZJdzdZVXdLWHlKWTdmQ2VaNEpwVWFzMG1EUVdyNGQ4MHk5RWNvQ1Z6WFdSOHhFTUVUOW5GQnRacXFVaEpEcTBrNG9rSk56Si1GeGQ5eEtvQW10NlBwSnM5ZzZyMllWMGNpQVZxQzlkYjhiTUxPMnYxZkhHbzhoZTgzdVVnM2J4OEFpZnFEaDRXa25CVGFo?oc=5\" target=\"_blank\" rel=\"nofollow noopener\">Fallece Paco Rodr\u00edguez, hist\u00f3rico fot\u00f3grafo malague\u00f1o<\/a>&nbsp;&nbsp;M\u00e1laga Hoy<\/li>\n<li><a href=\"https:\/\/news.google.com\/rss\/articles\/CBMiywFBVV95cUxQVm4xamVYZWpLcnRmRFBiMlpxSFVmX2RIbnRobkJtUy1HV2lRblkwakswcGhRaktiaWpYNUxBdk9Yb01sTGRJemhMSnE2SlJLZmh2cWpQeEZFR2JYVktxRllNWVpjdXNHdXVYWVdwTTF6bzNZVklIM01FRmlUTy1FQ0RJNm9UanJmZEc3Y1h0RWh4cFliejhkbVRxQjdvdklnNllVSFJaNGZ3UE41STlCN05rV1ZJRFRuUExMR296WXBwZW50NUF1XzJkc9IB0AFBVV95cUxNZmpqdmNYZFVlVDJyc0wtTS1YZDdDTlZvNDJQeDJ3UjJxMlZhSXZYRW8xYl9ISFR5aWdWOGRNMEF0a1RJUlB5ZTFIOE5pcm01dXVnenh2Q0E4Wl9mTUkxTWNHaWZ5bldRRlZzZDlzOWxFMmtWSzN2TmhnZVRTaGhaeGlnRHc5d0NJSk5VQktnZlJUTllvRUVxcjJxTEFWbEF6TUVXeUxGOXBwNUNYMWhjR2M1R0drLVhtM3p5NFZGdDNmRlZHX1VtZzlyWmwtWFNf?oc=5\" target=\"_blank\" rel=\"nofollow noopener\">Muere Paco Rodr\u00edguez, fot\u00f3grafo del AS, en un accidente en Rinc\u00f3n de la Victoria<\/a>&nbsp;&nbsp;El Espa\u00f1ol<\/li>\n<\/ol>\n","protected":false},"excerpt":{"rendered":"Fallece el hist\u00f3rico fot\u00f3grafo malague\u00f1o Paco Rodr\u00edguez a los 79 a\u00f1os&nbsp;&nbsp;101TV Condolencias por Paco Rodr\u00edguez&nbsp;&nbsp;ACB.COM Fallece Paco Rodr\u00edguez,&hellip;\n","protected":false},"author":2,"featured_media":271130,"comment_status":"","ping_status":"","sticky":false,"template":"","format":"standard","meta":{"footnotes":""},"categories":[173],"tags":[229,233,231,230,232,234,146,147,25,24,23],"class_list":{"0":"post-271129","1":"post","2":"type-post","3":"status-publish","4":"format-standard","5":"has-post-thumbnail","7":"category-arte-y-diseno","8":"tag-arte","9":"tag-arte-y-diseno","10":"tag-arts","11":"tag-arts-and-design","12":"tag-design","13":"tag-diseno","14":"tag-entertainment","15":"tag-entretenimiento","16":"tag-es","17":"tag-espana","18":"tag-spain"},"share_on_mastodon":{"url":"https:\/\/pubeurope.com\/@es\/115662508749429807","error":""},"_links":{"self":[{"href":"https:\/\/www.europesays.com\/es\/wp-json\/wp\/v2\/posts\/271129","targetHints":{"allow":["GET"]}}],"collection":[{"href":"https:\/\/www.europesays.com\/es\/wp-json\/wp\/v2\/posts"}],"about":[{"href":"https:\/\/www.europesays.com\/es\/wp-json\/wp\/v2\/types\/post"}],"author":[{"embeddable":true,"href":"https:\/\/www.europesays.com\/es\/wp-json\/wp\/v2\/users\/2"}],"replies":[{"embeddable":true,"href":"https:\/\/www.europesays.com\/es\/wp-json\/wp\/v2\/comments?post=271129"}],"version-history":[{"count":0,"href":"https:\/\/www.europesays.com\/es\/wp-json\/wp\/v2\/posts\/271129\/revisions"}],"wp:featuredmedia":[{"embeddable":true,"href":"https:\/\/www.europesays.com\/es\/wp-json\/wp\/v2\/media\/271130"}],"wp:attachment":[{"href":"https:\/\/www.europesays.com\/es\/wp-json\/wp\/v2\/media?parent=271129"}],"wp:term":[{"taxonomy":"category","embeddable":true,"href":"https:\/\/www.europesays.com\/es\/wp-json\/wp\/v2\/categories?post=271129"},{"taxonomy":"post_tag","embeddable":true,"href":"https:\/\/www.europesays.com\/es\/wp-json\/wp\/v2\/tags?post=271129"}],"curies":[{"name":"wp","href":"https:\/\/api.w.org\/{rel}","templated":true}]}}