{"id":271131,"date":"2025-12-04T17:37:11","date_gmt":"2025-12-04T17:37:11","guid":{"rendered":"https:\/\/www.europesays.com\/es\/271131\/"},"modified":"2025-12-04T17:37:11","modified_gmt":"2025-12-04T17:37:11","slug":"neox-confirma-a-lola-lolita-para-presentar-sus-precampanadas-junto-a-pilar-vidal-y-dani-mateo","status":"publish","type":"post","link":"https:\/\/www.europesays.com\/es\/271131\/","title":{"rendered":"Neox confirma a Lola Lolita para presentar sus precampanadas junto a Pilar Vidal y Dani Mateo"},"content":{"rendered":"<p>Lo que comenz\u00f3 en 2011 como una iniciativa de Atresmedia y la productora 7 y Acci\u00f3n como gui\u00f1o al p\u00fablico juvenil se ha convertido en una tradici\u00f3n que nadie se quiere perder. Cada 30 de diciembre es el momento de las <b>precampanadas de Neox <\/b>y la cadena se desplaza hasta la Puerta de Sol para hacer su particular despedida del a\u00f1o.<\/p>\n<p>En esta ocasi\u00f3n, Atresmedia ha apostado por darle continuidad a la influencer y concursante de &#8216;El desaf\u00edo&#8217; <b>Lola Lolita<\/b>, que repetir\u00e1 desde uno de los puntos m\u00e1s emblem\u00e1ticos de la capital, un a\u00f1o despu\u00e9s de haberse estrenado junto a Nacho Garc\u00eda.<\/p>\n<p>La creadora de contenido estar\u00e1 acompa\u00f1ada por una pareja in\u00e9dita, formada por el presentador de &#8216;Zapeando&#8217; y colaborador de &#8216;El Intermedio&#8217;, <b>Dani Mateo,<\/b> y la colaboradora de espacios como &#8216;Espejo P\u00fablico&#8217; o &#8216;Y ahora Sonsoles&#8217;, <b>Pilar Vidal<\/b>.<\/p>\n<p>As\u00ed lo ha confirmado este mi\u00e9rcoles el canal de <a title=\"Atresmedia\" href=\"https:\/\/neox.atresmedia.com\/feliz-anio-neox\/apuesta-dani-mateo-lola-lolita-pilar-vidal-sus-precampanadas_20251204693183a36e5e5012dcda2f48.html\" target=\"_blank\" rel=\"nofollow noopener\">Atresmedia<\/a>, que ha revelado los nombres de este particular tr\u00edo para <b>dar la bienvenida al 2026 con humor, chispa y buen ambiente<\/b>, fiel al tono fresco y atrevido del formato.<\/p>\n<p>Si el presentador de laSexta aportar\u00e1 su iron\u00eda y desparpajo, Lola Lolita promete risas aseguradas con su estilo desenfadado y cercano, mientras que la periodista Pilar Vidal, con su simpat\u00eda y frescura, completar\u00e1 el <b>tr\u00edo de conductores perfecto para cerrar el a\u00f1o con buen pie.<\/b><\/p>\n<p>Presentadores de las Campanadas 2026<\/p>\n<p>A falta de menos de un mes para ese momento \u00fanico en el que todos los espa\u00f1oles se ponen de acuerdo para hacer lo mismo a la vez, las cadenas de televisi\u00f3n ya han decidido qui\u00e9nes ser\u00e1n los <b>encargados de retransmitir el momento m\u00e1gico de las 12 uvas. <\/b><\/p>\n<p><b>Atresmedia<\/b> buscar\u00e1 consolidar su liderazgo repitiendo el d\u00fao formado por <b>Cristina Pedroche y Alberto Chicote<\/b>, quienes dar\u00e1n la bienvenida a 2026 desde la Puerta del Sol en una emisi\u00f3n simult\u00e1nea por <b>Antena 3, laSexta<\/b> y atresplayer. Adem\u00e1s, a ellos se sumar\u00e1 la <a title=\"aparici\u00f3n estelar de Santiago Segura\" href=\"https:\/\/www.larazon.es\/television\/atresmedia-revela-gran-secreto-nochevieja-santiago-segura-invitado-estelar_20251204693167416e5e5012dcda03d8.html\" target=\"_blank\" rel=\"nofollow noopener\">aparici\u00f3n estelar de Santiago Segura<\/a>.<\/p>\n<p>En cuanto a la cadena p\u00fablica, <b>RTVE<\/b> mantiene su apuesta por el <a title=\"humor cr\u00edtico y la m\u00fasica\" href=\"https:\/\/www.larazon.es\/television\/programas\/andreu-buenafuente-silvia-abril-presentaran-campanadas-fin-ano-rtve_20251118691c680239b3f1652bf54854.html\" target=\"_blank\" rel=\"nofollow noopener\">humor cr\u00edtico y la m\u00fasica<\/a>, con <b>Andreu Buenafuente y Silvia Abril<\/b> al frente desde el KM 0 y complementados por los cantantes NIA y st. Pedro desde Canarias.<\/p>\n<p>La sorpresa llega de la mano de <b>Mediaset<\/b>, que innova este a\u00f1o con una elecci\u00f3n in\u00e9dita: la retransmisi\u00f3n desde la estaci\u00f3n de esqu\u00ed Aram\u00f3n Formigal-Panticosa en el Pirineo aragon\u00e9s, concretamente desde el emblem\u00e1tico apr\u00e8s-ski Marchica, un espacio de referencia en el ocio invernal nacional. <b>Sandra Barneda y Xuso Jones<\/b> ser\u00e1n los encargados de conducir la gala para <b>Telecinco y Cuatro<\/b> en un evento que comenzar\u00e1 a las 22:30 horas para culminar con las campanadas desde la iglesia de Nuestra Se\u00f1ora de la Asunci\u00f3n en Sallent de G\u00e1llego, una villa singular del Alto G\u00e1llego.<\/p>\n","protected":false},"excerpt":{"rendered":"Lo que comenz\u00f3 en 2011 como una iniciativa de Atresmedia y la productora 7 y Acci\u00f3n como gui\u00f1o&hellip;\n","protected":false},"author":2,"featured_media":271132,"comment_status":"","ping_status":"","sticky":false,"template":"","format":"standard","meta":{"footnotes":""},"categories":[171],"tags":[146,147,25,24,23,214],"class_list":{"0":"post-271131","1":"post","2":"type-post","3":"status-publish","4":"format-standard","5":"has-post-thumbnail","7":"category-tv","8":"tag-entertainment","9":"tag-entretenimiento","10":"tag-es","11":"tag-espana","12":"tag-spain","13":"tag-tv"},"share_on_mastodon":{"url":"https:\/\/pubeurope.com\/@es\/115662516862458685","error":""},"_links":{"self":[{"href":"https:\/\/www.europesays.com\/es\/wp-json\/wp\/v2\/posts\/271131","targetHints":{"allow":["GET"]}}],"collection":[{"href":"https:\/\/www.europesays.com\/es\/wp-json\/wp\/v2\/posts"}],"about":[{"href":"https:\/\/www.europesays.com\/es\/wp-json\/wp\/v2\/types\/post"}],"author":[{"embeddable":true,"href":"https:\/\/www.europesays.com\/es\/wp-json\/wp\/v2\/users\/2"}],"replies":[{"embeddable":true,"href":"https:\/\/www.europesays.com\/es\/wp-json\/wp\/v2\/comments?post=271131"}],"version-history":[{"count":0,"href":"https:\/\/www.europesays.com\/es\/wp-json\/wp\/v2\/posts\/271131\/revisions"}],"wp:featuredmedia":[{"embeddable":true,"href":"https:\/\/www.europesays.com\/es\/wp-json\/wp\/v2\/media\/271132"}],"wp:attachment":[{"href":"https:\/\/www.europesays.com\/es\/wp-json\/wp\/v2\/media?parent=271131"}],"wp:term":[{"taxonomy":"category","embeddable":true,"href":"https:\/\/www.europesays.com\/es\/wp-json\/wp\/v2\/categories?post=271131"},{"taxonomy":"post_tag","embeddable":true,"href":"https:\/\/www.europesays.com\/es\/wp-json\/wp\/v2\/tags?post=271131"}],"curies":[{"name":"wp","href":"https:\/\/api.w.org\/{rel}","templated":true}]}}