{"id":271139,"date":"2025-12-04T17:41:08","date_gmt":"2025-12-04T17:41:08","guid":{"rendered":"https:\/\/www.europesays.com\/es\/271139\/"},"modified":"2025-12-04T17:41:08","modified_gmt":"2025-12-04T17:41:08","slug":"el-cofm-lanza-el-piloto-inmunizat-para-promover-la-vacunacion-antigripal-en-diabeticos","status":"publish","type":"post","link":"https:\/\/www.europesays.com\/es\/271139\/","title":{"rendered":"El COFM lanza el piloto Inmun\u00edzaT para promover la vacunaci\u00f3n antigripal en diab\u00e9ticos"},"content":{"rendered":"<p>El Colegio Oficial de Farmac\u00e9uticos de <a href=\"https:\/\/diariofarma.com\/tag\/madrid?utm_source=diariofarma&amp;utm_medium=web&amp;utm_campaign=smartlink\" rel=\"nofollow noopener\" target=\"_blank\">Madrid<\/a> (<a href=\"http:\/\/www.cofm.es\/?utm_source=diariofarma&amp;utm_medium=web&amp;utm_campaign=smartlink\" rel=\"nofollow noopener\" target=\"_blank\">COFM<\/a>) ha puesto en marcha el proyecto piloto Inmun\u00edzaT: Colaboraci\u00f3n desde la farmacia comunitaria para mejorar la cobertura vacunal frente a la <a href=\"https:\/\/diariofarma.com\/tag\/gripe?utm_source=diariofarma&amp;utm_medium=web&amp;utm_campaign=smartlink\" rel=\"nofollow noopener\" target=\"_blank\">gripe<\/a> en <a href=\"https:\/\/diariofarma.com\/tag\/pacientes?utm_source=diariofarma&amp;utm_medium=web&amp;utm_campaign=smartlink\" rel=\"nofollow noopener\" target=\"_blank\">pacientes<\/a> diab\u00e9ticos, una iniciativa que se est\u00e1 llevando a cabo con las farmacias de las localidades de Tres Cantos y Aranjuez en coordinaci\u00f3n con la Direcci\u00f3n General de Salud P\u00fablica de la Consejer\u00eda de Sanidad de la Comunidad de Madrid.<\/p>\n<p>El objetivo de esta iniciativa es que las farmacias comunitarias de estas dos localidades madrile\u00f1as intervengan de forma activa en la campa\u00f1a de vacunaci\u00f3n antigripal para informar y promover la inmunizaci\u00f3n en pacientes diab\u00e9ticos, que son un grupo de riesgo que visita habitualmente las farmacias y en el que la tasa de vacunaci\u00f3n, seg\u00fan reflejan los datos de la campa\u00f1a del a\u00f1o pasado, apenas supera el 27%.<\/p>\n<p>Este proyecto, como explica \u00d3scar L\u00f3pez, vicepresidente 1\u00ba del COFM, \u00abquiere evidenciar la profesionalidad, la cercan\u00eda y la confianza de las farmacias como establecimientos sanitarios para asesorar a la poblaci\u00f3n, principalmente la m\u00e1s vulnerable, sobre la importancia de la vacunaci\u00f3n y sus beneficios para la salud\u00bb, incrementando as\u00ed las tasas de cobertura vacunal. \u00abAtendemos diariamente en nuestras farmacias a un gran n\u00famero de pacientes a los que podemos informar sobre los riesgos de la gripe y sobre c\u00f3mo evitar posibles complicaciones a trav\u00e9s de la vacunaci\u00f3n\u00bb, destaca.<\/p>\n<p>Este estudio piloto tambi\u00e9n busca generar evidencia que constate el importante papel asesor de las farmacias en la vacunaci\u00f3n frente a la gripe de pacientes con <a href=\"https:\/\/diariofarma.com\/tag\/diabetes?utm_source=diariofarma&amp;utm_medium=web&amp;utm_campaign=smartlink\" rel=\"nofollow noopener\" target=\"_blank\">diabetes<\/a>, as\u00ed como medir los resultados en salud que aporta dicha intervenci\u00f3n.<\/p>\n<p>Aunque la iniciativa seguir\u00e1 activa hasta que finalice la actual campa\u00f1a de vacunaci\u00f3n, los primeros datos obtenidos se\u00f1alan que en su primera semana de actividad (la iniciativa arranc\u00f3 a mediados de noviembre) se han registrado 132 pacientes, de los cuales un 35% no conoc\u00eda el riesgo de la gripe asociado a la diabetes y en torno a un 46% no se vacun\u00f3 frente a la gripe en la campa\u00f1a anterior. Adem\u00e1s, del total de pacientes registrados, un 67% present\u00f3 comorbilidades. En esa primera semana de estudio ya se hab\u00edan incorporado al proyecto m\u00e1s del 65% de las treinta farmacias ubicadas en ambos municipios.<\/p>\n<p>\u00abLos pacientes con diabetes son un colectivo especialmente vulnerable frente a la gripe, y los farmac\u00e9uticos somos agentes sanitarios estrat\u00e9gicos para captarlos, asesorarles y evitar los riesgos asociados a esta enfermedad\u00bb, afirma Maricarmen Magro, vocal de Ejercientes en Oficina de Farmacia No Titulares del COFM y experta en vacunaci\u00f3n.<\/p>\n<p>Asimismo, recuerda que para participar en esta campa\u00f1a, los farmac\u00e9uticos de Tres Cantos y Aranjuez recibieron una formaci\u00f3n espec\u00edfica por parte del Colegio, en la que tambi\u00e9n participaron responsables de la Direcci\u00f3n General de Salud P\u00fablica de la regi\u00f3n. \u00abComo agentes sanitarios accesibles para el ciudadano, los farmac\u00e9uticos queremos seguir potenciando nuestra labor asistencial en <a href=\"https:\/\/diariofarma.com\/tag\/prevencion?utm_source=diariofarma&amp;utm_medium=web&amp;utm_campaign=smartlink\" rel=\"nofollow noopener\" target=\"_blank\">prevenci\u00f3n<\/a> y salud p\u00fablica y, en eso, la formaci\u00f3n resulta fundamental para brindar la mejor atenci\u00f3n y dar un servicio \u00f3ptimo\u00bb, afirma.<\/p>\n<p>Los representantes colegiales subrayan adem\u00e1s que este proyecto es fiel a los objetivos del Plan de Transformaci\u00f3n Estrat\u00e9gica colegial, orientado a impulsar y promover las capacidades de los farmac\u00e9uticos, mejorar la salud y el bienestar de la poblaci\u00f3n, generar evidencia cient\u00edfica y cooperar con el resto de los agentes sanitarios para responder a los grandes desaf\u00edos del sistema sanitario. \u00abLos farmac\u00e9uticos somos un agente sanitario y social destacado cuya actuaci\u00f3n mejora la salud de la poblaci\u00f3n y se traduce en resultados en salud. Con esta iniciativa, queremos seguir constat\u00e1ndolo\u00bb, concluye \u00d3scar L\u00f3pez.<\/p>\n","protected":false},"excerpt":{"rendered":"El Colegio Oficial de Farmac\u00e9uticos de Madrid (COFM) ha puesto en marcha el proyecto piloto Inmun\u00edzaT: Colaboraci\u00f3n desde&hellip;\n","protected":false},"author":2,"featured_media":271140,"comment_status":"","ping_status":"","sticky":false,"template":"","format":"standard","meta":{"footnotes":""},"categories":[92],"tags":[66588,1467,4807,53159,25,24,7214,7749,165,205,597,166,1452,23,1454],"class_list":{"0":"post-271139","1":"post","2":"type-post","3":"status-publish","4":"format-standard","5":"has-post-thumbnail","7":"category-salud","8":"tag-cof-de-madrid","9":"tag-comunidad-de-madrid","10":"tag-diabetes","11":"tag-direccion-general-de-salud-publica","12":"tag-es","13":"tag-espana","14":"tag-formacion","15":"tag-gripe","16":"tag-health","17":"tag-madrid","18":"tag-prevencion","19":"tag-salud","20":"tag-salud-publica","21":"tag-spain","22":"tag-vacunas"},"share_on_mastodon":{"url":"https:\/\/pubeurope.com\/@es\/115662532534274995","error":""},"_links":{"self":[{"href":"https:\/\/www.europesays.com\/es\/wp-json\/wp\/v2\/posts\/271139","targetHints":{"allow":["GET"]}}],"collection":[{"href":"https:\/\/www.europesays.com\/es\/wp-json\/wp\/v2\/posts"}],"about":[{"href":"https:\/\/www.europesays.com\/es\/wp-json\/wp\/v2\/types\/post"}],"author":[{"embeddable":true,"href":"https:\/\/www.europesays.com\/es\/wp-json\/wp\/v2\/users\/2"}],"replies":[{"embeddable":true,"href":"https:\/\/www.europesays.com\/es\/wp-json\/wp\/v2\/comments?post=271139"}],"version-history":[{"count":0,"href":"https:\/\/www.europesays.com\/es\/wp-json\/wp\/v2\/posts\/271139\/revisions"}],"wp:featuredmedia":[{"embeddable":true,"href":"https:\/\/www.europesays.com\/es\/wp-json\/wp\/v2\/media\/271140"}],"wp:attachment":[{"href":"https:\/\/www.europesays.com\/es\/wp-json\/wp\/v2\/media?parent=271139"}],"wp:term":[{"taxonomy":"category","embeddable":true,"href":"https:\/\/www.europesays.com\/es\/wp-json\/wp\/v2\/categories?post=271139"},{"taxonomy":"post_tag","embeddable":true,"href":"https:\/\/www.europesays.com\/es\/wp-json\/wp\/v2\/tags?post=271139"}],"curies":[{"name":"wp","href":"https:\/\/api.w.org\/{rel}","templated":true}]}}