{"id":271141,"date":"2025-12-04T17:42:15","date_gmt":"2025-12-04T17:42:15","guid":{"rendered":"https:\/\/www.europesays.com\/es\/271141\/"},"modified":"2025-12-04T17:42:15","modified_gmt":"2025-12-04T17:42:15","slug":"pantone-nombra-su-color-del-ano-2026","status":"publish","type":"post","link":"https:\/\/www.europesays.com\/es\/271141\/","title":{"rendered":"Pantone nombra su color del a\u00f1o 2026"},"content":{"rendered":"<p>      CNN<br \/>\n        \u00a0\u2014\u00a0<\/p>\n<p class=\"paragraph inline-placeholder vossi-paragraph\" data-uri=\"es.cms.cnn.com\/_components\/paragraph\/instances\/cmirifz0t00452cnqed4lc1d3@published\" data-editable=\"text\" data-component-name=\"paragraph\" data-article-gutter=\"true\">\n            Captar el esp\u00edritu cultural y las tendencias del a\u00f1o entrante es una tarea complicada. Pero cada a\u00f1o, el Pantone Color Institute elige un color para lograr precisamente eso. Y ha elegido un tono de blanco, \u201cCloud Dancer\u201d, como su color del a\u00f1o 2026.\n    <\/p>\n<p class=\"paragraph inline-placeholder vossi-paragraph\" data-uri=\"es.cms.cnn.com\/_components\/paragraph\/instances\/cmirignnz0004356k906tbfje@published\" data-editable=\"text\" data-component-name=\"paragraph\" data-article-gutter=\"true\">\n            El instituto, considerado una autoridad l\u00edder en materia de color, previsi\u00f3n de tendencias y asesoramiento a marcas, describi\u00f3 el tono como \u201cun blanco ondulado y equilibrado imbuido de una sensaci\u00f3n de serenidad\u201d.\n    <\/p>\n<p class=\"paragraph inline-placeholder vossi-paragraph\" data-uri=\"es.cms.cnn.com\/_components\/paragraph\/instances\/cmirignnz0005356kpv6h6vm3@published\" data-editable=\"text\" data-component-name=\"paragraph\" data-article-gutter=\"true\">\n            A medida que la tecnolog\u00eda se hace m\u00e1s presente en la vida diaria, Cloud Dancer representa una \u201cinfluencia tranquilizadora en una sociedad fren\u00e9tica, redescubriendo el valor de la consideraci\u00f3n mesurada y la reflexi\u00f3n tranquila\u201d, dijo a CNN Leatrice Eiseman, directora ejecutiva del instituto.\n    <\/p>\n<p class=\"paragraph inline-placeholder vossi-paragraph\" data-uri=\"es.cms.cnn.com\/_components\/paragraph\/instances\/cmirignnz0006356ksc7cnxag@published\" data-editable=\"text\" data-component-name=\"paragraph\" data-article-gutter=\"true\">\n            El color \u201cest\u00e1 asociado con nuevos comienzos\u201d y \u201csignifica nuestro deseo de un nuevo comienzo\u201d, dijo Eiseman.\n    <\/p>\n<p class=\"paragraph inline-placeholder vossi-paragraph\" data-uri=\"es.cms.cnn.com\/_components\/paragraph\/instances\/cmirignnz0007356kcv7bka5q@published\" data-editable=\"text\" data-component-name=\"paragraph\" data-article-gutter=\"true\">\n            Para el equipo de expertos del instituto, todo se filtra a trav\u00e9s de la lente del color. Por eso, cada a\u00f1o desde 1999, el programa ha buscado \u201cdestacar c\u00f3mo lo que ocurre en nuestra macrocultura en un momento dado se expresa a trav\u00e9s del lenguaje del color\u201d, declar\u00f3 a CNN Laurie Pressman, vicepresidenta del instituto.\n    <\/p>\n<p class=\"paragraph inline-placeholder vossi-paragraph\" data-uri=\"es.cms.cnn.com\/_components\/paragraph\/instances\/cmirignnz0008356k26f2kik8@published\" data-editable=\"text\" data-component-name=\"paragraph\" data-article-gutter=\"true\">\n            Para elegir el color del a\u00f1o, examinan cuidadosamente las referencias culturales, pol\u00edticas y de estilo actuales, se deciden por una familia de colores y luego se concentran en el tono preciso, prestando mucha atenci\u00f3n tambi\u00e9n a su nombre.\n    <\/p>\n<p class=\"paragraph inline-placeholder vossi-paragraph\" data-uri=\"es.cms.cnn.com\/_components\/paragraph\/instances\/cmirignnz0009356kbc1kq3yb@published\" data-editable=\"text\" data-component-name=\"paragraph\" data-article-gutter=\"true\">\n            El nombre del color es crucial. En cuanto escuchas un nombre que describe un color, inmediatamente evocas una imagen, dijo Pressman.\n    <\/p>\n<p class=\"paragraph inline-placeholder vossi-paragraph\" data-uri=\"es.cms.cnn.com\/_components\/paragraph\/instances\/cmirignnz000a356k1olg5db7@published\" data-editable=\"text\" data-component-name=\"paragraph\" data-article-gutter=\"true\">\n            Este tono preciso de blanco, con su \u201cequilibrio entre matices fr\u00edos y c\u00e1lidos\u201d, fue elegido cuidadosamente, a\u00f1adi\u00f3.\n    <\/p>\n<p>       <img decoding=\"async\" src=\"https:\/\/www.europesays.com\/es\/wp-content\/uploads\/2025\/12\/pantoneq.JPEG\" alt=\"PANTONEQ.JPEG\" class=\"image__dam-img image__dam-img--loading\" onload=\"this.classList.remove('image__dam-img--loading')\" onerror=\"imageLoadError(this)\" height=\"573\" width=\"860\" loading=\"lazy\"\/><\/p>\n<p class=\"paragraph inline-placeholder vossi-paragraph\" data-uri=\"es.cms.cnn.com\/_components\/paragraph\/instances\/cmirignnz000c356k6abebh94@published\" data-editable=\"text\" data-component-name=\"paragraph\" data-article-gutter=\"true\">\n            \u201cSi hubi\u00e9ramos optado por un blanco \u00f3pticamente m\u00e1s brillante, no solo le restar\u00eda la sensaci\u00f3n natural, la honestidad y la autenticidad que buscamos\u2026 sino que casi habla de esterilidad y aislacionismo, porque es fr\u00edo\u201d, dijo.\n    <\/p>\n<p class=\"paragraph inline-placeholder vossi-paragraph\" data-uri=\"es.cms.cnn.com\/_components\/paragraph\/instances\/cmirignnz000d356k1uer2j68@published\" data-editable=\"text\" data-component-name=\"paragraph\" data-article-gutter=\"true\">\n            Si bien los diferentes tonos de blanco han sido omnipresentes en la moda desde hace mucho tiempo, el Cloud Dancer encarna espec\u00edficamente siluetas ondulantes y telas naturales como plumas, dijo Eiseman.\n    <\/p>\n<p class=\"paragraph inline-placeholder vossi-paragraph\" data-uri=\"es.cms.cnn.com\/_components\/paragraph\/instances\/cmirignnz000e356kh3ei58x7@published\" data-editable=\"text\" data-component-name=\"paragraph\" data-article-gutter=\"true\">\n            Algunas de estas tendencias ya son evidentes. La Gala del Met de este a\u00f1o luci\u00f3 abundantes plumas, incluyendo, de forma memorable, la <a href=\"https:\/\/www.cnn.com\/2025\/05\/06\/style\/diana-ross-met-gala\" rel=\"nofollow noopener\" target=\"_blank\">cola de 5,5 metros<\/a> del extraordinario vestido blanco de Diana Ross. El vestido de Louis Vuitton que luci\u00f3 Emma Stone en el Festival de Cine de Venecia ten\u00eda un dobladillo abullonado, mientras que la cantautora Rosal\u00eda opt\u00f3 por dise\u00f1os vaporosos, limpios y blancos durante la promoci\u00f3n de su aclamado \u00e1lbum \u201cLux\u201d, el mes pasado.\n    <\/p>\n<p>       <img decoding=\"async\" src=\"https:\/\/www.europesays.com\/es\/wp-content\/uploads\/2025\/12\/diane-ross.JPEG\" alt=\"Diana Ross luci\u00f3 un vestido con una cola de 5,4 metros en la Gala Met 2025.\" class=\"image__dam-img image__dam-img--loading\" onload=\"this.classList.remove('image__dam-img--loading')\" onerror=\"imageLoadError(this)\" height=\"573\" width=\"860\" loading=\"lazy\"\/><\/p>\n<p class=\"paragraph inline-placeholder vossi-paragraph\" data-uri=\"es.cms.cnn.com\/_components\/paragraph\/instances\/cmirignnz000h356kpbmdlnrj@published\" data-editable=\"text\" data-component-name=\"paragraph\" data-article-gutter=\"true\">\n            Y en dise\u00f1o de interiores, Eiseman describe al Cloud Dancer como \u201cclaridad sin frialdad, estructura sin severidad\u201d, que combina bien con materiales naturales como la madera y la piedra.\n    <\/p>\n<p class=\"paragraph inline-placeholder vossi-paragraph\" data-uri=\"es.cms.cnn.com\/_components\/paragraph\/instances\/cmirignnz000i356k2zxwrj47@published\" data-editable=\"text\" data-component-name=\"paragraph\" data-article-gutter=\"true\">\n            Las opciones anteriores para el color del a\u00f1o de Pantone incluyeron Mocha Mousse, de 2025, \u201cun marr\u00f3n suave con una calidez sensorial y reconfortante\u201d, y Peach Fuzz, \u201cun tono ligero y afrutado que evoca paz y serenidad\u201d, en 2024.\n    <\/p>\n","protected":false},"excerpt":{"rendered":"CNN \u00a0\u2014\u00a0 Captar el esp\u00edritu cultural y las tendencias del a\u00f1o entrante es una tarea complicada. Pero cada&hellip;\n","protected":false},"author":2,"featured_media":271142,"comment_status":"","ping_status":"","sticky":false,"template":"","format":"standard","meta":{"footnotes":""},"categories":[91],"tags":[1611,11692,146,147,25,24,150,66539,23],"class_list":{"0":"post-271141","1":"post","2":"type-post","3":"status-publish","4":"format-standard","5":"has-post-thumbnail","7":"category-entretenimiento","8":"tag-ano","9":"tag-color","10":"tag-entertainment","11":"tag-entretenimiento","12":"tag-es","13":"tag-espana","14":"tag-instanoticias","15":"tag-pantone","16":"tag-spain"},"share_on_mastodon":{"url":"https:\/\/pubeurope.com\/@es\/115662537376285026","error":""},"_links":{"self":[{"href":"https:\/\/www.europesays.com\/es\/wp-json\/wp\/v2\/posts\/271141","targetHints":{"allow":["GET"]}}],"collection":[{"href":"https:\/\/www.europesays.com\/es\/wp-json\/wp\/v2\/posts"}],"about":[{"href":"https:\/\/www.europesays.com\/es\/wp-json\/wp\/v2\/types\/post"}],"author":[{"embeddable":true,"href":"https:\/\/www.europesays.com\/es\/wp-json\/wp\/v2\/users\/2"}],"replies":[{"embeddable":true,"href":"https:\/\/www.europesays.com\/es\/wp-json\/wp\/v2\/comments?post=271141"}],"version-history":[{"count":0,"href":"https:\/\/www.europesays.com\/es\/wp-json\/wp\/v2\/posts\/271141\/revisions"}],"wp:featuredmedia":[{"embeddable":true,"href":"https:\/\/www.europesays.com\/es\/wp-json\/wp\/v2\/media\/271142"}],"wp:attachment":[{"href":"https:\/\/www.europesays.com\/es\/wp-json\/wp\/v2\/media?parent=271141"}],"wp:term":[{"taxonomy":"category","embeddable":true,"href":"https:\/\/www.europesays.com\/es\/wp-json\/wp\/v2\/categories?post=271141"},{"taxonomy":"post_tag","embeddable":true,"href":"https:\/\/www.europesays.com\/es\/wp-json\/wp\/v2\/tags?post=271141"}],"curies":[{"name":"wp","href":"https:\/\/api.w.org\/{rel}","templated":true}]}}