{"id":271147,"date":"2025-12-04T17:45:16","date_gmt":"2025-12-04T17:45:16","guid":{"rendered":"https:\/\/www.europesays.com\/es\/271147\/"},"modified":"2025-12-04T17:45:16","modified_gmt":"2025-12-04T17:45:16","slug":"directo-gaza-ultima-hora-seguimiento-de-la-situacion-tras-la-tregua-con-israel","status":"publish","type":"post","link":"https:\/\/www.europesays.com\/es\/271147\/","title":{"rendered":"Directo GAZA | \u00daltima hora, seguimiento de la situaci\u00f3n tras la tregua con Israel"},"content":{"rendered":"<p class=\"ft-text\">El primer ministro israel\u00ed, <strong>Benjam\u00edn Netanyahu<\/strong>, ha nombrado este jueves como<strong> pr\u00f3ximo jefe del Mosad<\/strong> (servicio de inteligencia exterior) a su asesor en materia militar, <strong>Aluf Ronan Gofman, en sustituci\u00f3n de David Barnea<\/strong>, al que reemplazar\u00e1 en junio de 2026 cuando finalice su mandato de cinco a\u00f1os. En un comunicado, la oficina de Netanyahu ha destacado que Gofman, actualmente secretario militar del primer ministro, es el candidato \u00abm\u00e1s digno y m\u00e1s id\u00f3neo para el cargo\u00bb.<\/p>\n<p class=\"ft-text\">La nota destaca que ha ocupado varios puestos en el Ej\u00e9rcito israel\u00ed y que su nombramiento como secretario militar del primer ministro en mayo de 2024 \u00ab<strong>demostr\u00f3 sus excepcionales capacidades profesionales<\/strong>\u00ab. \u00abGofman demostr\u00f3 creatividad, iniciativa, astucia, profundo conocimiento del enemigo, absoluta discreci\u00f3n y secretismo\u00bb, explica el comunicado, donde se resalta su actuaci\u00f3n en la ofensiva israel\u00ed en Gaza, donde result\u00f3 gravemente herido. Seg\u00fan informa el diario &#8216;Times Of Israel&#8217;, el nombramiento se presentar\u00e1 ahora al Comit\u00e9 Asesor de Nombramientos de Altos Cargos para su revisi\u00f3n.<\/p>\n","protected":false},"excerpt":{"rendered":"El primer ministro israel\u00ed, Benjam\u00edn Netanyahu, ha nombrado este jueves como pr\u00f3ximo jefe del Mosad (servicio de inteligencia&hellip;\n","protected":false},"author":2,"featured_media":271148,"comment_status":"","ping_status":"","sticky":false,"template":"","format":"standard","meta":{"footnotes":""},"categories":[42],"tags":[3196,41527,17,18,12495,2125,352,13,14,66590,1256,4513,694,75,11,1458,61,62,63,64,74,19,20,9,10,15,16,76,66589,12,1885,21,22,65,66,67],"class_list":{"0":"post-271147","1":"post","2":"type-post","3":"status-publish","4":"format-standard","5":"has-post-thumbnail","7":"category-internacional","8":"tag-alto","9":"tag-binyamin-netanyahu","10":"tag-breaking-news","11":"tag-breakingnews","12":"tag-conflicto-israel-palestina","13":"tag-directo","14":"tag-donald-trump","15":"tag-featured-news","16":"tag-featurednews","17":"tag-fragil-tregua","18":"tag-franja-de-gaza","19":"tag-fuego","20":"tag-gaza","21":"tag-hamas","22":"tag-headlines","23":"tag-hora","24":"tag-internacional","25":"tag-international","26":"tag-international-news","27":"tag-internationalnews","28":"tag-israel","29":"tag-latest-news","30":"tag-latestnews","31":"tag-news","32":"tag-noticias","33":"tag-noticias-destacadas","34":"tag-noticiasdestacadas","35":"tag-palestina","36":"tag-plan-paz","37":"tag-titulares","38":"tag-ultima","39":"tag-ultimas-noticias","40":"tag-ultimasnoticias","41":"tag-world","42":"tag-world-news","43":"tag-worldnews"},"share_on_mastodon":{"url":"","error":"Validation failed: Text character limit of 500 exceeded"},"_links":{"self":[{"href":"https:\/\/www.europesays.com\/es\/wp-json\/wp\/v2\/posts\/271147","targetHints":{"allow":["GET"]}}],"collection":[{"href":"https:\/\/www.europesays.com\/es\/wp-json\/wp\/v2\/posts"}],"about":[{"href":"https:\/\/www.europesays.com\/es\/wp-json\/wp\/v2\/types\/post"}],"author":[{"embeddable":true,"href":"https:\/\/www.europesays.com\/es\/wp-json\/wp\/v2\/users\/2"}],"replies":[{"embeddable":true,"href":"https:\/\/www.europesays.com\/es\/wp-json\/wp\/v2\/comments?post=271147"}],"version-history":[{"count":0,"href":"https:\/\/www.europesays.com\/es\/wp-json\/wp\/v2\/posts\/271147\/revisions"}],"wp:featuredmedia":[{"embeddable":true,"href":"https:\/\/www.europesays.com\/es\/wp-json\/wp\/v2\/media\/271148"}],"wp:attachment":[{"href":"https:\/\/www.europesays.com\/es\/wp-json\/wp\/v2\/media?parent=271147"}],"wp:term":[{"taxonomy":"category","embeddable":true,"href":"https:\/\/www.europesays.com\/es\/wp-json\/wp\/v2\/categories?post=271147"},{"taxonomy":"post_tag","embeddable":true,"href":"https:\/\/www.europesays.com\/es\/wp-json\/wp\/v2\/tags?post=271147"}],"curies":[{"name":"wp","href":"https:\/\/api.w.org\/{rel}","templated":true}]}}