{"id":271149,"date":"2025-12-04T17:46:10","date_gmt":"2025-12-04T17:46:10","guid":{"rendered":"https:\/\/www.europesays.com\/es\/271149\/"},"modified":"2025-12-04T17:46:10","modified_gmt":"2025-12-04T17:46:10","slug":"israel-ira-al-certamen-y-espana-quedaria-fuera","status":"publish","type":"post","link":"https:\/\/www.europesays.com\/es\/271149\/","title":{"rendered":"Israel ir\u00e1 al certamen y Espa\u00f1a quedar\u00eda fuera"},"content":{"rendered":"<p style=\"\">La asamblea de la Uni\u00f3n Europea de Radiodifusi\u00f3n (UER), reunida estos d\u00edas en Ginebra, ha confirmado finalmente que <strong>Israel participar\u00e1 en Eurovisi\u00f3n 2026.<\/strong> La decisi\u00f3n, adoptada tras una votaci\u00f3n interna que ha dividido profundamente a los pa\u00edses miembros (738 votos a favor y 264  &#8230; en contra y 120 abstenciones), fija el mapa definitivo del festival\u2026 al menos por ahora. Pa\u00edses como Alemania, Italia o Austria se mantendr\u00e1n en la competici\u00f3n, mientras que Espa\u00f1a, Irlanda, Eslovenia y Pa\u00edses Bajos \u2014tal como anunciaron\u2014 <a href=\"https:\/\/www.abc.es\/play\/television\/noticias\/jose-pablo-lopez-eurovision-festival-politizado-existe-20250925124619-nt.html\" target=\"_self\" data-voc-vtm-id=\"in-text-traffic\" title=\"abandonar\u00edan la edici\u00f3n en se\u00f1al de protesta\" rel=\"nofollow noopener\">abandonar\u00edan la edici\u00f3n en se\u00f1al de protesta<\/a>. Pa\u00edses Bajos ha sido el primer pa\u00eds en reafirmar esta decisi\u00f3n minutos despu\u00e9s del resultado, despu\u00e9s ha sido Espa\u00f1a a trav\u00e9s de un comunicado. En el caso espa\u00f1ol, la salida estaba ya anticipada: Espa\u00f1a, tal y como asegur\u00f3 recientemente, no acudir\u00e1 al certamen y tampoco emitir\u00e1 las semifinales ni la final, cumpliendo la l\u00ednea marcada por RTVE y ratificada internamente en los \u00faltimos d\u00edas.<\/p>\n<p class=\"voc-p\" style=\"\">En la reuni\u00f3n, los participantes iban a realizar dos votaciones. La primera era sobre la aceptaci\u00f3n o no de la nueva normativa que ha modificado la UER. Si la votaci\u00f3n sal\u00eda a favor de esta normativa, no se realizar\u00eda la segunda, que era sobre la participaci\u00f3n o no de Israel. Tras el resultado de esa primera votaci\u00f3n sobre las reglas de Eurovisi\u00f3n, con 738 votos a favor, 264 en contra y 120 abstenciones, no han tenido que ejecutar ese segundo voto donde se valoraba la participaci\u00f3n o no de Israel. Con el resultado de la primera, se confirma que la participaci\u00f3n de Israel es una realidad.<\/p>\n<p class=\"voc-p\" style=\"\">Esta votaci\u00f3n, sin embargo, no surge de la nada. Es el desenlace provisional de meses de tensi\u00f3n acumulada dentro de la UER, que ya reconoci\u00f3 en noviembre una <strong>\u00abfuerte fractura interna\u00bb<\/strong> al convocar \u2014y despu\u00e9s cancelar\u2014 una asamblea extraordinaria espec\u00edfica para debatir la situaci\u00f3n de Israel. El ambiente ha sido convulso desde hace tiempo, y se intensific\u00f3 despu\u00e9s de que RTVE, Irlanda, Eslovenia, Pa\u00edses Bajos e Islandia empezaran a cuestionar p\u00fablicamente la presencia de la delegaci\u00f3n israel\u00ed en el festival. En Espa\u00f1a, Jos\u00e9 Pablo L\u00f3pez ya lo advirti\u00f3 la semana pasada durante su comparecencia en la Comisi\u00f3n de control sobre RTVE en el Congreso: \u00ab<a href=\"https:\/\/www.abc.es\/play\/television\/noticias\/rtve-mantiene-posicion-participar-eurovision-israel-incumplido-20251127171929-nt.html\" target=\"_self\" data-voc-vtm-id=\"in-text-traffic\" title=\"Mantenemos la misma posici\u00f3n por dos motivos\" data-mrf-link=\"www.abc.es\" rel=\"nofollow noopener\">Mantenemos la misma posici\u00f3n por dos motivos<\/a>: por el genocidio perpetrado en Gaza y que el festival es un concurso pero los derechos humanos no\u00bb, reafirmando as\u00ed el argumento central de la Corporaci\u00f3n. <\/p>\n<p class=\"voc-p\" style=\"\">Durante la reuni\u00f3n de hoy, el propio L\u00f3pez asegur\u00f3 a trav\u00e9s de sus redes sociales lo siguiente: \u00abLa direcci\u00f3n de UER y Eurovisi\u00f3n van a someter hoy a la organizaci\u00f3n a la mayor tensi\u00f3n interna de su historia. Nunca se deber\u00eda haber llegado a este punto\u00bb. Al mismo tiempo, las tensiones ven\u00edan aliment\u00e1ndose desde la pasada edici\u00f3n, marcada por quejas formales de la p\u00fablica israel\u00ed (KAN)<strong> tras las referencias de los comentaristas espa\u00f1oles a la guerra de Gaza y por el espectacular salto de Israel en el televoto, que llev\u00f3 a RTVE<\/strong> a pedir una auditor\u00eda independiente. Todo ello condujo a la situaci\u00f3n cr\u00edtica que hoy cristaliza en Ginebra.<\/p>\n<blockquote class=\"twitter-tweet\" data-width=\"550\">\n<p lang=\"es\" dir=\"ltr\">La direcci\u00f3n de UER y Eurovisi\u00f3n van a someter hoy a la organizaci\u00f3n a la mayor tensi\u00f3n interna de su historia. Nunca se deber\u00eda haber llegado a este punto. <\/p>\n<p>Las sanciones a Israel por sus incumplimientos reiterados en Eurovision se deber\u00edan haber adoptado en el \u00e1mbito ejecutivo\u2026<\/p>\n<p>\u2014 Jos\u00e9 Pablo L\u00f3pez (@Josepablo_ls) <a href=\"https:\/\/twitter.com\/Josepablo_ls\/status\/1996521519191658831?ref_src=twsrc%5Etfw\" rel=\"nofollow noopener\" target=\"_blank\">December 4, 2025<\/a><\/p><\/blockquote>\n<p class=\"voc-p\" style=\"\">Con Israel confirmado, Espa\u00f1a activa su decisi\u00f3n de abandonar Eurovisi\u00f3n 2026. No obstante, todav\u00eda queda un elemento abierto<a href=\"https:\/\/www.abc.es\/play\/television\/noticias\/rtve-mantiene-posicion-participar-eurovision-israel-incumplido-20251127171929-nt.html\" target=\"_self\" data-voc-vtm-id=\"in-text-traffic\" title=\": la UER mantiene como plazo m\u00e1ximo el 10 de diciembre\" data-mrf-link=\"www.abc.es\" rel=\"nofollow noopener\">: la UER mantiene como plazo m\u00e1ximo el 10 de diciembre<\/a> para que cada pa\u00eds comunique oficialmente su participaci\u00f3n. Aunque RTVE ha sido contundente, esa ventana mantiene viva una m\u00ednima posibilidad de giro si las circunstancias cambiaran, especialmente porque la Corporaci\u00f3n ha venido reclamando durante meses una respuesta m\u00e1s firme del organismo europeo. <\/p>\n<p>\nTensi\u00f3n acumulada\n<\/p>\n<p class=\"voc-p\" style=\"\">Pese a ello, y tras la votaci\u00f3n de hoy, la posici\u00f3n sigue siendo la misma: que Israel participe implica que Espa\u00f1a no acudir\u00e1 ni retransmitir\u00e1 el festival. Esta retirada tiene adem\u00e1s un efecto domin\u00f3: otros cuatro pa\u00edses tambi\u00e9n habr\u00edan decidido confirmar su ausencia, configurando un mapa de Eurovisi\u00f3n 2026 considerablemente reducido. Este impacto podr\u00eda <strong>repercutir en el aspecto econ\u00f3mico y en la narrativa interna de la organizaci\u00f3n,<\/strong> que deber\u00e1 gestionar la p\u00e9rdida simult\u00e1nea de varios miembros activos y de gran tradici\u00f3n eurovisiva.<\/p>\n<p class=\"voc-p\" style=\"\">En los \u00faltimos meses, la UER hab\u00eda intentado frenar esta crisis con un paquete de <a href=\"https:\/\/www.abc.es\/play\/television\/eurovision\/uer-reforma-sistema-votacion-eurovision-combatir-sospechas-20251121120018-nt.html\" target=\"_self\" data-voc-vtm-id=\"in-text-traffic\" title=\"modificaciones normativas dirigido a combatir las sospechas\" rel=\"nofollow noopener\">modificaciones normativas dirigido a combatir las sospechas<\/a> de manipulaci\u00f3n y la influencia exterior que, seg\u00fan RTVE, Israel habr\u00eda ejercido en al menos las dos \u00faltimas ediciones. <strong>La organizaci\u00f3n anunci\u00f3 que el n\u00famero de televotos por espectador se reducir\u00eda de 20 a 10,<\/strong> que se restaurar\u00eda el voto del jurado en semifinales y que se reforzar\u00edan los sistemas de detecci\u00f3n de votaciones fraudulentas o coordinadas. RTVE agradeci\u00f3 estos cambios, pero L\u00f3pez fue rotundo al se\u00f1alar que \u00abLas medidas son necesarias pero insuficientes\u00bb. Adem\u00e1s, insisti\u00f3 en evidenciar que \u00abHa tratado de influir en el resultado al menos en los dos \u00faltimos a\u00f1os y no se ha penalizado. Cualquier otros pa\u00eds que hubiera hecho eso hubiera estado suspendido y sancionado\u00bb. <\/p>\n<p class=\"voc-p\" style=\"\">Pese a todo, la UER ha optado finalmente por permitir la participaci\u00f3n de Israel, un gesto que para <strong>muchas delegaciones implica una renuncia a corregir los desequilibrios internos del sistema de votaci\u00f3n<\/strong>. Para Espa\u00f1a, esta es una se\u00f1al inequ\u00edvoca de que el organismo no est\u00e1 dispuesto a asumir medidas m\u00e1s contundentes, por lo que la retirada se convierte en consecuencia natural de esta falta de acci\u00f3n.<\/p>\n<p>\nLos Big Five\n<\/p>\n<p class=\"voc-p\" style=\"\">La posible marcha de Espa\u00f1a tambi\u00e9n<a href=\"https:\/\/www.abc.es\/play\/television\/salida-big-five-impacto-negativo-economia-visibilidad-20250917162403-nt.html\" target=\"_self\" data-voc-vtm-id=\"in-text-traffic\" title=\" abre un escenario in\u00e9dito para los pa\u00edses del Big Five.\" data-mrf-link=\"www.abc.es\" rel=\"nofollow noopener\"> abre un escenario in\u00e9dito para los pa\u00edses del Big Five.<\/a> Tal como establece el reglamento, la ausencia prolongada de un pa\u00eds supone su exclusi\u00f3n autom\u00e1tica del grupo de los cinco mayores aportantes econ\u00f3micos. De cumplirse, Espa\u00f1a quedar\u00eda fuera de este bloque privilegiado, lo que implica renunciar a su pase directo a la final, a su aportaci\u00f3n espec\u00edfica al festival y al rango estrat\u00e9gico que este estatus otorga dentro de la UER. Sin embargo, RTVE seguir\u00eda siendo miembro de pleno derecho de la organizaci\u00f3n, pagando la cuota general que da acceso a la red europea de noticias y a los derechos deportivos conjuntos. Lo que se extingue es \u00fanicamente su contribuci\u00f3n extraordinaria a Eurovisi\u00f3n, algo sin precedentes recientes. <\/p>\n<p class=\"voc-p\" style=\"\">El equilibrio econ\u00f3mico del certamen podr\u00eda verse afectado de manera notable: <strong>la financiaci\u00f3n del Big Five es uno de los pilares del presupuesto,<\/strong> y la salida de Espa\u00f1a supone un golpe simb\u00f3lico y financiero para el festival. La decisi\u00f3n tomada hoy en Ginebra no solo marca el camino de la edici\u00f3n de 2026, sino que deja a la UER con un desaf\u00edo sin precedentes: reconstruir la unidad interna \u2014o lo que queda de ella\u2014 en un momento de m\u00e1xima fragilidad.<\/p>\n<p><script async src=\"https:\/\/platform.twitter.com\/widgets.js\" charset=\"utf-8\"><\/script><\/p>\n","protected":false},"excerpt":{"rendered":"La asamblea de la Uni\u00f3n Europea de Radiodifusi\u00f3n (UER), reunida estos d\u00edas en Ginebra, ha confirmado finalmente que&hellip;\n","protected":false},"author":2,"featured_media":271150,"comment_status":"","ping_status":"","sticky":false,"template":"","format":"standard","meta":{"footnotes":""},"categories":[8],"tags":[17,18,25,24,24121,13,14,11,15902,74,19,20,9,10,15,16,23,12,21,22],"class_list":{"0":"post-271149","1":"post","2":"type-post","3":"status-publish","4":"format-standard","5":"has-post-thumbnail","7":"category-espana","8":"tag-breaking-news","9":"tag-breakingnews","10":"tag-es","11":"tag-espana","12":"tag-eurovision","13":"tag-featured-news","14":"tag-featurednews","15":"tag-headlines","16":"tag-ira","17":"tag-israel","18":"tag-latest-news","19":"tag-latestnews","20":"tag-news","21":"tag-noticias","22":"tag-noticias-destacadas","23":"tag-noticiasdestacadas","24":"tag-spain","25":"tag-titulares","26":"tag-ultimas-noticias","27":"tag-ultimasnoticias"},"share_on_mastodon":{"url":"https:\/\/pubeurope.com\/@es\/115662552140973434","error":""},"_links":{"self":[{"href":"https:\/\/www.europesays.com\/es\/wp-json\/wp\/v2\/posts\/271149","targetHints":{"allow":["GET"]}}],"collection":[{"href":"https:\/\/www.europesays.com\/es\/wp-json\/wp\/v2\/posts"}],"about":[{"href":"https:\/\/www.europesays.com\/es\/wp-json\/wp\/v2\/types\/post"}],"author":[{"embeddable":true,"href":"https:\/\/www.europesays.com\/es\/wp-json\/wp\/v2\/users\/2"}],"replies":[{"embeddable":true,"href":"https:\/\/www.europesays.com\/es\/wp-json\/wp\/v2\/comments?post=271149"}],"version-history":[{"count":0,"href":"https:\/\/www.europesays.com\/es\/wp-json\/wp\/v2\/posts\/271149\/revisions"}],"wp:featuredmedia":[{"embeddable":true,"href":"https:\/\/www.europesays.com\/es\/wp-json\/wp\/v2\/media\/271150"}],"wp:attachment":[{"href":"https:\/\/www.europesays.com\/es\/wp-json\/wp\/v2\/media?parent=271149"}],"wp:term":[{"taxonomy":"category","embeddable":true,"href":"https:\/\/www.europesays.com\/es\/wp-json\/wp\/v2\/categories?post=271149"},{"taxonomy":"post_tag","embeddable":true,"href":"https:\/\/www.europesays.com\/es\/wp-json\/wp\/v2\/tags?post=271149"}],"curies":[{"name":"wp","href":"https:\/\/api.w.org\/{rel}","templated":true}]}}