{"id":271151,"date":"2025-12-04T17:47:22","date_gmt":"2025-12-04T17:47:22","guid":{"rendered":"https:\/\/www.europesays.com\/es\/271151\/"},"modified":"2025-12-04T17:47:22","modified_gmt":"2025-12-04T17:47:22","slug":"el-ayuntamiento-recurrira-la-exclusion-de-la-nueva-subestacion-electrica-de-las-inversiones-del-estado-ayuntamiento-de-alcala-la-real","status":"publish","type":"post","link":"https:\/\/www.europesays.com\/es\/271151\/","title":{"rendered":"El Ayuntamiento recurrir\u00e1 la exclusi\u00f3n de la nueva subestaci\u00f3n el\u00e9ctrica de las inversiones del Estado \u2013 Ayuntamiento de Alcal\u00e1 la Real"},"content":{"rendered":"<p><strong>El Consistorio advierte de la saturaci\u00f3n de la red y anuncia que presentar\u00e1 alegaciones para revertir esta exclusi\u00f3n que condiciona el desarrollo industrial del municipio<\/strong><\/p>\n<p>El alcalde, <strong>Marino Aguilera<\/strong>, y la concejal de Obras y Servicios, <strong>Mercedes Flores<\/strong>, han comparecido hoy en rueda de prensa para trasladar a la opini\u00f3n p\u00fablica la \u201cmala noticia\u201d que supone la exclusi\u00f3n de la subestaci\u00f3n el\u00e9ctrica del <strong>Llano Mazuelos<\/strong> en la propuesta de inversiones en infraestructuras el\u00e9ctricas 2025-2030 publicada por el <strong>Ministerio para la Transici\u00f3n Ecol\u00f3gica y el Reto Demogr\u00e1fico<\/strong>.<\/p>\n<p><strong>Aguilera<\/strong> ha recordado que la inclusi\u00f3n de la subestaci\u00f3n en la planificaci\u00f3n el\u00e9ctrica del <strong>Gobierno<\/strong> ha sido un objetivo prioritario del <strong>Ayuntamiento<\/strong>, consiguiendo que la <strong>Junta de Andaluc\u00eda<\/strong> la priorizara en la propuesta de actuaciones que present\u00f3 en marzo de 2024 al <strong>Ministerio<\/strong>. Asimismo, meses atr\u00e1s la <strong>Corporaci\u00f3n municipal<\/strong> apoy\u00f3 en bloque la petici\u00f3n de su inclusi\u00f3n en la planificaci\u00f3n estatal.<\/p>\n<p>El <strong>alcalde<\/strong> se ha referido a la precaria situaci\u00f3n de la red el\u00e9ctrica en el municipio. La saturaci\u00f3n de la red de media y alta tensi\u00f3n, provoca inestabilidad en el suministro y huecos de tensi\u00f3n o microcortes que desde octubre se producen dos y tres veces diarias, con especial intensidad en pol\u00edgonos industriales y aldeas. Una situaci\u00f3n que, a su juicio, genera graves perjuicios econ\u00f3micos y de competitividad al tejido empresarial, que se ve obligado a detener su actividad, poniendo en riesgo plazos de producci\u00f3n.<\/p>\n<p><img fetchpriority=\"high\" decoding=\"async\" class=\"alignnone size-full wp-image-71403\" src=\"https:\/\/www.europesays.com\/es\/wp-content\/uploads\/2025\/12\/IMG_5238.jpeg\" alt=\"\" width=\"1936\" height=\"1444\"  \/><br \/>\u201cAlgunas empresas estiman p\u00e9rdidas cercanas a 300.000\u20ac al a\u00f1o. Adem\u00e1s, la falta de estabilidad repercute en hogares e incluso en la salud p\u00fablica, con aver\u00edas en electrodom\u00e9sticos o incidencias en dispositivos m\u00e9dicos esenciales como respiradores\u201d, ha indicado <strong>Aguilera<\/strong>.<\/p>\n<p><strong>Flores<\/strong>, por su parte, ha detallado el volumen de desarrollo industrial previsto en el t\u00e9rmino, con 38.000 m\u00b2 de superficie en la unidad de ejecuci\u00f3n SA4 del <strong>Llano Mazuelos<\/strong>, 91.000 m\u00b2 adicionales en el entorno de <strong>Bandesur<\/strong>, 160.000 m\u00b2 vinculados a un plan parcial inminente ya registrado en el <strong>Ayuntamiento<\/strong>, y otros 15.000 m\u00b2 en el pol\u00edgono <strong>El Chaparral<\/strong>.<\/p>\n<p>La <strong>edil<\/strong> ha defendido que la <strong>subestaci\u00f3n proyectada<\/strong>, una infraestructura de 220 kV estimada en 6,5 millones de euros, que se nutrir\u00eda de la l\u00ednea <strong>Caparacena-And\u00fajar <\/strong>desde un ramal por el municipio vecino de <strong>Campot\u00e9jar<\/strong>, \u201cno solo es necesaria para dar estabilidad a la red, sino que tambi\u00e9n permitir\u00eda la evacuaci\u00f3n de las de las infraestructuras renovables de nuestra zona as\u00ed como la implantaci\u00f3n de nuevas empresas, dando cobertura a futuras ampliaciones\u201d.<\/p>\n<p>Ambos dirigentes han insistido en que \u201csin estabilidad energ\u00e9tica no existe expansi\u00f3n posible\u201d. La propuesta del <strong>gobierno de Espa\u00f1a <\/strong>supone, seg\u00fan el <strong>alcalde<\/strong>, \u201cun aut\u00e9ntico rev\u00e9s. De las 111 actuaciones solicitadas por la Junta, el Ministerio solo incorpora 25, destinando solo el 11% de inversi\u00f3n a Andaluc\u00eda frente a m\u00e1s del 20% asignado a Catalu\u00f1a. Es insuficiente, discriminatorio y condena a Alcal\u00e1 a una d\u00e9cada m\u00e1s de infradotaci\u00f3n\u201d.<\/p>\n<p><img loading=\"lazy\" decoding=\"async\" class=\"alignnone size-full wp-image-71404\" src=\"https:\/\/www.europesays.com\/es\/wp-content\/uploads\/2025\/12\/33b3b87c-3078-494a-93f3-4082b6eac2ea.jpeg\" alt=\"\" width=\"1600\" height=\"1131\"  \/><br \/>Ante esta situaci\u00f3n, el <strong>Ayuntamiento<\/strong> prepara una bater\u00eda de alegaciones que se presentar\u00e1n antes del 16 de diciembre, en coordinaci\u00f3n con la Consejer\u00eda de Industria de la <strong>Junta de Andaluc\u00eda<\/strong>, que tambi\u00e9n formalizar\u00e1 su propio escrito. El <strong>gobierno local<\/strong> solicitar\u00e1 igualmente el respaldo y la firma de empresas del municipio para reforzar la petici\u00f3n institucional, adem\u00e1s de tratar de activar nuevos contactos directos con responsables del <strong>Ministerio de Transici\u00f3n Ecol\u00f3gica.<\/strong><\/p>\n","protected":false},"excerpt":{"rendered":"El Consistorio advierte de la saturaci\u00f3n de la red y anuncia que presentar\u00e1 alegaciones para revertir esta exclusi\u00f3n&hellip;\n","protected":false},"author":2,"featured_media":271152,"comment_status":"","ping_status":"","sticky":false,"template":"","format":"standard","meta":{"footnotes":""},"categories":[5],"tags":[17,18,25,24,13,14,11,19,20,9,10,15,16,23,12,21,22],"class_list":{"0":"post-271151","1":"post","2":"type-post","3":"status-publish","4":"format-standard","5":"has-post-thumbnail","7":"category-titulares","8":"tag-breaking-news","9":"tag-breakingnews","10":"tag-es","11":"tag-espana","12":"tag-featured-news","13":"tag-featurednews","14":"tag-headlines","15":"tag-latest-news","16":"tag-latestnews","17":"tag-news","18":"tag-noticias","19":"tag-noticias-destacadas","20":"tag-noticiasdestacadas","21":"tag-spain","22":"tag-titulares","23":"tag-ultimas-noticias","24":"tag-ultimasnoticias"},"share_on_mastodon":{"url":"https:\/\/pubeurope.com\/@es\/115662556387443343","error":""},"_links":{"self":[{"href":"https:\/\/www.europesays.com\/es\/wp-json\/wp\/v2\/posts\/271151","targetHints":{"allow":["GET"]}}],"collection":[{"href":"https:\/\/www.europesays.com\/es\/wp-json\/wp\/v2\/posts"}],"about":[{"href":"https:\/\/www.europesays.com\/es\/wp-json\/wp\/v2\/types\/post"}],"author":[{"embeddable":true,"href":"https:\/\/www.europesays.com\/es\/wp-json\/wp\/v2\/users\/2"}],"replies":[{"embeddable":true,"href":"https:\/\/www.europesays.com\/es\/wp-json\/wp\/v2\/comments?post=271151"}],"version-history":[{"count":0,"href":"https:\/\/www.europesays.com\/es\/wp-json\/wp\/v2\/posts\/271151\/revisions"}],"wp:featuredmedia":[{"embeddable":true,"href":"https:\/\/www.europesays.com\/es\/wp-json\/wp\/v2\/media\/271152"}],"wp:attachment":[{"href":"https:\/\/www.europesays.com\/es\/wp-json\/wp\/v2\/media?parent=271151"}],"wp:term":[{"taxonomy":"category","embeddable":true,"href":"https:\/\/www.europesays.com\/es\/wp-json\/wp\/v2\/categories?post=271151"},{"taxonomy":"post_tag","embeddable":true,"href":"https:\/\/www.europesays.com\/es\/wp-json\/wp\/v2\/tags?post=271151"}],"curies":[{"name":"wp","href":"https:\/\/api.w.org\/{rel}","templated":true}]}}