{"id":271153,"date":"2025-12-04T17:52:13","date_gmt":"2025-12-04T17:52:13","guid":{"rendered":"https:\/\/www.europesays.com\/es\/271153\/"},"modified":"2025-12-04T17:52:13","modified_gmt":"2025-12-04T17:52:13","slug":"si-quiero-ser-yo-misma-tengo-que-dar-este-paso","status":"publish","type":"post","link":"https:\/\/www.europesays.com\/es\/271153\/","title":{"rendered":"Si quiero ser yo misma, tengo que dar este paso"},"content":{"rendered":"<p class=\"ft-text\">Los conflictos m\u00e1s all\u00e1 del deporte han tenido repercusi\u00f3n<a class=\"ft-link ft-link--decoration\" href=\"https:\/\/www.sport.es\/es\/noticias\/tenis\/alcaraz-dibuja-plan-open-australia-124416064\" rel=\"nofollow noopener\" target=\"_blank\"> en el mundo del tenis.<\/a> Principalmente en el femenino, donde varias estrellas rusas han optado por cambiar su ciudadan\u00eda desde el a\u00f1o 2022.<strong> El \u00faltimo caso es el de Anastasia Potapova, jugadora consolidada en el top-50 del mundo, que a partir de la pr\u00f3xima temporada representar\u00e1 a Austria en la pista. <\/strong><\/p>\n<p class=\"ft-text\">\u00abEstoy encantada de informarles a todos que mi solicitud de ciudadan\u00eda ha sido aceptada por el Gobierno austriaco. Austria es un lugar que me encanta, es incre\u00edblemente acogedor y me siento como en casa. Me encanta estar en Viena y espero convertirla en mi segundo hogar. <strong>Como parte de esto, me enorgullece anunciar que, a partir de 2026, representar\u00e9 a mi nueva patria, Austria, en mi carrera profesional de tenis<\/strong>\u00ab, asegur\u00f3 Potapova en un comunicado.<\/p>\n<p><img decoding=\"async\" src=\"https:\/\/www.europesays.com\/es\/wp-content\/uploads\/2025\/12\/fc5d5370-7e10-49ec-b234-19342ce2599f_alta-libre-aspect-ratio_default_0.jpg\" width=\"1200\" height=\"675\" alt=\"Potapova, durante un partido\" class=\"ft-helper-img-rd\" loading=\"lazy\"\/><\/p>\n<p class=\"ft-helper-fontColor-quaternary ft-helper-fontSize-body-S ft-helper-spacer-t-xxs\">Potapova, durante un partido  \/ X<\/p>\n<p class=\"ft-text\">Un movimiento que no ha gustado a todo el mundo, y menos al vicepresidente de la Federaci\u00f3n Rusa de Tenis, Yevgeny Kafelnikov. \u00ab<strong>\u00bfQu\u00e9 ha ganado para Rusia? Nadie puede nombrar nada y yo tampoco. Que tenga suerte<\/strong>\u00ab, asegur\u00f3 tras conocer la noticia. Potapova no es una tenista cualquiera, ya que l<strong>leg\u00f3 a ser n\u00famero 1 del mundo j\u00fanior y alcanz\u00f3 el n\u00famero 21 del ranking WTA<\/strong> en el a\u00f1o 2023.<\/p>\n<p class=\"ft-text\"><strong>La decisi\u00f3n de Potapova se produce apenas unos d\u00edas despu\u00e9s de que hiciera lo mismo Kamila Rahkimova<\/strong>, que en su caso representar\u00e1 a Uzbekist\u00e1n a partir de enero. Dos casos m\u00e1s encontramos en el a\u00f1o 2025, con Maria Timofeeva cambiando su nacionalidad tambi\u00e9n a la uzbeka, y Daria Kasatkina a la australiana. Un sorprendente \u00e9xodo cuatro a\u00f1os despu\u00e9s de que diera inicio el conflicto.<\/p>\n<p><img decoding=\"async\" src=\"https:\/\/www.europesays.com\/es\/wp-content\/uploads\/2025\/12\/00f62189-e561-4af5-b67b-0b229a089d83_alta-libre-aspect-ratio_default_0.jpg\" width=\"1200\" height=\"675\" alt=\"Bublik, se ha apuntado su cuarto t\u00edtulo del a\u00f1o despu\u00e9s de derrotar a Valentin Royer en la final del ATP 250 de Hangzhou\" class=\"ft-helper-img-rd\" loading=\"lazy\"\/><\/p>\n<p class=\"ft-helper-fontColor-quaternary ft-helper-fontSize-body-S ft-helper-spacer-t-xxs\">Alexander Bublik representa a Kazajist\u00e1n  \/ FABIO FRUSTACI<\/p>\n<p class=\"ft-text\">En el caso de Kasatkina, ella fue muy cr\u00edtica con su pa\u00eds. \u00abEstoy muy contenta de comenzar este nuevo cap\u00edtulo en mi vida. Con todo lo que est\u00e1 pasando en mi anterior pa\u00eds, no me quedaban muchas otras opciones. <strong>Para m\u00ed, siendo abiertamente homosexual, si quiero ser yo misma, tengo que dar este paso<\/strong>\u00ab, coment\u00f3, afirmando que existe represi\u00f3n hacia la comunidad LGTB en Rusia.<\/p>\n<p>Casos en el circuito masculino<\/p>\n<p class=\"ft-text\">En el circuito masculino, tan solo hay dos ejemplos de tenista ruso que haya optado por representar a otra bandera. <strong>Uno es Alexander Shevchenko<\/strong>, que desde enero de 2024 se considera un tenista kazajo. \u00abEstoy muy orgulloso de ello y no puedo esperar a pisar la cancha, tratando de crear momentos memorables para m\u00ed y para el pa\u00eds\u00bb. <strong>Lo mismo hizo Alexander Bublik dos a\u00f1os antes, sobre todo por razones financieras.<\/strong><\/p>\n<p class=\"ft-text\">Existen varios casos m\u00e1s de tenistas que han decidido, sea por el motivo que sea, <strong>abandonar su nacionalidad y rehacer su vida en otro lugar del mundo. <\/strong>Una tendencia que, a\u00f1os despu\u00e9s, no ha hecho m\u00e1s que incrementar y que deja a Rusia con cada vez menos tenistas que sigan representando su bandera, aunque todav\u00eda lo hagan con la neutral.<\/p>\n","protected":false},"excerpt":{"rendered":"Los conflictos m\u00e1s all\u00e1 del deporte han tenido repercusi\u00f3n en el mundo del tenis. Principalmente en el femenino,&hellip;\n","protected":false},"author":2,"featured_media":271154,"comment_status":"","ping_status":"","sticky":false,"template":"","format":"standard","meta":{"footnotes":""},"categories":[274],"tags":[168,25,24,1614,23,167,327,326,3123],"class_list":{"0":"post-271153","1":"post","2":"type-post","3":"status-publish","4":"format-standard","5":"has-post-thumbnail","7":"category-tenis","8":"tag-deportes","9":"tag-es","10":"tag-espana","11":"tag-rusia","12":"tag-spain","13":"tag-sports","14":"tag-tenis","15":"tag-tennis","16":"tag-wta"},"share_on_mastodon":{"url":"https:\/\/pubeurope.com\/@es\/115662576059286984","error":""},"_links":{"self":[{"href":"https:\/\/www.europesays.com\/es\/wp-json\/wp\/v2\/posts\/271153","targetHints":{"allow":["GET"]}}],"collection":[{"href":"https:\/\/www.europesays.com\/es\/wp-json\/wp\/v2\/posts"}],"about":[{"href":"https:\/\/www.europesays.com\/es\/wp-json\/wp\/v2\/types\/post"}],"author":[{"embeddable":true,"href":"https:\/\/www.europesays.com\/es\/wp-json\/wp\/v2\/users\/2"}],"replies":[{"embeddable":true,"href":"https:\/\/www.europesays.com\/es\/wp-json\/wp\/v2\/comments?post=271153"}],"version-history":[{"count":0,"href":"https:\/\/www.europesays.com\/es\/wp-json\/wp\/v2\/posts\/271153\/revisions"}],"wp:featuredmedia":[{"embeddable":true,"href":"https:\/\/www.europesays.com\/es\/wp-json\/wp\/v2\/media\/271154"}],"wp:attachment":[{"href":"https:\/\/www.europesays.com\/es\/wp-json\/wp\/v2\/media?parent=271153"}],"wp:term":[{"taxonomy":"category","embeddable":true,"href":"https:\/\/www.europesays.com\/es\/wp-json\/wp\/v2\/categories?post=271153"},{"taxonomy":"post_tag","embeddable":true,"href":"https:\/\/www.europesays.com\/es\/wp-json\/wp\/v2\/tags?post=271153"}],"curies":[{"name":"wp","href":"https:\/\/api.w.org\/{rel}","templated":true}]}}