{"id":271159,"date":"2025-12-04T17:56:11","date_gmt":"2025-12-04T17:56:11","guid":{"rendered":"https:\/\/www.europesays.com\/es\/271159\/"},"modified":"2025-12-04T17:56:11","modified_gmt":"2025-12-04T17:56:11","slug":"los-jokers-de-hansi-flick","status":"publish","type":"post","link":"https:\/\/www.europesays.com\/es\/271159\/","title":{"rendered":"Los &#8216;jokers&#8217; de Hansi Flick"},"content":{"rendered":"<p class=\"ft-text\"><strong>En un equipo de f\u00fatbol, as\u00ed como en otros \u00f3rdenes de la vida, tiene que haber perfiles de todo tipo. <\/strong>Es necesario, no todos pueden ser estrellas y para que \u00e9stas brillen, hacen falta &#8216;obreros&#8217;, eso s\u00ed, muy cualificados. Los casos de Eric Garcia y Gerard Mart\u00edn son paradigm\u00e1ticos, dos jugadores que responden all\u00e1 donde les sit\u00fae el entrenador, polivalentes y que est\u00e1n sabiendo aprovechar una oportunidad que quiz\u00e1s pocos esperaban que pod\u00edan tener. <a class=\"ft-link ft-link--decoration\" href=\"https:\/\/www.sport.es\/es\/noticias\/barca\/resumen-goles-resultado-barcelona-atletico-madrid-liga-camp-nou-124373798\" rel=\"nofollow noopener\" target=\"_blank\">Dos futbolistas que est\u00e1n salvando a Hansi Flick de m\u00e1s de un apuro. Por eso el t\u00e9cnico alem\u00e1n les tiene tanta confianza.<\/a><\/p>\n<p>Eric Garcia, el &#8216;enmascarado&#8217; m\u00e1s fiable<\/p>\n<p class=\"ft-text\"><strong>Si un nombre tuviera que acompa\u00f1ar el t\u00e9rmino polivalencia, esta ser\u00eda el de Eric Garcia. <\/strong>Es una barbaridad lo que est\u00e1 haciendo el de Martorell esta temporada. De los 20 partidos jugados, en 11 ha actuado como central, en 5 de lateral derecho, en 3 de mediocentro y en 1, como\u00a0lateral\u00a0zurdo. En el eje, adem\u00e1s, ha ocupado los dos perfiles, tanto el diestro, que es el suyo natural (asiempre que ha coincidido con Christensen), como el zurdo (siempre que ha acompa\u00f1ado a Araujo).<\/p>\n<p class=\"ft-text\">Y cuando ha formado pareja de centrales con Pau Cubars\u00ed (en 5 ocasiones de inicio) se ha dado un curioso fen\u00f3meno. <strong>Flick empez\u00f3 ubicando a &#8216;Cuba&#8217; en el perfil izquierdo para que Eric se sintiera m\u00e1s seguro, pero el de Martorell le ha acabado d\u00e1ndoles la vuelta<\/strong> y ahora, cuando coinciden, es quien se desplaza, pues sigue respondiendo a un alt\u00edsimo nivel pese a aumentarle la dificultad.<\/p>\n<p><img decoding=\"async\" src=\"https:\/\/www.europesays.com\/es\/wp-content\/uploads\/2025\/12\/76a9a726-3158-4c48-9f69-c7bca3b59aaf_alta-libre-aspect-ratio_default_0.jpg\" width=\"1200\" height=\"800\" alt=\"Eric Garcia luci\u00f3 el brazalete de capit\u00e1n ante el Atl\u00e9tico\" class=\"ft-helper-img-rd\" loading=\"lazy\"\/><\/p>\n<p class=\"ft-helper-fontColor-quaternary ft-helper-fontSize-body-S ft-helper-spacer-t-xxs\">Eric Garcia luci\u00f3 el brazalete de capit\u00e1n ante el Atl\u00e9tico  \/ Joan Monfort \/ AP<\/p>\n<p class=\"ft-text\">Los \u00faltimos partidos, no obstante, los ha jugado Eric Garcia como pivote defensivo. Contra el Atl\u00e9tico de Madrid firm\u00f3 otra notable actuaci\u00f3n. Protegi\u00f3 a Pedri en el retorno del tinerfe\u00f1o a la titularidad y se dedic\u00f3 a tareas m\u00e1s oscuras pero muy necesarias. Entre otras acciones destacadas del juego, gan\u00f3 4 duelos por el suelo de 6, realiz\u00f3 4 despejes o firm\u00f1o un alt\u00edsimo 94 por ciento de precisi\u00f3n en los pases en campo propi (16 sobre 17).<\/p>\n<p class=\"ft-text\"><a class=\"ft-link ft-link--decoration\" href=\"https:\/\/www.sport.es\/es\/noticias\/barca\/eric-garcia-lleva-mascara-123515196\" rel=\"nofollow noopener\" target=\"_blank\">La m\u00e1scara protectora despu\u00e9s de fracturarse la nariz en Brujas le da a Eric un aspecto todav\u00eda m\u00e1s bragador, de superh\u00e9roe que todo lo puede.<\/a><\/p>\n<p>Gerard Mart\u00edn, el triunfo de la perseverancia<\/p>\n<p class=\"ft-text\">Gerard Mart\u00edn es lo que aparenta en el campo. No enga\u00f1a. Un chico sencillo, que ha llegado desde abajo, que se lo ha currado y que no llama excesivamente la atenci\u00f3n, pero nunca falla y siempre est\u00e1 ah\u00ed. Pasar del lateral izquierdo al central como si nada y responder a la exigencia de un rival como el Atl\u00e9tico de Madrid no es nada f\u00e1cil. <a class=\"ft-link ft-link--decoration\" href=\"https:\/\/www.sport.es\/es\/noticias\/barca\/gerard-martin-iba-camp-nou-123883813\" rel=\"nofollow noopener\" target=\"_blank\">De la manera que hace las cosas el de Esplugues de Llobregat podr\u00eda parecerlo, pero no lo es.<\/a><\/p>\n<p class=\"ft-text\">Se necesita tener confianza en las propias posibilidades, no asustarse ante los retos y trabajar mucho el cambio en los entrenamientos. Flick lo estuvo probando en las \u00faltimas semanas hasta que consider\u00f3 que Gerard estaba prepaparado para ser central en el perfil zurdo. Ya son tres partidos en esta posici\u00f3n, los tres de Liga y los tres, en el Camp Nou. Tres victorias. Incontestable.<\/p>\n<p><img decoding=\"async\" src=\"https:\/\/www.europesays.com\/es\/wp-content\/uploads\/2025\/12\/4e3cf012-bf40-43a5-9e24-29e1356186fe_alta-libre-aspect-ratio_default_0.jpg\" width=\"1200\" height=\"675\" alt=\"Gerard Mart\u00edn le quita la gorra verde a Ferm\u00edn en la celebraci\u00f3n del 3-1\" class=\"ft-helper-img-rd\" loading=\"lazy\"\/><\/p>\n<p class=\"ft-helper-fontColor-quaternary ft-helper-fontSize-body-S ft-helper-spacer-t-xxs\">Gerard Mart\u00edn le quita la gorra verde a Ferm\u00edn en la celebraci\u00f3n del 3-1  \/ Valent\u00ed Enrich<\/p>\n<p class=\"ft-text\">Contra el Atl\u00e9tico el martes, buena participaci\u00f3n con 83 toques de bal\u00f3n, 2 de 2 duelos a\u00e9reos ganados, y 88 por ciento de precisi\u00f3n en el pase (58 de 66). <strong>N\u00fameros que ayudan a entender porqu\u00e9 es un futbolista que se ha convertido en una pieza clave del engranaje del equipo.<\/strong><\/p>\n<p class=\"ft-text\">Eric Garcia ha jugado todos los partidos con el Bar\u00e7a esta temporada (17 de los 20 como titular); Gerard Mart\u00edn solo se ha perdido dos y est\u00e1 en el top-5 de participaci\u00f3n de la plantilla azulgrana. Entre ambos, se reparten 7 posiciones. <strong>Son los &#8216;jokers&#8217; de Hansi Flick.<\/strong><\/p>\n","protected":false},"excerpt":{"rendered":"En un equipo de f\u00fatbol, as\u00ed como en otros \u00f3rdenes de la vida, tiene que haber perfiles de&hellip;\n","protected":false},"author":2,"featured_media":271160,"comment_status":"","ping_status":"","sticky":false,"template":"","format":"standard","meta":{"footnotes":""},"categories":[268],"tags":[2296,66591,210,1512,168,10445,25,24,280,282,25696,13342,20966,46337,281,23,167],"class_list":{"0":"post-271159","1":"post","2":"type-post","3":"status-publish","4":"format-standard","5":"has-post-thumbnail","7":"category-futbol","8":"tag-barca","9":"tag-barca-atletico","10":"tag-barcelona","11":"tag-central","12":"tag-deportes","13":"tag-eric-garcia","14":"tag-es","15":"tag-espana","16":"tag-football","17":"tag-futbol","18":"tag-gerard-martin","19":"tag-hansi-flick","20":"tag-pivote","21":"tag-polivalencia","22":"tag-soccer","23":"tag-spain","24":"tag-sports"},"share_on_mastodon":{"url":"https:\/\/pubeurope.com\/@es\/115662591589495795","error":""},"_links":{"self":[{"href":"https:\/\/www.europesays.com\/es\/wp-json\/wp\/v2\/posts\/271159","targetHints":{"allow":["GET"]}}],"collection":[{"href":"https:\/\/www.europesays.com\/es\/wp-json\/wp\/v2\/posts"}],"about":[{"href":"https:\/\/www.europesays.com\/es\/wp-json\/wp\/v2\/types\/post"}],"author":[{"embeddable":true,"href":"https:\/\/www.europesays.com\/es\/wp-json\/wp\/v2\/users\/2"}],"replies":[{"embeddable":true,"href":"https:\/\/www.europesays.com\/es\/wp-json\/wp\/v2\/comments?post=271159"}],"version-history":[{"count":0,"href":"https:\/\/www.europesays.com\/es\/wp-json\/wp\/v2\/posts\/271159\/revisions"}],"wp:featuredmedia":[{"embeddable":true,"href":"https:\/\/www.europesays.com\/es\/wp-json\/wp\/v2\/media\/271160"}],"wp:attachment":[{"href":"https:\/\/www.europesays.com\/es\/wp-json\/wp\/v2\/media?parent=271159"}],"wp:term":[{"taxonomy":"category","embeddable":true,"href":"https:\/\/www.europesays.com\/es\/wp-json\/wp\/v2\/categories?post=271159"},{"taxonomy":"post_tag","embeddable":true,"href":"https:\/\/www.europesays.com\/es\/wp-json\/wp\/v2\/tags?post=271159"}],"curies":[{"name":"wp","href":"https:\/\/api.w.org\/{rel}","templated":true}]}}