{"id":271161,"date":"2025-12-04T17:57:10","date_gmt":"2025-12-04T17:57:10","guid":{"rendered":"https:\/\/www.europesays.com\/es\/271161\/"},"modified":"2025-12-04T17:57:10","modified_gmt":"2025-12-04T17:57:10","slug":"si-los-espanoles-estamos-de-acuerdo-en-algo-es-que-no-fue-bueno","status":"publish","type":"post","link":"https:\/\/www.europesays.com\/es\/271161\/","title":{"rendered":"Si los espa\u00f1oles estamos de acuerdo en algo es que no fue bueno"},"content":{"rendered":"<p class=\"article-text\">\n        <strong>Ver\u00f3nica S\u00e1nchez<\/strong> ha tomado asiento en el estudio de <strong>Hoy por hoy<\/strong>, espacio matinal de la Cadena SER conducido por \u00c0ngels Barcel\u00f3, para reflexionar sobre su carrera tras el <a href=\"https:\/\/www.eldiario.es\/vertele\/videos\/trailers-y-avances\/atresmedia-pone-fecha-estreno-lanza-trailer-hijas-criada-serie-firma-sonsoles-onega_8_12644095.html\" target=\"_blank\" data-mrf-recirculation=\"links-noticia\" class=\"link\" rel=\"nofollow noopener\">estreno de <\/a><a href=\"https:\/\/www.eldiario.es\/vertele\/videos\/trailers-y-avances\/atresmedia-pone-fecha-estreno-lanza-trailer-hijas-criada-serie-firma-sonsoles-onega_8_12644095.html\" target=\"_blank\" data-mrf-recirculation=\"links-noticia\" class=\"link\" rel=\"nofollow noopener\">Las hijas de la criada<\/a> en Atresplayer. Recordando sus inicios en la profesi\u00f3n, la m\u00edtica serie <strong>Los Serrano<\/strong> ha salido a relucir por ese pol\u00e9mico desenlace del que se sigue hablando 17 a\u00f1os despu\u00e9s de su emisi\u00f3n. Despu\u00e9s de 147 cap\u00edtulos, todo result\u00f3 ser un sue\u00f1o de Diego Serrano, interpretado por <strong>Antonio Resines<\/strong>.\n    <\/p>\n<p>    <a href=\"https:\/\/www.eldiario.es\/vertele\/noticias\/javier-bodalo-los-serrano-bullying-acoso-escolar-diez-entrevista-codigo-10_1_12724539.html\" data-mrf-recirculation=\"saber-mas\" data-dl-event=\"saber-mas\" rel=\"nofollow noopener\" target=\"_blank\"><\/p>\n<p class=\"know-more__title\">Javier B\u00f3dalo recuerda el acoso que sufri\u00f3 por su personaje de &#8216;Los Serrano&#8217;: \u00abSe convirti\u00f3 en un suplicio\u00bb<\/p>\n<p>            <img decoding=\"async\" class=\"lazy\" loading=\"lazy\" data-src=\"https:\/\/static.eldiario.es\/clip\/97b65c15-43e9-4112-97c0-9d07b44da67c_16-9-aspect-ratio_default_0.jpg\" src=\"data:image\/svg+xml,%3Csvg xmlns=\" http:=\"\" viewbox=\"0 0 880 495\" alt=\"Javier B\u00f3dalo recuerda el acoso que sufri\u00f3 por su personaje de 'Los Serrano': &quot;Se convirti\u00f3 en un suplicio&quot;\"\/><\/p>\n<p>                        <\/a><\/p>\n<p class=\"article-text\">\n        La actriz dej\u00f3 su trabajo como camarera en Sevilla, gracias al director Fernando Colomo, para dar el salto a la interpretaci\u00f3n con Al sur de Granada. Despu\u00e9s de ser nominada a los Premios Goya por primera vez, la vida de S\u00e1nchez cambi\u00f3 por completo al conocer a Resines: le brind\u00f3 su ayuda para conseguir un papel en la serie de <strong>Telecinco<\/strong>, dando vida a <strong>Eva Capdevila<\/strong>, la hijastra del protagonista. \u201c<strong>Hazlo bien, si la cagas es culpa tuya\u201d<\/strong>, le dijo respecto al casting.\n    <\/p>\n<p class=\"article-text\">\n        Con la ficci\u00f3n en el centro de la conversaci\u00f3n, su pol\u00e9mico final ha salido a relucir: \u201cSi los espa\u00f1oles somos capaces de ponernos de acuerdo en algo es en que<strong> ese final no fue bueno<\/strong>\u201d. La int\u00e9rprete ha hecho alusi\u00f3n a la aparente divisi\u00f3n constante que vive nuestra sociedad, destacando que el desenlace de Los Serrano es un curioso punto de encuentro. A su juicio, \u201ccuando una serie se alarga tanto en el tiempo, se empiezan a <strong>abrir puertas<\/strong> y a ver luego <strong>c\u00f3mo las cierras<\/strong>\u201d.\n    <\/p>\n<p class=\"article-text\">\n        Si bien es cierto, esta realidad no solo afect\u00f3 a Los Serrano. Ver\u00f3nica S\u00e1nchez ha citado desde la Cadena SER, entre risas, otras producciones como <strong>Perdidos<\/strong>: \u201cAcababa la serie y dec\u00edas: &#8216;\u00bfY los osos polares y el humo negro? \u00bfMe lo van a aclarar?&#8217;. <strong>Pues con nosotros igual<\/strong>\u201d. La m\u00edtica producci\u00f3n de Telecinco cont\u00f3 con 147 episodios divididos en ocho temporadas, con un sinf\u00edn de tramas y nuevos personajes que impidieron un final a la altura de su \u00e9xito durante tanto tiempo.\n    <\/p>\n<p>    <a href=\"https:\/\/www.eldiario.es\/vertele\/noticias\/justicia-ordena-atresmedia-entregar-creadores-no-hay-viva-informacion-explotacion_1_12815740.html\" data-mrf-recirculation=\"saber-mas-abajo\" data-dl-event=\"saber-mas-abajo\" rel=\"nofollow noopener\" target=\"_blank\"><\/p>\n<p class=\"know-more__title\">La Justicia ordena a Atresmedia entregar a los creadores de &#8216;Aqu\u00ed no hay quien viva&#8217; informaci\u00f3n sobre su explotaci\u00f3n<\/p>\n<p>            <img decoding=\"async\" class=\"lazy\" loading=\"lazy\" data-src=\"https:\/\/static.eldiario.es\/clip\/7f927e4c-9677-41b9-9238-5ef88c4e291b_16-9-aspect-ratio_default_0.jpg\" src=\"data:image\/svg+xml,%3Csvg xmlns=\" http:=\"\" viewbox=\"0 0 880 495\" alt=\"La Justicia ordena a Atresmedia entregar a los creadores de 'Aqu\u00ed no hay quien viva' informaci\u00f3n sobre su explotaci\u00f3n\"\/><\/p>\n<p>                        <\/a><\/p>\n<p>    Antonio Resines y Bel\u00e9n Rueda abordaron el final de &#8216;Los Serrano&#8217; a\u00f1os antes<\/p>\n<p class=\"article-text\">\n        Sea como fuere, el adi\u00f3s de Los Serrano se convirti\u00f3 en historia de la industria espa\u00f1ola; de hecho, este asunto de conversaci\u00f3n suele ser recurrente entre los actores de su elenco. <a href=\"https:\/\/www.eldiario.es\/vertele\/noticias\/belen-rueda-antonio-resines-final-losserrano-telecinco-micasaeslatuya-bertin_1_7420828.html\" target=\"_blank\" data-mrf-recirculation=\"links-noticia\" class=\"link\" rel=\"nofollow noopener\"><strong>Antonio Resines y Bel\u00e9n Rueda<\/strong><\/a> abordaron esta cuesti\u00f3n a\u00f1os antes en Mi casa es la tuya, junto a Bert\u00edn Osborne, destacando que \u201c<strong>era muy dif\u00edcil<\/strong>\u201d y que, probablemente, \u201c<strong>no fue la mejor idea del mundo<\/strong>\u201d. No se logr\u00f3 que terminara \u201cde una manera apote\u00f3sica\u201d.\n    <\/p>\n","protected":false},"excerpt":{"rendered":"Ver\u00f3nica S\u00e1nchez ha tomado asiento en el estudio de Hoy por hoy, espacio matinal de la Cadena SER&hellip;\n","protected":false},"author":2,"featured_media":271162,"comment_status":"","ping_status":"","sticky":false,"template":"","format":"standard","meta":{"footnotes":""},"categories":[174],"tags":[945,5133,255,146,147,25,24,11907,256,1058,35280,689,199,688,23,11640,27036],"class_list":{"0":"post-271161","1":"post","2":"type-post","3":"status-publish","4":"format-standard","5":"has-post-thumbnail","7":"category-famosos","8":"tag-acuerdo","9":"tag-bueno","10":"tag-celebrities","11":"tag-entertainment","12":"tag-entretenimiento","13":"tag-es","14":"tag-espana","15":"tag-espanoles","16":"tag-famosos","17":"tag-final","18":"tag-los-serrano","19":"tag-no","20":"tag-sanchez","21":"tag-si","22":"tag-spain","23":"tag-valora","24":"tag-veronica"},"share_on_mastodon":{"url":"https:\/\/pubeurope.com\/@es\/115662595310416596","error":""},"_links":{"self":[{"href":"https:\/\/www.europesays.com\/es\/wp-json\/wp\/v2\/posts\/271161","targetHints":{"allow":["GET"]}}],"collection":[{"href":"https:\/\/www.europesays.com\/es\/wp-json\/wp\/v2\/posts"}],"about":[{"href":"https:\/\/www.europesays.com\/es\/wp-json\/wp\/v2\/types\/post"}],"author":[{"embeddable":true,"href":"https:\/\/www.europesays.com\/es\/wp-json\/wp\/v2\/users\/2"}],"replies":[{"embeddable":true,"href":"https:\/\/www.europesays.com\/es\/wp-json\/wp\/v2\/comments?post=271161"}],"version-history":[{"count":0,"href":"https:\/\/www.europesays.com\/es\/wp-json\/wp\/v2\/posts\/271161\/revisions"}],"wp:featuredmedia":[{"embeddable":true,"href":"https:\/\/www.europesays.com\/es\/wp-json\/wp\/v2\/media\/271162"}],"wp:attachment":[{"href":"https:\/\/www.europesays.com\/es\/wp-json\/wp\/v2\/media?parent=271161"}],"wp:term":[{"taxonomy":"category","embeddable":true,"href":"https:\/\/www.europesays.com\/es\/wp-json\/wp\/v2\/categories?post=271161"},{"taxonomy":"post_tag","embeddable":true,"href":"https:\/\/www.europesays.com\/es\/wp-json\/wp\/v2\/tags?post=271161"}],"curies":[{"name":"wp","href":"https:\/\/api.w.org\/{rel}","templated":true}]}}