{"id":271163,"date":"2025-12-04T17:58:10","date_gmt":"2025-12-04T17:58:10","guid":{"rendered":"https:\/\/www.europesays.com\/es\/271163\/"},"modified":"2025-12-04T17:58:10","modified_gmt":"2025-12-04T17:58:10","slug":"anunciamos-los-ganadores-del-concurso-fotografico-del-calendario-2026-rincones-de-bizkaia","status":"publish","type":"post","link":"https:\/\/www.europesays.com\/es\/271163\/","title":{"rendered":"Anunciamos los ganadores del Concurso Fotogr\u00e1fico del Calendario 2026 \u201cRincones de Bizkaia\u201d"},"content":{"rendered":"<p>\n        Ya hemos seleccionado las im\u00e1genes que formar\u00e1n parte del Calendario 2026 tras cerrar el concurso fotogr\u00e1fico \u201cRincones de Bizkaia\u201d.\n<\/p>\n<p class=\"article-body__text \">\n        Un certamen que vuelve a poner en valor el talento fotogr\u00e1fico del territorio, con centenares de im\u00e1genes que retratan municipios, paisajes, barrios y rincones naturales y urbanos de Bizkaia.\n<\/p>\n<p class=\"article-body__text \">\n        La tem\u00e1tica de esta edici\u00f3n invitaba a captar la esencia de los lugares que conforman la identidad del territorio hist\u00f3rico, dando como resultado una colecci\u00f3n de fotograf\u00edas diversa y de gran calidad.\n<\/p>\n<p>  Estas son las personas ganadoras<\/p>\n<p class=\"article-body__text \">\n        El jurado ha elegido <strong>13 fotograf\u00edas ganadoras<\/strong>, correspondientes a:\n<\/p>\n<ul class=\"article-body__text article-list article-list--unordered\">\n<li>\n                <strong>12 im\u00e1genes<\/strong> que ilustrar\u00e1n cada uno de los meses del calendario.\n            <\/li>\n<li>\n                <strong>1 fotograf\u00eda adicional<\/strong> que ser\u00e1 la <strong>portada del Calendario DEIA 2026<\/strong>.\n            <\/li>\n<\/ul>\n<p class=\"article-body__text \">\n        <strong>Las personas seleccionadas son:<\/strong>\n<\/p>\n<ul class=\"article-body__text article-list article-list--unordered\">\n<li>\n                David Grijalba Fern\u00e1ndez\n            <\/li>\n<li>\n                Carlos Mart\u00ednez Tobalina\n            <\/li>\n<li>\n                \u00d3scar Merino Uriondo\n            <\/li>\n<li>\n                Inocencio Goikuria Iturriotz\n            <\/li>\n<li>\n                Jes\u00fas Mar\u00eda L\u00f3pez\n            <\/li>\n<li>\n                Paco Rico Gonz\u00e1lez\n            <\/li>\n<li>\n                Unai Franco\n            <\/li>\n<li>\n                Dora Diez Burzako\n            <\/li>\n<li>\n                Rub\u00e9n Monasterio Le\u00f3n\n            <\/li>\n<li>\n                Jos\u00e9 Manuel Blanco\n            <\/li>\n<li>\n                Javi Lagos Hern\u00e1ndez\n            <\/li>\n<li>\n                Juan \u00c1ngel Aguilar Fern\u00e1ndez\n            <\/li>\n<li>\n                Zigor Torrealdea Carrasco\n            <\/li>\n<\/ul>\n<p class=\"article-body__text \">\n        En los pr\u00f3ximos d\u00edas, <strong>nos pondremos en contacto directamente con cada una de las personas ganadoras<\/strong> para hacerles llegar el premio por haber sido seleccionadas para formar parte del Calendario DEIA 2026.\n<\/p>\n<p>    <a href=\"https:\/\/www.deia.eus\/fotos\/2025\/12\/04\/concurso-fotografico-rincones-bizkaia-2026-10434727.html\" rel=\"nofollow noopener\" target=\"_blank\"><\/p>\n<p>    <img loading=\"lazy\" decoding=\"async\" class=\"lazy-place\" src=\"data:image\/svg+xml,%3Csvg xmlns=&quot;http:\/\/www.w3.org\/2000\/svg&quot; viewBox=&quot;0 0 880 495&quot;%3E%3C\/svg%3E\" height=\"495\" width=\"880\" alt=\"\" style=\"width:100%; height:auto; max-width:100%;\"\/><\/p>\n<p>    <\/a><\/p>\n<p>    <a href=\"https:\/\/www.deia.eus\/fotos\/2025\/12\/04\/concurso-fotografico-rincones-bizkaia-2026-10434727.html\" class=\"article-photo__multimedia\" rel=\"nofollow noopener\" target=\"_blank\"><\/p>\n<p>        13<br \/>\n    <\/a><\/p>\n<p class=\"article-photo__footer\">\n        Concurso fotografico &#8216;Rincones de Bizkaia&#8217; 2026\n            <\/p>\n<p>  Un escaparate para el talento local<\/p>\n<p class=\"article-body__text \">\n        Este calendario, uno de los productos m\u00e1s esperados por los lectores se ha consolidado como una plataforma para dar visibilidad a la creatividad y la mirada fotogr\u00e1fica de Bizkaia. El Calendario DEIA 2026 reunir\u00e1 una selecci\u00f3n \u00fanica de im\u00e1genes que muestran la belleza, diversidad y personalidad de Bizkaia a trav\u00e9s de los ojos de sus fot\u00f3grafos y fot\u00f3grafas.<\/p>\n","protected":false},"excerpt":{"rendered":"Ya hemos seleccionado las im\u00e1genes que formar\u00e1n parte del Calendario 2026 tras cerrar el concurso fotogr\u00e1fico \u201cRincones de&hellip;\n","protected":false},"author":2,"featured_media":249520,"comment_status":"","ping_status":"","sticky":false,"template":"","format":"standard","meta":{"footnotes":""},"categories":[173],"tags":[229,233,231,230,6783,4023,62562,232,234,146,147,25,24,15663,2629,23],"class_list":{"0":"post-271163","1":"post","2":"type-post","3":"status-publish","4":"format-standard","5":"has-post-thumbnail","7":"category-arte-y-diseno","8":"tag-arte","9":"tag-arte-y-diseno","10":"tag-arts","11":"tag-arts-and-design","12":"tag-calendario","13":"tag-concurso","14":"tag-deia","15":"tag-design","16":"tag-diseno","17":"tag-entertainment","18":"tag-entretenimiento","19":"tag-es","20":"tag-espana","21":"tag-fotografico","22":"tag-lanza","23":"tag-spain"},"share_on_mastodon":{"url":"https:\/\/pubeurope.com\/@es\/115662599163876789","error":""},"_links":{"self":[{"href":"https:\/\/www.europesays.com\/es\/wp-json\/wp\/v2\/posts\/271163","targetHints":{"allow":["GET"]}}],"collection":[{"href":"https:\/\/www.europesays.com\/es\/wp-json\/wp\/v2\/posts"}],"about":[{"href":"https:\/\/www.europesays.com\/es\/wp-json\/wp\/v2\/types\/post"}],"author":[{"embeddable":true,"href":"https:\/\/www.europesays.com\/es\/wp-json\/wp\/v2\/users\/2"}],"replies":[{"embeddable":true,"href":"https:\/\/www.europesays.com\/es\/wp-json\/wp\/v2\/comments?post=271163"}],"version-history":[{"count":0,"href":"https:\/\/www.europesays.com\/es\/wp-json\/wp\/v2\/posts\/271163\/revisions"}],"wp:featuredmedia":[{"embeddable":true,"href":"https:\/\/www.europesays.com\/es\/wp-json\/wp\/v2\/media\/249520"}],"wp:attachment":[{"href":"https:\/\/www.europesays.com\/es\/wp-json\/wp\/v2\/media?parent=271163"}],"wp:term":[{"taxonomy":"category","embeddable":true,"href":"https:\/\/www.europesays.com\/es\/wp-json\/wp\/v2\/categories?post=271163"},{"taxonomy":"post_tag","embeddable":true,"href":"https:\/\/www.europesays.com\/es\/wp-json\/wp\/v2\/tags?post=271163"}],"curies":[{"name":"wp","href":"https:\/\/api.w.org\/{rel}","templated":true}]}}