{"id":271164,"date":"2025-12-04T18:00:18","date_gmt":"2025-12-04T18:00:18","guid":{"rendered":"https:\/\/www.europesays.com\/es\/271164\/"},"modified":"2025-12-04T18:00:18","modified_gmt":"2025-12-04T18:00:18","slug":"espana-renuncia-a-participar-en-eurovision-tras-la-decision-del-certamen-de-admitir-a-israel-television","status":"publish","type":"post","link":"https:\/\/www.europesays.com\/es\/271164\/","title":{"rendered":"Espa\u00f1a renuncia a participar en Eurovisi\u00f3n tras la decisi\u00f3n del certamen de admitir a Israel | Televisi\u00f3n"},"content":{"rendered":"<p class=\"\">Espa\u00f1a y Pa\u00edses Bajos han conformado este jueves que no participar\u00e1n en Eurovisi\u00f3n 2026. La 95\u00b0 Asamblea General de la Uni\u00f3n Europea de Radiodifusi\u00f3n (UER), <a href=\"https:\/\/elpais.com\/noticias\/festival-eurovision\/\" rel=\"nofollow noopener\" title=\"https:\/\/elpais.com\/noticias\/festival-eurovision\/\" target=\"_blank\">organizadora del festival de Eurovisi\u00f3n<\/a>, celebrada en Ginebra (Suiza), ha decidido apoyar que Israel participe en la edici\u00f3n de 2026, al aprobar sus miembros las nuevas medidas propuestas la semana pasada. <\/p>\n<p class=\"\">Lo que se pretend\u00eda debatir este jueves era si los miembros consideraban suficiente <a href=\"https:\/\/elpais.com\/television\/2025-11-21\/eurovision-cambia-de-forma-drastica-sus-reglas-de-votacion-para-huir-de-las-sospechas-de-manipulacion-en-el-televoto.html\" rel=\"nofollow noopener\" title=\"https:\/\/elpais.com\/television\/2025-11-21\/eurovision-cambia-de-forma-drastica-sus-reglas-de-votacion-para-huir-de-las-sospechas-de-manipulacion-en-el-televoto.html\" target=\"_blank\">el nuevo paquete de medidas anunciadas el 21 de noviembre<\/a>, para atender las inquietudes que han manifestado varios pa\u00edses miembros de la UER, organizaci\u00f3n a la que pertenecen 113 emisoras de radio y televisi\u00f3n de 56 pa\u00edses. La votaci\u00f3n se realiza por pa\u00eds miembro y no por emisora (por tanto, se formulan 56 votos) y se requer\u00eda una mayor\u00eda simple para que sea aprobada.<\/p>\n<p class=\"\">Entre estas medidas se encuentra el que las emisoras y los artistas en competici\u00f3n no puedan participar activamente, facilitar ni contribuir a campa\u00f1as promocionales de terceros que pudieran influir en el resultado de la votaci\u00f3n popular. El n\u00famero m\u00e1ximo de votos por m\u00e9todo de pago (ya sea en l\u00ednea, SMS o llamada telef\u00f3nica) se reducir\u00eda de 20 a 10 participaciones, lo que har\u00eda m\u00e1s complicado que campa\u00f1as organizadas puedan influir en el televoto. Adem\u00e1s, se ha propuesto recuperar el voto del jurado profesional en las semifinales, que desde la edici\u00f3n de 2022 solo participaba en la final, por lo que los pa\u00edses clasificados para ella quedaban en manos estrictamente del p\u00fablico.<\/p>\n<p><img decoding=\"auto\" class=\"_re lazyload a_m-h\" height=\"276\"  width=\"414\"  src=\"https:\/\/www.europesays.com\/es\/wp-content\/uploads\/2025\/12\/5L4C2G55LVLXPOYS77LO47K3DI.jpg\" loading=\"lazy\"\/>La sede principal de la Uni\u00f3n Europea de Radiodifusi\u00f3n (UER) en Ginebra (Suiza) pocas horas antes de comenzar su 95 Asamblea General.Denis Balibouse (REUTERS)<\/p>\n<p class=\"\">La divisi\u00f3n de posturas de los distintos participantes en la organizaci\u00f3n muestra una fractura total en el seno de Eurovisi\u00f3n. Ante esta situaci\u00f3n tan compleja, la UER ha fijado una fecha excepcionalmente tard\u00eda para que los miembros anuncien su decisi\u00f3n de formar parte del certamen el pr\u00f3ximo a\u00f1o. Tendr\u00e1n que informar antes del 15 de diciembre, mientras que la lista oficial de participantes se anunciar\u00e1 a finales de mes, seg\u00fan la organizadora del festival.<\/p>\n<p class=\"\">A falta de anuncios oficiales, entre los pa\u00edses que han anunciado<a href=\"https:\/\/www.rte.ie\/entertainment\/2025\/1204\/1547195-eurovision-debate-on-israels-participation-to-begin\/\" rel=\"nofollow noopener\" title=\"https:\/\/www.rte.ie\/entertainment\/2025\/1204\/1547195-eurovision-debate-on-israels-participation-to-begin\/\" target=\"_blank\"> antes de esta asamblea que se retirar\u00edan del certamen si Israel segu\u00eda en \u00e9l<\/a> se encuentran Irlanda, Eslovenia, adem\u00e1s de Espa\u00f1a. Ya que Pa\u00edses Bajos ya ha confirmado de forma oficial su baja.<\/p>\n<p class=\"\">Otro grupo de pa\u00edses, como Suiza, Austria y Alemania, han asegurado justo lo contrario: se ir\u00edan si Israel era expulsada. En este caso, la situaci\u00f3n es a\u00fan m\u00e1s grave. No solo porque Alemania es, como Espa\u00f1a, miembro del Big Five, los cinco pa\u00edses que m\u00e1s dinero aportan al presupuesto de la UER y, por tanto, a la celebraci\u00f3n del festival. Adem\u00e1s, Austria es la anfitriona de la edici\u00f3n de 2026 del festival. El canciller del pa\u00eds, <a href=\"https:\/\/www.oe24.at\/oesterreich\/politik\/politik-insider\/jetzt-wackelt-songcontest-in-wien\/651725013?fbclid=iwy2xjawntnghlehrua2flbqixmabicmlketf4t1v2dzk3ejhrv2necujkar7w6bikvunybho75d2-gjjmz0ugyremyyup5hys-l4y3wbcg4urr3bo6ajnma_aem_-jz2cyrsxaprf1udqcn9jq\" rel=\"nofollow noopener\" title=\"https:\/\/www.oe24.at\/oesterreich\/politik\/politik-insider\/jetzt-wackelt-songcontest-in-wien\/651725013?fbclid=iwy2xjawntnghlehrua2flbqixmabicmlketf4t1v2dzk3ejhrv2necujkar7w6bikvunybho75d2-gjjmz0ugyremyyup5hys-l4y3wbcg4urr3bo6ajnma_aem_-jz2cyrsxaprf1udqcn9jq\" target=\"_blank\">Christian Stocker, lleva meses defendiendo que Viena no deb\u00eda organizar<\/a> el evento si se expulsaba a Israel. <\/p>\n<p class=\"\">Mientras que participantes como Francia, Dinamarca y Serbia ya hab\u00edan asegurado su plaza en Eurovisi\u00f3n 2026 con independencia de la presencia de Israel, otros se mantienen en duda y anunciar\u00e1n su decisi\u00f3n una vez que esta asamblea finalice. En este grupo de indecisos se encuentran Portugal, Islandia y Noruega.<\/p>\n<p>Compensar las ausencias<\/p>\n<p class=\"\">El baile de participantes es total. Ante la previsible baja de varios miembros para este 2026, la UER ha tanteado en los \u00faltimos meses a otros pa\u00edses para que se incorporen a la competici\u00f3n que tendr\u00e1 lugar en mayo. Bulgar\u00eda, Moldavia y Ruman\u00eda, que ya han participado en el pasado en Eurovisi\u00f3n, se han mostrado dispuestos a regresar. <\/p>\n<p class=\"\">La organizaci\u00f3n ha pensado incluso en nuevas incorporaciones, como la de Kazajist\u00e1n, que ya ha participado en la versi\u00f3n infantil del concurso, Eurovisi\u00f3n Junior. Mucho m\u00e1s disparatada parece la llegada de Canad\u00e1. La opci\u00f3n de invitar a formar parte del evento al pa\u00eds norteamericano se ha considerado y no resulta del todo imposible, teniendo en cuenta que desde hace a\u00f1os compite en \u00e9l Australia, aunque sin opci\u00f3n a ser anfitriona.<\/p>\n<p class=\"\">Las consecuencias de que varios pa\u00edses abandonen el festival por la pol\u00e9mica que ha generado que Israel siga en \u00e9l son tanto econ\u00f3micas como medi\u00e1ticas. Cada pa\u00eds aporta una cantidad econ\u00f3mica por participar en Eurovisi\u00f3n y por obtener sus derechos de emisi\u00f3n. En el caso de Alemania y Espa\u00f1a, junto a Francia, Italia y Reino Unido, el Big Five, la cifra ronda los 350.000 euros. El resto de pa\u00edses pagan una cuenta inferior, pero la marcha de varios de ellos supondr\u00eda la p\u00e9rdida de millones de euros destinados a organizar el festival.<\/p>\n<p><img alt=\"Reuni\u00f3n Eurovisi\u00f3n Espa\u00f1a\" decoding=\"auto\" class=\"_re lazyload a_m-h\" height=\"233\"  width=\"414\"  src=\"https:\/\/www.europesays.com\/es\/wp-content\/uploads\/2025\/12\/YD6LJUUB3RGUDOXRZWDJF2HA3A.jpg\" loading=\"lazy\"\/>La espa\u00f1ola Melody en el escenario durante el ensayo general de la gran final del 69\u00ba Festival de Eurovisi\u00f3n, que se celebr\u00f3 en Basilea (Suiza) el viernes 16 de mayo de 2025.Martin Meissner (AP)<\/p>\n<p class=\"\">Por otro lado, las elevadas cifras de audiencia que obtiene Eurovisi\u00f3n es uno de los factores que m\u00e1s atraen a los patrocinadores, el principal de ellos es una empresa israel\u00ed de cosm\u00e9ticos, Moroccanoil. En 2025, la final celebrada en Basilea (Suiza), alcanz\u00f3 los 166 millones de espectadores en 37 pa\u00edses diferentes, disparando adem\u00e1s su alcance en redes sociales, <a href=\"https:\/\/www.ebu.ch\/news\/2025\/05\/eurovision-song-contest-2025-record-breaking-reach-as-world-s-largest-music-event-unites-global-audiences\" target=\"_self\" rel=\"nofollow noopener\" title=\"https:\/\/www.ebu.ch\/news\/2025\/05\/eurovision-song-contest-2025-record-breaking-reach-as-world-s-largest-music-event-unites-global-audiences\">seg\u00fan datos de la propia UER<\/a>. Los pa\u00edses que se retiren no emitir\u00e1n la edici\u00f3n de 2026, lo que supondr\u00eda un descenso en ese amplio alcance del que presume la organizaci\u00f3n.<\/p>\n<p class=\"\">Mientras todo este caos se ha originado en el seno de Eurovisi\u00f3n en los \u00faltimos meses, la KAN, cadena p\u00fablica israel\u00ed, ha seguido avanzando con normalidad en su proceso de selecci\u00f3n de su candidato para 2026.<\/p>\n","protected":false},"excerpt":{"rendered":"Espa\u00f1a y Pa\u00edses Bajos han conformado este jueves que no participar\u00e1n en Eurovisi\u00f3n 2026. La 95\u00b0 Asamblea General&hellip;\n","protected":false},"author":2,"featured_media":271165,"comment_status":"","ping_status":"","sticky":false,"template":"","format":"standard","meta":{"footnotes":""},"categories":[171],"tags":[68,209,146,147,25,24,25188,5271,74,185,952,518,23,807,214,3156],"class_list":{"0":"post-271164","1":"post","2":"type-post","3":"status-publish","4":"format-standard","5":"has-post-thumbnail","7":"category-tv","8":"tag-conflicto-arabe-israeli","9":"tag-cultura","10":"tag-entertainment","11":"tag-entretenimiento","12":"tag-es","13":"tag-espana","14":"tag-festival-eurovision","15":"tag-festivales-musica","16":"tag-israel","17":"tag-musica","18":"tag-politica","19":"tag-rtve","20":"tag-spain","21":"tag-television","22":"tag-tv","23":"tag-tve"},"share_on_mastodon":{"url":"https:\/\/pubeurope.com\/@es\/115662607555816583","error":""},"_links":{"self":[{"href":"https:\/\/www.europesays.com\/es\/wp-json\/wp\/v2\/posts\/271164","targetHints":{"allow":["GET"]}}],"collection":[{"href":"https:\/\/www.europesays.com\/es\/wp-json\/wp\/v2\/posts"}],"about":[{"href":"https:\/\/www.europesays.com\/es\/wp-json\/wp\/v2\/types\/post"}],"author":[{"embeddable":true,"href":"https:\/\/www.europesays.com\/es\/wp-json\/wp\/v2\/users\/2"}],"replies":[{"embeddable":true,"href":"https:\/\/www.europesays.com\/es\/wp-json\/wp\/v2\/comments?post=271164"}],"version-history":[{"count":0,"href":"https:\/\/www.europesays.com\/es\/wp-json\/wp\/v2\/posts\/271164\/revisions"}],"wp:featuredmedia":[{"embeddable":true,"href":"https:\/\/www.europesays.com\/es\/wp-json\/wp\/v2\/media\/271165"}],"wp:attachment":[{"href":"https:\/\/www.europesays.com\/es\/wp-json\/wp\/v2\/media?parent=271164"}],"wp:term":[{"taxonomy":"category","embeddable":true,"href":"https:\/\/www.europesays.com\/es\/wp-json\/wp\/v2\/categories?post=271164"},{"taxonomy":"post_tag","embeddable":true,"href":"https:\/\/www.europesays.com\/es\/wp-json\/wp\/v2\/tags?post=271164"}],"curies":[{"name":"wp","href":"https:\/\/api.w.org\/{rel}","templated":true}]}}