{"id":271172,"date":"2025-12-04T18:04:10","date_gmt":"2025-12-04T18:04:10","guid":{"rendered":"https:\/\/www.europesays.com\/es\/271172\/"},"modified":"2025-12-04T18:04:10","modified_gmt":"2025-12-04T18:04:10","slug":"la-vacuna-sigue-siendo-la-mejor-herramienta","status":"publish","type":"post","link":"https:\/\/www.europesays.com\/es\/271172\/","title":{"rendered":"La vacuna sigue siendo la mejor herramienta"},"content":{"rendered":"<p>            <a href=\"https:\/\/gacetamedica.com\/wp-content\/uploads\/2025\/12\/editada-05994-scaled-e1764778779129.jpg\" data-caption=\"Tolosa (AEV), Membrillo (SEIMC), Jimeno (SEMG) y Eiros (CNG), durante la mesa de gripe del IX Foro de Salud P\u00fablica. Foto: Jon Imanol Reino.\" rel=\"nofollow noopener\" target=\"_blank\"><img loading=\"lazy\" decoding=\"async\" width=\"696\" height=\"353\" class=\"entry-thumb td-modal-image\" src=\"https:\/\/www.europesays.com\/es\/wp-content\/uploads\/2025\/12\/editada-05994-scaled-e1764778779129-696x353.jpg\"   alt=\"vacunaci\u00f3n\" title=\"Tolosa (AEV), Membrillo (SEIMC), Jimeno (SEMG) y Eiros (CNG), durante la mesa de gripe del IX Foro de Salud P\u00fablica\"\/><\/a>Tolosa (AEV), Membrillo (SEIMC), Jimeno (SEMG) y Eiros (CNG), durante la mesa de gripe del IX Foro de Salud P\u00fablica. Foto: Jon Imanol Reino.<\/p>\n<p>En el <strong>IX Foro de Salud P\u00fablica<\/strong>, organizado por Fundamed, con el apoyo de GSK, Sanofi y Shionogi, se han abordado las principales cuestiones del ecosistema de la Salud P\u00fablica. Y en este punto, uno de los temas clave esta temporada es la gripe, especialmente relevante en una campa\u00f1a en la que vivimos un escenario en el que la variante K ha propiciado que las infecciones se adelanten con respecto a otras campa\u00f1as.<\/p>\n<p>En la mesa dedicada a la gripe, moderada por<strong> Isabel Jimeno<\/strong>, responsable del Grupo de Vacunas de la Sociedad Espa\u00f1ola de M\u00e9dicos Generales y de Familia (SEMG), expertos de referencia subrayaron la importancia de mantener la prevenci\u00f3n en el centro de la estrategia sanitaria, ya que cada temporada gripal provoca hospitalizaciones, ingresos en UCI y muertes evitables, con especial riesgo para mayores de 60 a\u00f1os, personas con enfermedades cr\u00f3nicas, embarazadas y ni\u00f1os peque\u00f1os.<\/p>\n<p>Los ponentes, <strong>Jos\u00e9 Mar\u00eda Eiros<\/strong>, director del Centro Nacional de Gripe de Valladolid (CNG), <strong>Javier Membrillo<\/strong>, presidente de la Sociedad Espa\u00f1ola de Enfermedades Infecciosas y Microbiolog\u00eda Cl\u00ednica (SEIMC), y <strong>Natividad Tolosa<\/strong>, vocal de la Asociaci\u00f3n Espa\u00f1ola de Vacunolog\u00eda (AEV), insistieron en que la gripe, aunque estacional, sigue siendo la responsable de una carga considerable para el sistema sanitario.  De igual modo, incidieron en que la vacunaci\u00f3n, segura y cada vez m\u00e1s adaptada a los distintos perfiles de riesgo, es la herramienta m\u00e1s eficaz para reducir su impacto.<\/p>\n<p><strong>Estrategias reales<\/strong><\/p>\n<p>Para Tolosa, una de las claves para mejorar las coberturas vacunales, especialmente en mayores de 60 a\u00f1os, personas con patolog\u00edas cr\u00f3nicas, embarazadas y ni\u00f1os peque\u00f1os, reside en el uso de \u00abvacunas mejoradas\u00bb, de alta carga o adyuvadas, que han demostrado <strong>mayor eficacia en poblaciones vulnerables<\/strong>.<\/p>\n<p>En el caso de la vacunaci\u00f3n infantil, no solo protegen al ni\u00f1o, sino que tambi\u00e9n<strong> reducen la transmisi\u00f3n<\/strong> hacia los mayores, un efecto que, seg\u00fan experiencias internacionales, puede disminuir significativamente las hospitalizaciones en general: \u00abLos ni\u00f1os son grandes transmisores de la gripe a sus mayores\u00bb, a\u00f1adi\u00f3.<\/p>\n<p>M\u00e1s all\u00e1 del tipo de vacuna, <strong>la accesibilidad y la comunicaci\u00f3n<\/strong> se presentan como pilares fundamentales. Tolosa destac\u00f3 que \u00ablo m\u00e1s importante es una campa\u00f1a de informaci\u00f3n que explique la importancia de vacunarse de la gripe\u00bb, subrayando que muchas personas tienen una falsa sensaci\u00f3n de riesgo y desconocen que la vacunaci\u00f3n puede reducir incluso un tercio el riesgo de <a href=\"https:\/\/gacetamedica.com\/politica\/infartos-ictus-hospitalizaciones-impacto-gripe-impulsar-vacunacion\/\" data-type=\"link\" data-id=\"https:\/\/gacetamedica.com\/politica\/infartos-ictus-hospitalizaciones-impacto-gripe-impulsar-vacunacion\/\" target=\"_blank\" rel=\"noreferrer noopener nofollow\">eventos cardiovasculares<\/a>. En este sentido, la Asociaci\u00f3n Espa\u00f1ola de Vacunolog\u00eda ha promovido durante varios a\u00f1os la campa\u00f1a <a href=\"https:\/\/gacetamedica.com\/investigacion\/vacunas-habito-saludable-aev-mejorar-coberturas-infecciones-respiratorias\/\" data-type=\"link\" data-id=\"https:\/\/gacetamedica.com\/investigacion\/vacunas-habito-saludable-aev-mejorar-coberturas-infecciones-respiratorias\/\" target=\"_blank\" rel=\"noreferrer noopener nofollow\">\u00abEl mejor plan para este invierno es vacunarse\u00bb<\/a>, respaldada por sociedades cient\u00edficas y farmacia comunitaria, buscando un impacto transversal entre profesionales y poblaci\u00f3n general.<\/p>\n<blockquote class=\"wp-block-quote has-text-align-center is-layout-flow wp-block-quote-is-layout-flow\">\n<p class=\"has-text-align-center has-vivid-cyan-blue-color has-text-color has-link-color wp-elements-f4824bdb4c166a903aa6e056993e7f61\"><strong>\u00abReducir la carga de enfermedad en los ni\u00f1os disminuye la transmisi\u00f3n y, en consecuencia, los beneficios se extienden a adultos mayores y grupos de riesgo, incluso si no est\u00e1n vacunados\u00bb<\/strong><\/p>\n<p><strong>Natividad Tolosa<\/strong>, vocal de la  Asociaci\u00f3n Espa\u00f1ola de Vacunolog\u00eda (AEV)<\/p><\/blockquote>\n<p>\u00abPensamos en los mayores y en los sanitarios, que suelen tener accesibilidad, pero hay grupos vulnerables con dificultades para vacunarse durante su jornada laboral activa\u00bb, indic\u00f3 Tolosa, remarcando que experiencias como las<strong> campa\u00f1as abiertas sin cita previa<\/strong> durante la pandemia de COVID demostraron ser efectivas.<\/p>\n<p>Desde el punto de vista de la <strong>vigilancia epidemiol\u00f3gica<\/strong>, Eiros record\u00f3 que Espa\u00f1a cuenta con tres centros nacionales de gripe reconocidos por la Organizaci\u00f3n Mundial de la Salud (OMS), lo que permite caracterizar los virus circulantes de manera precisa. Este a\u00f1o, la aparici\u00f3n del subclado K del H3, detectado inicialmente en Canad\u00e1, ha generado preguntas sobre la <a href=\"https:\/\/www.eurosurveillance.org\/content\/10.2807\/1560-7917.ES.2025.30.46.2500854\" data-type=\"link\" data-id=\"https:\/\/www.eurosurveillance.org\/content\/10.2807\/1560-7917.ES.2025.30.46.2500854\" target=\"_blank\" rel=\"noreferrer noopener nofollow\">eficacia vacunal<\/a>. Sin embargo, Eiros subray\u00f3 que: \u00abLo que realmente puede inquietar es que la vacuna pierda prestigio o aceptaci\u00f3n en la poblaci\u00f3n, no la circulaci\u00f3n de nuevas variantes. La vacuna sigue siendo nuestra mejor herramienta\u00bb.<\/p>\n<p>El experto del CNG record\u00f3 que la vigilancia incluye <strong>cinco variables clave<\/strong>: la severidad cl\u00ednica, la sensibilidad de los tests de detecci\u00f3n, la mortalidad registrada en sistemas como MOMO, la evaluaci\u00f3n de posibles escapes vacunales y el impacto en el uso de antivirales. \u00abEstos datos nos permiten conocer la circulaci\u00f3n de variantes y actuar sin comprometer la confianza de la poblaci\u00f3n en la vacunaci\u00f3n\u00bb, a\u00f1adi\u00f3.<\/p>\n<blockquote class=\"wp-block-quote has-text-align-center is-layout-flow wp-block-quote-is-layout-flow\">\n<p class=\"has-text-align-center has-vivid-cyan-blue-color has-text-color has-link-color wp-elements-5a9909d94b3ae08230008cd521689963\"><strong>\u00abLo que realmente puede inquietar es que la vacuna pierda prestigio o aceptaci\u00f3n en la poblaci\u00f3n, no la circulaci\u00f3n de nuevas variantes. La vacuna sigue siendo nuestra mejor herramienta\u00bb<\/strong><\/p>\n<p><strong>Jos\u00e9 Mar\u00eda Eiros<\/strong>, director del Centro Nacional de Gripe de Valladolid (CNG)<\/p><\/blockquote>\n<p>En cuanto a la pr\u00e1ctica cl\u00ednica, Membrillo subray\u00f3 que la prevenci\u00f3n es clave para reducir la carga hospitalaria: \u00abSi el profesional sanitario no se vacuna, \u00bfc\u00f3mo vamos a conseguir que se vacunen los pacientes?\u00bb. Adem\u00e1s, enfatiz\u00f3 la <strong>necesidad de coordinaci\u00f3n entre especialistas<\/strong>: hemat\u00f3logos, onc\u00f3logos, cardi\u00f3logos y neum\u00f3logos deben unirse para garantizar que los pacientes reciban mensajes consistentes sobre vacunaci\u00f3n. \u00abSi el hemat\u00f3logo no aconseja vacunarse a un paciente inmunodeprimido, ninguna campa\u00f1a de prevenci\u00f3n tendr\u00e1 \u00e9xito\u00bb, asegur\u00f3.<\/p>\n<p><strong>Importancia de la vacunaci\u00f3n infantil<\/strong><\/p>\n<p>La vacunaci\u00f3n de ni\u00f1os entre 6 meses y 5 a\u00f1os tiene un impacto directo e indirecto. Tolosa afirm\u00f3: \u00abLos ni\u00f1os sanos hospitalizan por gripe, y algunos fallecen. Esta es una enfermedad inmunoprevenible. La vacunaci\u00f3n infantil protege al ni\u00f1o y reduce la transmisi\u00f3n a los mayores\u00bb.<\/p>\n<p>As\u00ed, a\u00f1adi\u00f3 que esta <strong>protecci\u00f3n indirecta tiene efectos adicionales<\/strong>: \u00abReducir la carga de enfermedad en los ni\u00f1os disminuye la transmisi\u00f3n y, en consecuencia, los beneficios se extienden a adultos mayores y grupos de riesgo, incluso si no est\u00e1n vacunados\u00bb. Seg\u00fan datos de vigilancia internacional, la efectividad vacunal en menores puede alcanzar hasta un 70%, mientras que en adultos ronda el 30-40%.<\/p>\n<p>En el encuentro tambi\u00e9n se abord\u00f3 la importancia de la planificaci\u00f3n y la log\u00edstica de las campa\u00f1as. Seg\u00fan los expertos, concentrar <strong>la vacunaci\u00f3n en las primeras semanas de la campa\u00f1a<\/strong>, alrededor del 15 de octubre, maximiza la eficacia antes del pico epid\u00e9mico esperado en invierno. La coordinaci\u00f3n entre comunidades aut\u00f3nomas, la disponibilidad de dosis y la transparencia en la comunicaci\u00f3n de coberturas son factores clave para alcanzar los objetivos de la OMS y del Ministerio de Sanidad.<\/p>\n<p><strong>El papel de los antivirales<\/strong><\/p>\n<p>El tratamiento con antivirales sigue siendo eficaz frente a las nuevas variantes, aunque la resistencia futura es una preocupaci\u00f3n. Membrillo, en este sentido, explic\u00f3: \u00abLos antivirales actuales reducen el riesgo de hospitalizaci\u00f3n y complicaciones graves, pero debemos estar preparados y buscar nuevas alternativas antes de que aparezcan mutaciones que limiten la eficacia\u00bb.<\/p>\n<blockquote class=\"wp-block-quote has-text-align-center is-layout-flow wp-block-quote-is-layout-flow\">\n<p class=\"has-text-align-center has-vivid-cyan-blue-color has-text-color has-link-color wp-elements-492d93a9b1cd5ae2919da05ca8e79b56\"><strong> \u00abLos antivirales actuales reducen el riesgo de hospitalizaci\u00f3n y complicaciones graves, pero debemos estar preparados y buscar nuevas alternativas antes de que aparezcan mutaciones que limiten la eficacia\u00bb<\/strong><\/p>\n<p><strong>Javier Membrillo<\/strong>, presidente de la Sociedad Espa\u00f1ola de Enfermedades Infecciosas y Microbiolog\u00eda Cl\u00ednica (SEIMC)<\/p><\/blockquote>\n<p>En esta l\u00ednea, Eiros puntualiz\u00f3 que <strong>existen cinco familias de f\u00e1rmacos con actividad frente al virus de la gripe<\/strong>, y que su conocimiento es clave: \u00abEs fundamental estudiar, educar, dar ejemplo y cuidar. Estas son las bases para mejorar la prevenci\u00f3n y el manejo cl\u00ednico\u00bb.<\/p>\n<p>Un tema recurrente en la mesa fue la necesidad de <strong>integrar la vacunaci\u00f3n en todas las especialidades m\u00e9dicas<\/strong>. Membrillo insisti\u00f3: \u00abNo podemos depender solo de medicina preventiva. Si otras especialidades no promueven la vacunaci\u00f3n, la cobertura seguir\u00e1 siendo insuficiente. Cada especialista debe asumir su papel\u00bb.<\/p>\n<p>Tolosa reforz\u00f3 esta idea: \u00abEn la Comunidad Valenciana tenemos un consenso con 33 sociedades cient\u00edficas que avalan el calendario vacunal. Esto asegura que los pacientes reciban indicaciones coherentes y basadas en evidencia de sus m\u00e9dicos especialistas, evitando contradicciones\u00bb.<\/p>\n<p>Asimismo, los expertos tambi\u00e9n se\u00f1alaron la necesidad de <strong>coordinaci\u00f3n entre comunidades aut\u00f3nomas y Administraci\u00f3n<\/strong> <strong>central<\/strong>. En este sentido, propusieron medidas concretas: campa\u00f1as institucionales masivas similares a las de seguridad vial, planes de elasticidad de recursos hospitalarios y protocolos uniformes para el diagn\u00f3stico y tratamiento de la gripe en todos los niveles asistenciales. \u00abLo que pedir\u00eda es que la sanidad fuera m\u00e1s proactiva y m\u00e1s educada en prevenci\u00f3n, no tan reactiva\u00bb, afirm\u00f3 Tolosa.<\/p>\n<p><strong>Un reto de primer orden<\/strong><\/p>\n<p>Los expertos coincidieron en que la gripe sigue siendo un reto para la Salud P\u00fablica. La combinaci\u00f3n de vacunas mejoradas, campa\u00f1as de informaci\u00f3n, coordinaci\u00f3n multidisciplinar, accesibilidad y vigilancia epidemiol\u00f3gica constituye la estrategia m\u00e1s s\u00f3lida para proteger a la poblaci\u00f3n vulnerable.<\/p>\n<p>Eiros resumi\u00f3 el mensaje de manera clara: \u00abLa mejor vacuna es la que se administra. Vac\u00fanese con la que hay disponible y proteja a su familia, a los mayores y a los grupos de riesgo. No hay otra herramienta tan efectiva\u00bb. En este sentido, y haciendo alusi\u00f3n al impacto que est\u00e1 teniendo medi\u00e1tica y socialmente el<strong> subclado K<\/strong>, se\u00f1al\u00f3 que puede ser una buena oportunidad para \u00abvacunar a aquellos segmentos de la poblaci\u00f3n a los que no hab\u00edamos podido llegar\u00bb.<\/p>\n<p>Membrillo, para poner el broche al debate, a\u00f1adi\u00f3 un matiz humano muy a tener en cuenta: \u00abLa prevenci\u00f3n no es solo un mensaje t\u00e9cnico. Es la vida de la suegra, del ni\u00f1o, del vecino. Es comprender que vacunarse salva vidas\u00bb.<\/p>\n<p><strong>Tambi\u00e9n te puede interesar\u2026<\/strong><\/p>\n","protected":false},"excerpt":{"rendered":"Tolosa (AEV), Membrillo (SEIMC), Jimeno (SEMG) y Eiros (CNG), durante la mesa de gripe del IX Foro de&hellip;\n","protected":false},"author":2,"featured_media":271173,"comment_status":"","ping_status":"","sticky":false,"template":"","format":"standard","meta":{"footnotes":""},"categories":[92],"tags":[25,24,165,166,23],"class_list":{"0":"post-271172","1":"post","2":"type-post","3":"status-publish","4":"format-standard","5":"has-post-thumbnail","7":"category-salud","8":"tag-es","9":"tag-espana","10":"tag-health","11":"tag-salud","12":"tag-spain"},"share_on_mastodon":{"url":"https:\/\/pubeurope.com\/@es\/115662623358176441","error":""},"_links":{"self":[{"href":"https:\/\/www.europesays.com\/es\/wp-json\/wp\/v2\/posts\/271172","targetHints":{"allow":["GET"]}}],"collection":[{"href":"https:\/\/www.europesays.com\/es\/wp-json\/wp\/v2\/posts"}],"about":[{"href":"https:\/\/www.europesays.com\/es\/wp-json\/wp\/v2\/types\/post"}],"author":[{"embeddable":true,"href":"https:\/\/www.europesays.com\/es\/wp-json\/wp\/v2\/users\/2"}],"replies":[{"embeddable":true,"href":"https:\/\/www.europesays.com\/es\/wp-json\/wp\/v2\/comments?post=271172"}],"version-history":[{"count":0,"href":"https:\/\/www.europesays.com\/es\/wp-json\/wp\/v2\/posts\/271172\/revisions"}],"wp:featuredmedia":[{"embeddable":true,"href":"https:\/\/www.europesays.com\/es\/wp-json\/wp\/v2\/media\/271173"}],"wp:attachment":[{"href":"https:\/\/www.europesays.com\/es\/wp-json\/wp\/v2\/media?parent=271172"}],"wp:term":[{"taxonomy":"category","embeddable":true,"href":"https:\/\/www.europesays.com\/es\/wp-json\/wp\/v2\/categories?post=271172"},{"taxonomy":"post_tag","embeddable":true,"href":"https:\/\/www.europesays.com\/es\/wp-json\/wp\/v2\/tags?post=271172"}],"curies":[{"name":"wp","href":"https:\/\/api.w.org\/{rel}","templated":true}]}}