{"id":271178,"date":"2025-12-04T18:07:08","date_gmt":"2025-12-04T18:07:08","guid":{"rendered":"https:\/\/www.europesays.com\/es\/271178\/"},"modified":"2025-12-04T18:07:08","modified_gmt":"2025-12-04T18:07:08","slug":"la-bolsa-espanola-vuelve-a-batir-un-maximo-historico-y-cierra-su-novena-sesion-consecutiva-de-subidas-economia-y-negocios","status":"publish","type":"post","link":"https:\/\/www.europesays.com\/es\/271178\/","title":{"rendered":"La bolsa espa\u00f1ola vuelve a batir un m\u00e1ximo hist\u00f3rico y cierra su novena sesi\u00f3n consecutiva de subidas | Econom\u00eda y negocios"},"content":{"rendered":"<p>La bolsa espa\u00f1ola ha conseguido este jueves un nuevo m\u00e1ximo hist\u00f3rico de cierre, por encima de los 16.746 puntos, despu\u00e9s de subir el 0,97% impulsada por Inditex y la mayor\u00eda de la banca. El \u00edndice de referencia del mercado nacional, el IBEX35, ha ganado 160,9 puntos, ese 0,97 %, hasta 16.746,6 puntos, nuevo r\u00e9cord. En el a\u00f1o acumula una subida del 44,43%.<\/p>\n<p>M\u00e1s informaci\u00f3n<\/p>\n<p>Pese a la indefinici\u00f3n de Wall Street, tras conocerse algunos datos laborales negativos en Estados Unidos, la bolsa espa\u00f1ola se ha visto impulsada por el avance de Inditex y de los bancos, que subieron de media el 2,2%. De los grandes valores ha destacado la subida del 2,66% de Inditex, la segunda mayor del IBEX, mientras que BBVA ha ganado el 2,19 % (quinta mayor alza de ese \u00edndice); Banco Santander, el 1,78%; y Telef\u00f3nica, el 0,36%. Han bajado Repsol, el 0,67 %, e Iberdrola, el 0,47 %.<\/p>\n<p>Este mi\u00e9rcoles Inditex daba alas a los mercados y este jueves la compa\u00f1\u00eda, que es la de mayor peso dentro del mercado espa\u00f1ol, sube un 2,6% e impulsa al IBEX35 por segundo d\u00eda consecutivo.<\/p>\n","protected":false},"excerpt":{"rendered":"La bolsa espa\u00f1ola ha conseguido este jueves un nuevo m\u00e1ximo hist\u00f3rico de cierre, por encima de los 16.746&hellip;\n","protected":false},"author":2,"featured_media":271179,"comment_status":"","ping_status":"","sticky":false,"template":"","format":"standard","meta":{"footnotes":""},"categories":[80],"tags":[82,95,94,25,24,23],"class_list":{"0":"post-271178","1":"post","2":"type-post","3":"status-publish","4":"format-standard","5":"has-post-thumbnail","7":"category-economia","8":"tag-business","9":"tag-economia","10":"tag-economy","11":"tag-es","12":"tag-espana","13":"tag-spain"},"share_on_mastodon":{"url":"https:\/\/pubeurope.com\/@es\/115662634705597877","error":""},"_links":{"self":[{"href":"https:\/\/www.europesays.com\/es\/wp-json\/wp\/v2\/posts\/271178","targetHints":{"allow":["GET"]}}],"collection":[{"href":"https:\/\/www.europesays.com\/es\/wp-json\/wp\/v2\/posts"}],"about":[{"href":"https:\/\/www.europesays.com\/es\/wp-json\/wp\/v2\/types\/post"}],"author":[{"embeddable":true,"href":"https:\/\/www.europesays.com\/es\/wp-json\/wp\/v2\/users\/2"}],"replies":[{"embeddable":true,"href":"https:\/\/www.europesays.com\/es\/wp-json\/wp\/v2\/comments?post=271178"}],"version-history":[{"count":0,"href":"https:\/\/www.europesays.com\/es\/wp-json\/wp\/v2\/posts\/271178\/revisions"}],"wp:featuredmedia":[{"embeddable":true,"href":"https:\/\/www.europesays.com\/es\/wp-json\/wp\/v2\/media\/271179"}],"wp:attachment":[{"href":"https:\/\/www.europesays.com\/es\/wp-json\/wp\/v2\/media?parent=271178"}],"wp:term":[{"taxonomy":"category","embeddable":true,"href":"https:\/\/www.europesays.com\/es\/wp-json\/wp\/v2\/categories?post=271178"},{"taxonomy":"post_tag","embeddable":true,"href":"https:\/\/www.europesays.com\/es\/wp-json\/wp\/v2\/tags?post=271178"}],"curies":[{"name":"wp","href":"https:\/\/api.w.org\/{rel}","templated":true}]}}