{"id":271180,"date":"2025-12-04T18:08:10","date_gmt":"2025-12-04T18:08:10","guid":{"rendered":"https:\/\/www.europesays.com\/es\/271180\/"},"modified":"2025-12-04T18:08:10","modified_gmt":"2025-12-04T18:08:10","slug":"una-erupcion-volcanica-puso-en-marcha-la-cadena-de-acontecimientos-que-trajo-la-peste-negra-a-europa","status":"publish","type":"post","link":"https:\/\/www.europesays.com\/es\/271180\/","title":{"rendered":"una erupci\u00f3n volc\u00e1nica &#8216;puso en marcha&#8217; la cadena de acontecimientos que trajo la Peste Negra a Europa"},"content":{"rendered":"<p style=\"\">A mediados del siglo XIV, Europa era un continente bullicioso, sucio y devoto, pero sobre todo ajeno al apocalipsis que se avecinaba. Y es que en apenas cinco a\u00f1os, entre 1347 y 1353, el mundo conocido se vino abajo. La Peste Negra, la pandemia m\u00e1s  &#8230; devastadora registrada en la historia de la humanidad, barri\u00f3 el continente de sur a norte. Y lo hizo con una furia implacable. <\/p>\n<p class=\"voc-p\" style=\"\">Incluso hoy, las cifras resultan dif\u00edciles de digerir: <a href=\"https:\/\/www.abc.es\/ciencia\/mortifera-bacteria-peste-redujo-virulencia-matar-gran-20250530094054-nt.html\" rel=\"nofollow noopener\" target=\"_self\" data-voc-vtm-id=\"in-text-traffic\" title=\"murieron decenas de millones de personas\" data-mrf-link=\"www.abc.es\">murieron decenas de millones de personas<\/a>. En algunas regiones, la mortalidad roz\u00f3 el 60% de la poblaci\u00f3n. Ciudades enteras quedaron vac\u00edas, los campos se pudrieron sin manos que los cosecharan y las estructuras sociales del feudalismo se agrietaron para siempre bajo el peso de los cad\u00e1veres.<\/p>\n<p class=\"voc-p\" style=\"\">Sabemos qu\u00e9 la caus\u00f3: la bacteria Yersinia pestis. Sabemos c\u00f3mo se transmiti\u00f3: a trav\u00e9s de las pulgas de las ratas que viajaban como polizones en las rutas comerciales. Pero durante d\u00e9cadas, una pregunta ha atormentado tanto a historiadores como a cient\u00edficos: \u00bfPor qu\u00e9 precisamente entonces? \u00bfQu\u00e9 misteriosa alineaci\u00f3n de factores permiti\u00f3 que una <a href=\"https:\/\/www.abc.es\/ciencia\/abci-origen-peste-negra-situado-mapa-primera-202206151700_noticia.html\" rel=\"nofollow noopener\" target=\"_self\" data-voc-vtm-id=\"in-text-traffic\" title=\"bacteria de Asia central\" data-mrf-link=\"www.abc.es\">bacteria de Asia central<\/a> aniquilara a m\u00e1s de la mitad de Europa en un abrir y cerrar de ojos?<\/p>\n<p class=\"voc-p\" style=\"\">Ahora, el ge\u00f3grafo Ulf B\u00fcntgen, de la Universidad de Cambridge, en Inglaterra, y el historiador Martin Bauch, del Instituto Leibniz, en Alemania, acaban de encontrar una posible respuesta, grabada en los anillos de los \u00e1rboles. El desencadenante de la cat\u00e1strofe fue una intensa y repentina actividad volc\u00e1nica. Seg\u00fan el art\u00edculo reci\u00e9n publicado por ambos cient\u00edficos en &#8216;<a href=\"https:\/\/dx.doi.org\/10.1038\/s43247-025-02964-0\" rel=\"nofollow noopener\" target=\"_self\" data-voc-vtm-id=\"in-text-traffic\" title=\"Communications Earth &amp; Environment&#039;\" data-mrf-link=\"dx.doi.org\">Communications Earth &amp; Environment&#8217;<\/a>, la primera &#8216;ficha de domin\u00f3&#8217; en caer fue, de hecho, un volc\u00e1n. Su erupci\u00f3n fue lo que puso en marcha la secuencia mortal de acontecimientos que llev\u00f3 a la devastaci\u00f3n de Europa.<\/p>\n<p>\nUnir los puntos\n<\/p>\n<p class=\"voc-p\" style=\"\">\u00abEsto es algo que llevo mucho tiempo queriendo entender -explica B\u00fcntgen-. \u00bfCu\u00e1les fueron los factores que impulsaron el inicio y la transmisi\u00f3n de la Peste Negra, y qu\u00e9 tan inusuales fueron? \u00bfPor qu\u00e9 ocurri\u00f3 en este momento y lugar exactos de la historia europea? Es una pregunta muy interesante, pero es una que nadie puede responder solo\u00bb.<\/p>\n<p class=\"voc-p\" style=\"\">En su art\u00edculo, B\u00fcntgen y Bauch han conseguido, por primera vez, unir puntos que hasta ahora parec\u00edan inconexos. Y proponen que una erupci\u00f3n masiva (o quiz\u00e1s un c\u00famulo de ellas) tuvo lugar alrededor del a\u00f1o 1345, desatando una reacci\u00f3n en cadena fatal.<\/p>\n<p class=\"voc-p\" style=\"\">No sabemos exactamente qu\u00e9 volc\u00e1n fue, aunque los modelos sugieren una erupci\u00f3n en los tr\u00f3picos que inyect\u00f3 cantidades ingentes de azufre y ceniza en la estratosfera. Para hacerse una idea de la magnitud del evento, baste decir que los cient\u00edficos estiman que super\u00f3 en potencia a la famosa erupci\u00f3n del Monte Pinatubo de 1991.<\/p>\n<p class=\"voc-p\" style=\"\">Tras la erupci\u00f3n, se instal\u00f3 en amplias regiones del globo una niebla perpetua. Las cr\u00f3nicas de la \u00e9poca, rescatadas para el estudio, hablan de eclipses lunares inusualmente oscuros y de cielos turbios. Pero la prueba definitiva de la erupci\u00f3n no son los relatos hist\u00f3ricos, sino algo mucho m\u00e1s &#8216;f\u00edsico&#8217; y tangible.<\/p>\n<p class=\"voc-p\" style=\"\">Escrito en los anillos de los \u00e1rboles<\/p>\n<p class=\"voc-p\" style=\"\">Al analizar \u00e1rboles centenarios en los Pirineos espa\u00f1oles y otras zonas del sur de Europa, B\u00fcntgen y Bauch se toparon con algo llamado &#8216;anillos azules&#8217;. Cuando un verano es extremadamente fr\u00edo, los \u00e1rboles no pueden lignificar sus c\u00e9lulas correctamente (el proceso que endurece la madera), y eso deja una marca p\u00e1lida, casi azulada, en su registro de crecimiento. <\/p>\n<p class=\"voc-p\" style=\"\">Encontrar un anillo azul es raro. Encontrar varios consecutivos es una se\u00f1al de alarma clim\u00e1tica. Y esos \u00e1rboles nos dicen que los veranos de 1345, 1346 y 1347 fueron much\u00edsimo m\u00e1s fr\u00edos y h\u00famedos de lo que deber\u00edan haber sido. La temperatura cay\u00f3 en picado. Y aqu\u00ed es donde los investigadores hacen su &#8216;magia&#8217; conectando la geolog\u00eda con la econom\u00eda, y la econom\u00eda, a su vez, con la biolog\u00eda.<\/p>\n<p class=\"voc-p\" style=\"\">En el Mediterr\u00e1neo, las grandes rep\u00fablicas mar\u00edtimas italianas (Venecia, G\u00e9nova, Pisa&#8230;) eran las superpotencias de la \u00e9poca. Ciudades florecientes, muy pobladas y que necesitaban una gran cantidad de suministros. Pero el cambio clim\u00e1tico repentino provocado por el volc\u00e1n arruin\u00f3 las cosechas locales. El fr\u00edo y la lluvia constante, de hecho, pudrieron el trigo en los campos de buena parte de Italia y el sur de Europa. De modo que el espectro de la hambruna y las revueltas sociales empezaron a poner en riesgo a los gobiernos de las ciudades-estado.<\/p>\n<p class=\"voc-p\" style=\"\">\u00abAnalizamos el periodo anterior a la Peste Negra en lo relativo a los sistemas de seguridad alimentaria y las hambrunas recurrentes -explica Bauch-, lo cual fue importante para poner en contexto la situaci\u00f3n posterior a 1345. Quer\u00edamos analizar juntos los factores clim\u00e1ticos, medioambientales y econ\u00f3micos, para poder comprender mejor qu\u00e9 desencaden\u00f3 el inicio de la segunda pandemia de peste en Europa.\u00bb<\/p>\n<p class=\"voc-p\" style=\"\">Un error fatal<\/p>\n<p class=\"voc-p\" style=\"\">Amenazados por el hambre, los italianos activaron sus vastas redes comerciales para buscar comida donde fuera. Y para ello miraron hacia el este, hacia el Mar Negro. As\u00ed, Venecia y G\u00e9nova enviaron sus flotas a los graneros de la Horda de Oro, en la actual regi\u00f3n del Mar de Azov (cerca de Crimea). All\u00ed, y bajo el dominio mongol, hab\u00eda grano en abundancia. Fue una maniobra log\u00edstica brillante. Los barcos se llenaron de cereal y salvaron a Italia de la inanici\u00f3n. Fue un \u00e9xito rotundo, ya que evitaron la hambruna. Pero cometieron un error fatal.<\/p>\n<p class=\"voc-p\" style=\"\">\u00abDurante m\u00e1s de un siglo -prosigue Bauch-, estas poderosas ciudades-estado italianas hab\u00edan establecido rutas comerciales de larga distancia a trav\u00e9s del Mediterr\u00e1neo y el Mar Negro, lo que les permit\u00eda activar un sistema altamente eficiente para evitar la hambruna. Pero, en \u00faltima instancia, estos les llev\u00f3 inadvertidamente a una cat\u00e1strofe mucho mayor\u00bb.<\/p>\n<p class=\"voc-p\" style=\"\">Sin saberlo, en efecto, junto con el trigo destinado a salvar las vidas de los ciudadanos, los barcos llevaron a Europa otra carga: pulgas y roedores portadores de Yersinia pestis, que en esas bodegas repletas de alimento encontraron un refugio inmejorable para alimentarse y reproducirse durante el viaje de vuelta.<\/p>\n<p class=\"voc-p\" style=\"\">En cierto modo, resulta ir\u00f3nico que un sistema dise\u00f1ado para salvar vidas fuera, tambi\u00e9n, el veh\u00edculo que transport\u00f3 el germen de la extinci\u00f3n al viejo continente. Si el volc\u00e1n no hubiera estallado, si el clima no se hubiera enfriado, si las cosechas italianas no hubieran fallado&#8230; esos barcos jam\u00e1s habr\u00edan tenido la urgencia de importar grano de esa zona espec\u00edfica y en ese momento concreto.<\/p>\n<p class=\"voc-p\" style=\"\">La &#8216;Tormenta perfecta&#8217;<\/p>\n<p class=\"voc-p\" style=\"\">Lo que el nuevo estudio ha puesto sobre la mesa es un concepto que nos resulta familiar: la globalizaci\u00f3n es un arma de doble filo. Porque no fue solo la bacteria, ni tampoco el clima, lo que provoc\u00f3 la cat\u00e1strofe. Fueron la interacci\u00f3n compleja entre un evento natural (el volc\u00e1n), la respuesta ecol\u00f3gica (el fallo de los cultivos) y la infraestructura humana (las rutas comerciales de larga distancia).<\/p>\n<p class=\"voc-p\" style=\"\">B\u00fcntgen lo describe como una &#8216;tormenta perfecta&#8217;. La bacteria salt\u00f3 de sus reservorios naturales en roedores salvajes de Asia central (posiblemente jerbos) a humanos y animales dom\u00e9sticos en los puertos del Mediterr\u00e1neo. Y una vez desembarcada, no encontr\u00f3 resistencia. Seg\u00fan Bauch, sin embargo, \u00abtambi\u00e9n pudimos demostrar que muchas ciudades italianas, incluso las grandes como Mil\u00e1n y Roma, no se vieron tan afectadas por la Peste Negra probablemente porque no necesitaron importar grano despu\u00e9s de 1345\u00bb. La conexi\u00f3n entre clima-hambruna-grano es, por lo tanto, el &#8216;mecanismo de entrega&#8217; que faltaba para explicar la velocidad del contagio.<\/p>\n<p class=\"voc-p\" style=\"\">Incluso hoy, casi 800 a\u00f1os despu\u00e9s, dice B\u00fcntgen. \u00aben muchas ciudades y pueblos europeos se pueden encontrar pruebas de la Peste Negra. Aqu\u00ed en Cambridge, por ejemplo, el Corpus Christi College fue fundado por habitantes del pueblo despu\u00e9s de que la peste devastara la comunidad local. Hay ejemplos similares en gran parte del continente\u00bb.<\/p>\n<p class=\"voc-p\" style=\"\">Y ahora, pens\u00e9moslo por un momento. Hoy vivimos en un mundo que est\u00e1 infinitamente m\u00e1s conectado que el de los genoveses del siglo XIV. Y si una erupci\u00f3n volc\u00e1nica y las rutas comerciales de antig\u00fcos veleros de madera pudieron causar entonces la mayor cat\u00e1strofe demogr\u00e1fica de la historia, \u00bfqu\u00e9 no podr\u00eda ocurrir en la actualidad?<\/p>\n<p class=\"voc-p\" style=\"\">B\u00fcntgen lanza una advertencia final que resulta dif\u00edcil de ignorar. \u00abAunque la coincidencia de factores que contribuyeron a la Peste Negra parece rara, la probabilidad de que surjan enfermedades zoon\u00f3ticas bajo el cambio clim\u00e1tico y se traduzcan en pandemias probablemente aumentar\u00e1 en nuestro mundo globalizado. Eso es algo que qued\u00f3 muy claro en nuestras recientes experiencias con la Covid-19\u00bb.<\/p>\n","protected":false},"excerpt":{"rendered":"A mediados del siglo XIV, Europa era un continente bullicioso, sucio y devoto, pero sobre todo ajeno al&hellip;\n","protected":false},"author":2,"featured_media":271181,"comment_status":"","ping_status":"","sticky":false,"template":"","format":"standard","meta":{"footnotes":""},"categories":[42],"tags":[66592,17,18,19680,16140,700,9788,13,14,11,61,62,63,64,19,20,3402,24635,9,10,15,16,54096,9787,8607,12,14282,21,22,31958,65,66,67],"class_list":{"0":"post-271180","1":"post","2":"type-post","3":"status-publish","4":"format-standard","5":"has-post-thumbnail","7":"category-internacional","8":"tag-acontecimientos","9":"tag-breaking-news","10":"tag-breakingnews","11":"tag-cadena","12":"tag-erupcion","13":"tag-europa","14":"tag-faltaba","15":"tag-featured-news","16":"tag-featurednews","17":"tag-headlines","18":"tag-internacional","19":"tag-international","20":"tag-international-news","21":"tag-internationalnews","22":"tag-latest-news","23":"tag-latestnews","24":"tag-marcha","25":"tag-negra","26":"tag-news","27":"tag-noticias","28":"tag-noticias-destacadas","29":"tag-noticiasdestacadas","30":"tag-peste","31":"tag-pieza","32":"tag-puso","33":"tag-titulares","34":"tag-trajo","35":"tag-ultimas-noticias","36":"tag-ultimasnoticias","37":"tag-volcanica","38":"tag-world","39":"tag-world-news","40":"tag-worldnews"},"share_on_mastodon":{"url":"","error":"Validation failed: Text character limit of 500 exceeded"},"_links":{"self":[{"href":"https:\/\/www.europesays.com\/es\/wp-json\/wp\/v2\/posts\/271180","targetHints":{"allow":["GET"]}}],"collection":[{"href":"https:\/\/www.europesays.com\/es\/wp-json\/wp\/v2\/posts"}],"about":[{"href":"https:\/\/www.europesays.com\/es\/wp-json\/wp\/v2\/types\/post"}],"author":[{"embeddable":true,"href":"https:\/\/www.europesays.com\/es\/wp-json\/wp\/v2\/users\/2"}],"replies":[{"embeddable":true,"href":"https:\/\/www.europesays.com\/es\/wp-json\/wp\/v2\/comments?post=271180"}],"version-history":[{"count":0,"href":"https:\/\/www.europesays.com\/es\/wp-json\/wp\/v2\/posts\/271180\/revisions"}],"wp:featuredmedia":[{"embeddable":true,"href":"https:\/\/www.europesays.com\/es\/wp-json\/wp\/v2\/media\/271181"}],"wp:attachment":[{"href":"https:\/\/www.europesays.com\/es\/wp-json\/wp\/v2\/media?parent=271180"}],"wp:term":[{"taxonomy":"category","embeddable":true,"href":"https:\/\/www.europesays.com\/es\/wp-json\/wp\/v2\/categories?post=271180"},{"taxonomy":"post_tag","embeddable":true,"href":"https:\/\/www.europesays.com\/es\/wp-json\/wp\/v2\/tags?post=271180"}],"curies":[{"name":"wp","href":"https:\/\/api.w.org\/{rel}","templated":true}]}}