{"id":271182,"date":"2025-12-04T18:09:09","date_gmt":"2025-12-04T18:09:09","guid":{"rendered":"https:\/\/www.europesays.com\/es\/271182\/"},"modified":"2025-12-04T18:09:09","modified_gmt":"2025-12-04T18:09:09","slug":"abalos-recurre-su-ingreso-en-prision-y-reprocha-al-juez-haberla-ordenado-solo-para-buscar-una-declaracion-colaborativa-espana","status":"publish","type":"post","link":"https:\/\/www.europesays.com\/es\/271182\/","title":{"rendered":"\u00c1balos recurre su ingreso en prisi\u00f3n y reprocha al juez haberla ordenado solo para buscar \u201cuna declaraci\u00f3n colaborativa\u201d | Espa\u00f1a"},"content":{"rendered":"<p class=\"\">Cuando se cumple una semana <a href=\"https:\/\/elpais.com\/expres\/2025-11-28\/el-juez-envia-a-abalos-y-a-koldo-garcia-a-prision-sin-fianza-cree-que-pueden-fugarse-o-tener-dinero-oculto.html\" target=\"_self\" rel=\"nofollow noopener\" title=\"https:\/\/elpais.com\/expres\/2025-11-28\/el-juez-envia-a-abalos-y-a-koldo-garcia-a-prision-sin-fianza-cree-que-pueden-fugarse-o-tener-dinero-oculto.html\">desde que fue enviado a prisi\u00f3n provisional<\/a>, el exministro Jos\u00e9 Luis \u00c1balos ha recurrido este jueves su encarcelamiento al considerar que los principales argumentos en los que se bas\u00f3 el magistrado Leopoldo Puente para tomar esa decisi\u00f3n (evitar el riesgo de fuga para asegurar la celebraci\u00f3n del juicio) resultan ser, en este caso, \u201cuna quimera\u201d. \u201cAnte la ausencia de cualquiera de las finalidades propias de la prisi\u00f3n provisional, resulta inevitable no pensar en que la medida cautelar \u00fanicamente tiene como objetivo fomentar una declaraci\u00f3n colaborativa al estilo de la del imputado Aldama tras su paso por un centro penitenciario\u201d, se\u00f1ala su defensa en el escrito, de 49 p\u00e1ginas, presentado en el Tribunal Supremo, al que ha tenido acceso EL PA\u00cdS. <\/p>\n<p class=\"\">El juez Puente envi\u00f3 a prisi\u00f3n hace una semana a \u00c1balos y a quien fuera su antiguo asesor, Koldo Garc\u00eda, despu\u00e9s de que se lo reclamaran la Fiscal\u00eda Anticorrupci\u00f3n y las acusaciones populares (dirigidas por el PP). El juez instructor, que hasta ahora hab\u00eda rechazado acceder a las peticiones consider\u00f3 que ahora, una vez que las acusaciones han presentado sus peticiones de c\u00e1rcel de cara al futuro juicio, existe riesgo de fuga, uno de los requisitos que establece la ley para poder decretar la prisi\u00f3n preventiva. <\/p>\n<p class=\"\">El abogado del exministro, Carlos Bauitista, sostiene en su recurso, sin embargo, que el magistrado no ha explicado en qu\u00e9 se basa para considerar que existe el peligro de que \u00c1balos se fugue. El letrado reprocha al instructor que haya puesto con esta decisi\u00f3n \u201cel lamentable colof\u00f3n a la irrealidad en la que flota la presente instrucci\u00f3n\u201d y sostiene que los indicios que dice ver el juez para incriminar a \u00c1balos \u201cni son absolutos, ni son tan contundentes como pretende hacer valer\u201d.<\/p>\n<p class=\"\">El abogado considera que en las conclusiones a las que llega la Unidad Central Operativa (UCO) de la Guardia Civil abundan las \u201ccontradicciones e incongruencias\u201d, y son, claramente insuficientes para sostener una acusaci\u00f3n que ha llevado al exministro a prisi\u00f3n. \u201cB\u00e1sicamente, consisten en un informe patrimonial contradictorio elaborado por la unidad actuante y en las declaraciones de un arrepentido, soportadas por una copia del BOE subrayada en colores chillones, unidos a datos que son una pura especulaci\u00f3n de la fuerza investigadora- tan alejada por cierto del rigor que siempre muestra la Jefatura de Informaci\u00f3n de la Guardia Civil-, que han sido hechos suyos por la acusaci\u00f3n y por el Excmo. Magistrado instructor\u201d, se\u00f1ala Bautista. El abogado recalca que el eje central\u201d de \u201clas c\u00e1balas\u201d de la Guardia Civil asumidas por el juez es que existe \u201cuna ingente cantidad de dinero no encontrada\u201d y en poder de \u00c1balos, pero no hay ninguna prueba de ello en el sumario de la causa. Tampoco hay prueba, se\u00f1ala el abogado, para vincular al exministro con los 10.000 euros que, seg\u00fan el comisionista V\u00edctor de Aldama, entregaba mensualmente a Koldo Garc\u00eda para que se lo repartiera con su entonces jefe.<\/p>\n<p class=\"\">El letrado desgrana algunas de estas discrepancias que considera que existen en la investigaci\u00f3n. \u201cAs\u00ed, se destacan aspectos fragmentarios y parciales provenientes del informe patrimonial- que no hubo egreso en las cuentas- y se silencian otros, como es que el gasto en tarjetas de cr\u00e9dito permaneci\u00f3 casi inc\u00f3lume entre por parte alguna\u201d. Bautista afirma, adem\u00e1s, que \u201csolo tergiversando los n\u00fameros\u201d los agentes han llegado a cerrar una cifra de \u201capenas 95.000 euros en diez a\u00f1os\u201d de gastos de los que no hay rastro bancario, lo que hace una cantidad \u201cde apenas 9.500 euros al a\u00f1o\u201d. \u201cPues bien, una supuesta comisi\u00f3n por este importe debida a la adjudicaci\u00f3n de material sanitario y otras facilidades ante distintas administraciones se antoja bastante irrisoria\u201d, se\u00f1ala.<\/p>\n<p class=\"\">El abogado reprocha tambi\u00e9n al juez haber pasado por alto que el ejercicio de la funci\u00f3n p\u00fablica que desarrolla un ministro \u201cafecta al comportamiento habitual en la vida privada\u201d. \u201cPr\u00e1cticamente, todo se convierte en actividad oficial. No se tiene en cuenta ni se ha valorado que, en el periodo en el que el Sr. \u00c1balos fue ministro de Transportes, Movilidad y Agenda Urbana (de junio de 2018 a julio de 2021), tuvo cubiertos pr\u00e1cticamente la mayor\u00eda de los gastos sin necesidad de realizar disposiciones bancarias ni desembolsos, una circunstancia que se extiende a cualquier otro miembro del gobierno de Espa\u00f1a\u201d, asegura Bautista. <\/p>\n<p class=\"\">El abogado abunda en que la Guardia Civil basa sus informes en \u201cinferencias y no hechos\u201d: \u201cNo se puede, como hace la unidad actuante en referencia a la UCO], afirmar a la vez que las cuentas de nuestro cliente \u2018aparecen equilibradas\u2019 y que solo \u2018se observa un volumen de gasto superior\u2019 y, a la vez, hablar de fuentes ocultas de efectivo. Contradicci\u00f3n a la que no ha sido capaz de dar respuesta el instructor, que asume las conclusiones del equipo investigador a pies juntillas, ahora en el Auto que se recurre\u201d, se\u00f1ala el letrado, que tambi\u00e9n considera que el magistrado no ha argumentado por qu\u00e9 ahora existe riesgo de fuga \u201cextremo\u201d, como se\u00f1al\u00f3 en el auto por el que acord\u00f3 la prisi\u00f3n provisional. \u201cSin variaci\u00f3n de circunstancias personales- ha pasado un mes, no dos a\u00f1os, entre una vistilla y otra-, se pasa de acordar la puesta en libertad de nuestro representado a dictarse su ingreso en prisi\u00f3n. La \u00fanica diferencia entre una u otra situaci\u00f3n es la existencia de escritos desaforados de acusaci\u00f3n en lo que se acumulan muchos a\u00f1os de prisi\u00f3n\u201d, lamenta.<\/p>\n","protected":false},"excerpt":{"rendered":"Cuando se cumple una semana desde que fue enviado a prisi\u00f3n provisional, el exministro Jos\u00e9 Luis \u00c1balos ha&hellip;\n","protected":false},"author":2,"featured_media":271183,"comment_status":"","ping_status":"","sticky":false,"template":"","format":"standard","meta":{"footnotes":""},"categories":[8],"tags":[17,18,767,25,24,13,14,11,5610,5611,19,20,3749,9,10,15,16,1699,23,12,4874,21,22,2964],"class_list":{"0":"post-271182","1":"post","2":"type-post","3":"status-publish","4":"format-standard","5":"has-post-thumbnail","7":"category-espana","8":"tag-breaking-news","9":"tag-breakingnews","10":"tag-corrupcion","11":"tag-es","12":"tag-espana","13":"tag-featured-news","14":"tag-featurednews","15":"tag-headlines","16":"tag-jose-luis-abalos","17":"tag-koldo-garcia","18":"tag-latest-news","19":"tag-latestnews","20":"tag-ministerio-de-transportes","21":"tag-news","22":"tag-noticias","23":"tag-noticias-destacadas","24":"tag-noticiasdestacadas","25":"tag-psoe","26":"tag-spain","27":"tag-titulares","28":"tag-tribunal-supremo","29":"tag-ultimas-noticias","30":"tag-ultimasnoticias","31":"tag-victor-de-aldama"},"share_on_mastodon":{"url":"https:\/\/pubeurope.com\/@es\/115662642634019476","error":""},"_links":{"self":[{"href":"https:\/\/www.europesays.com\/es\/wp-json\/wp\/v2\/posts\/271182","targetHints":{"allow":["GET"]}}],"collection":[{"href":"https:\/\/www.europesays.com\/es\/wp-json\/wp\/v2\/posts"}],"about":[{"href":"https:\/\/www.europesays.com\/es\/wp-json\/wp\/v2\/types\/post"}],"author":[{"embeddable":true,"href":"https:\/\/www.europesays.com\/es\/wp-json\/wp\/v2\/users\/2"}],"replies":[{"embeddable":true,"href":"https:\/\/www.europesays.com\/es\/wp-json\/wp\/v2\/comments?post=271182"}],"version-history":[{"count":0,"href":"https:\/\/www.europesays.com\/es\/wp-json\/wp\/v2\/posts\/271182\/revisions"}],"wp:featuredmedia":[{"embeddable":true,"href":"https:\/\/www.europesays.com\/es\/wp-json\/wp\/v2\/media\/271183"}],"wp:attachment":[{"href":"https:\/\/www.europesays.com\/es\/wp-json\/wp\/v2\/media?parent=271182"}],"wp:term":[{"taxonomy":"category","embeddable":true,"href":"https:\/\/www.europesays.com\/es\/wp-json\/wp\/v2\/categories?post=271182"},{"taxonomy":"post_tag","embeddable":true,"href":"https:\/\/www.europesays.com\/es\/wp-json\/wp\/v2\/tags?post=271182"}],"curies":[{"name":"wp","href":"https:\/\/api.w.org\/{rel}","templated":true}]}}