{"id":271184,"date":"2025-12-04T18:10:16","date_gmt":"2025-12-04T18:10:16","guid":{"rendered":"https:\/\/www.europesays.com\/es\/271184\/"},"modified":"2025-12-04T18:10:16","modified_gmt":"2025-12-04T18:10:16","slug":"es-un-partido-peligroso-para-las-mujeres","status":"publish","type":"post","link":"https:\/\/www.europesays.com\/es\/271184\/","title":{"rendered":"\u00abEs un partido peligroso para las mujeres\u00bb"},"content":{"rendered":"<p style=\"\">El l\u00edder del Partido Popular (PP), Alberto N\u00fa\u00f1ez Feij\u00f3o, ha acusado al PSOE de \u00abhipocres\u00eda\u00bb tras las \u00faltimas informaciones acerca de gesti\u00f3n de las presuntas denuncias internas <a href=\"https:\/\/www.abc.es\/espana\/dirigentes-psoe-piden-llevar-salazar-fiscalia-20251204110009-nt.html\" target=\"_self\" data-voc-vtm-id=\"in-text-traffic\" title=\"por acoso laboral contra el exsocialista Francisco Salazar\" rel=\"nofollow noopener\">por acoso laboral contra el exsocialista Francisco Salazar<\/a>. El popular, en un acto de precampa\u00f1a en Don  &#8230; Benito (Badajoz), ha reprochado que el exasesor socialista no fuese \u00abdetectado\u00bb y \u00abapartado\u00bb de sus funciones durante los seis a\u00f1os que trabaj\u00f3 en el Palacio de la Moncloa. Esto, seg\u00fan el popular, \u00abacredita la doble moral y hipocres\u00eda por parte del PSOE\u00bb.<\/p>\n<p class=\"voc-p\" style=\"\">En una jornada marcada tambi\u00e9n por el caso del secretario general del PSOE de Torremolinos investigado por la Fiscal\u00eda <a href=\"https:\/\/www.abc.es\/espana\/andalucia\/malaga\/fiscalia-investiga-lider-psoe-torremolinos-acoso-sexual-20251203220555-nts.html\" target=\"_self\" data-voc-vtm-id=\"in-text-traffic\" title=\"por acoso sexual a otra edil\" data-mrf-link=\"www.abc.es\" rel=\"nofollow noopener\">por acoso sexual a otra edil<\/a>, el l\u00edder de la oposici\u00f3n ha afirmado que \u00abla hipocres\u00eda en el feminismo socialista no solamente no ha parado, sino que sigue creciendo y se sigue manifestando en todo su esplendor\u00bb.  <\/p>\n<p class=\"voc-p\" style=\"\">\u00abDecir que uno es feminista porque es socialista es un sarcasmo\u00bb, ha achacado ante los medios, a\u00f1adiendo que \u00abel PSOE es un partido peligroso para las mujeres\u00bb debido a los casos machistas que rodean a la c\u00fapula del partido. Feij\u00f3o, adem\u00e1s, ha afeado que la portavoz del Gobierno y ministra de Educaci\u00f3n, Pilar Alegr\u00eda, mantuviese una comida con Salazar meses despu\u00e9s de abandonar el partido tras la revelaci\u00f3n de sus supuestas actitudes machistas en el \u00e1mbito laboral: \u00abNo solamente se le ha intentando dar carpetazo a las denuncias de sus compa\u00f1eras\u00bb, ha criticado, recordando despu\u00e9s la reuni\u00f3n con Alegr\u00eda y <a href=\"https:\/\/www.abc.es\/espana\/sanchez-recupera-redondo-salazar-asesores-externos-20251124184129-nt.html\" target=\"_self\" data-voc-vtm-id=\"in-text-traffic\" title=\"su nuevo puesto como asesor externo del partido\" data-mrf-link=\"www.abc.es\" rel=\"nofollow noopener\">su nuevo puesto como asesor externo del partido<\/a>. <\/p>\n<p class=\"voc-p\" style=\"\">El silencio  de los socios de Gobierno ante la situaci\u00f3n de supuesto acoso por Salazar ha sido tambi\u00e9n una de las cr\u00edticas principales por parte del l\u00edder del PP. \u00ab\u00bfQu\u00e9 actitud est\u00e1n teniendo?\u00bb, se ha preguntado Feij\u00f3o, declarando que le \u00abaverg\u00fcenza\u00bb la situaci\u00f3n y acusando al PSOE de haber \u00abdesmoronado\u00bb toda su pol\u00edtica feminista.  \u00abHay conductas que se califican por s\u00ed solas\u00bb, ha sentenciado.<\/p>\n<p>\nInicio de campa\u00f1a en Extremadura\n<\/p>\n<p class=\"voc-p\" style=\"\">El pr\u00f3ximo viernes se dar\u00e1 el pistoletazo de salida a la campa\u00f1a electoral para las elecciones en Extremadura con la tradicional pegada de carteles de los candidatos. A medianoche, Feij\u00f3o acompa\u00f1ar\u00e1 a Mar\u00eda Guardiola como primer acto oficial de promoci\u00f3n para los comicios a Almendralejo para pegar los primeros carteles de la candidata del PP. Unas elecciones cuyo papel en la pol\u00edtica nacional, seg\u00fan el popular, pueden ser clave para el futuro del pa\u00eds: \u00abPuede ser el inicio del fin de la decadencia pol\u00edtica que est\u00e1 viviendo en Espa\u00f1a. Puede ser el inicio del fin del sanchismo. Puede ser una tierra que mande un mensaje de esperanza al resto de espa\u00f1oles\u00bb. Seg\u00fan Feij\u00f3o, \u00abnunca\u00bb unas elecciones \u00abhab\u00edan sido tan importantes para Extremadura\u00bb.<\/p>\n<p class=\"voc-title\">Las elecciones en Extremadura pueden ser \u00abel inicio del fin del sanchismo\u00bb y un \u00abmensaje\u00bb para Espa\u00f1a<\/p>\n<p class=\"voc-p\" style=\"\">\u00abSi ustedes quieren reivindicar, toda Espa\u00f1a se lo va a agradecer\u00bb, ha declarado Feij\u00f3o, aunque ha avisado que \u00absi no quieren\u00bb, se mandar\u00e1 un mensaje que ser\u00eda \u00abmuy mal interpretado\u00bb para la poblaci\u00f3n. El l\u00edder del PP ha aprovechado la ocasi\u00f3n para mostrar su apoyo a Guardiola: \u00abUna de las mujeres con mayor proyecci\u00f3n pol\u00edtica que ha marcado un antes y despu\u00e9s en la pol\u00edtica de Extremadura y Espa\u00f1a\u00bb; y ha acusado al PSOE y Vox de llevar a cabo una \u00abpinza\u00bb contra los populares para \u00abbloquear\u00bb Extremadura y sus cuentas p\u00fablicas. Feij\u00f3o ha se\u00f1alado que Extremadura tiene \u00abdos posibilidades\u00bb: \u00abAvanzar o retroceder\u00bb. En su opini\u00f3n, se trata de no dar \u00abun paso atr\u00e1s\u00bb en cuestiones clave como \u00abla conectividad ferroviaria\u00bb o la utilizaci\u00f3n de energ\u00eda nuclear mediante la central nuclear de Almaraz.<\/p>\n<p class=\"voc-p\" style=\"\">El presidente del PP ha comentado que es \u00aboptimista\u00bb con el futuro resultado de las elecciones auton\u00f3micas. El CIS extreme\u00f1o, en su sondeo electoral del pasado 28 de noviembre, afirm\u00f3 que los populares saldr\u00edan vencedores en los comicios, aunque se ver\u00edan obligados a pactar con Vox para formar gobierno. \u00abCreo que vamos a sacar un muy buen resultado\u00bb, ha vaticinado, aunque ha reconocido que para ello deben visitar \u00abtodos los pueblos\u00bb y \u00abaceptar sus criticas, demandas, consejos y reflexiones\u00bb.<\/p>\n","protected":false},"excerpt":{"rendered":"El l\u00edder del Partido Popular (PP), Alberto N\u00fa\u00f1ez Feij\u00f3o, ha acusado al PSOE de \u00abhipocres\u00eda\u00bb tras las \u00faltimas&hellip;\n","protected":false},"author":2,"featured_media":271185,"comment_status":"","ping_status":"","sticky":false,"template":"","format":"standard","meta":{"footnotes":""},"categories":[5],"tags":[17,18,25,24,13,14,9860,11,39404,19,20,4044,9,10,15,16,1045,3379,1699,36157,11827,23,12,21,22],"class_list":{"0":"post-271184","1":"post","2":"type-post","3":"status-publish","4":"format-standard","5":"has-post-thumbnail","7":"category-titulares","8":"tag-breaking-news","9":"tag-breakingnews","10":"tag-es","11":"tag-espana","12":"tag-featured-news","13":"tag-featurednews","14":"tag-feijoo","15":"tag-headlines","16":"tag-hipocresia","17":"tag-latest-news","18":"tag-latestnews","19":"tag-mujeres","20":"tag-news","21":"tag-noticias","22":"tag-noticias-destacadas","23":"tag-noticiasdestacadas","24":"tag-partido","25":"tag-peligroso","26":"tag-psoe","27":"tag-reprocha","28":"tag-salazar","29":"tag-spain","30":"tag-titulares","31":"tag-ultimas-noticias","32":"tag-ultimasnoticias"},"share_on_mastodon":{"url":"https:\/\/pubeurope.com\/@es\/115662646376530596","error":""},"_links":{"self":[{"href":"https:\/\/www.europesays.com\/es\/wp-json\/wp\/v2\/posts\/271184","targetHints":{"allow":["GET"]}}],"collection":[{"href":"https:\/\/www.europesays.com\/es\/wp-json\/wp\/v2\/posts"}],"about":[{"href":"https:\/\/www.europesays.com\/es\/wp-json\/wp\/v2\/types\/post"}],"author":[{"embeddable":true,"href":"https:\/\/www.europesays.com\/es\/wp-json\/wp\/v2\/users\/2"}],"replies":[{"embeddable":true,"href":"https:\/\/www.europesays.com\/es\/wp-json\/wp\/v2\/comments?post=271184"}],"version-history":[{"count":0,"href":"https:\/\/www.europesays.com\/es\/wp-json\/wp\/v2\/posts\/271184\/revisions"}],"wp:featuredmedia":[{"embeddable":true,"href":"https:\/\/www.europesays.com\/es\/wp-json\/wp\/v2\/media\/271185"}],"wp:attachment":[{"href":"https:\/\/www.europesays.com\/es\/wp-json\/wp\/v2\/media?parent=271184"}],"wp:term":[{"taxonomy":"category","embeddable":true,"href":"https:\/\/www.europesays.com\/es\/wp-json\/wp\/v2\/categories?post=271184"},{"taxonomy":"post_tag","embeddable":true,"href":"https:\/\/www.europesays.com\/es\/wp-json\/wp\/v2\/tags?post=271184"}],"curies":[{"name":"wp","href":"https:\/\/api.w.org\/{rel}","templated":true}]}}