{"id":271188,"date":"2025-12-04T18:18:13","date_gmt":"2025-12-04T18:18:13","guid":{"rendered":"https:\/\/www.europesays.com\/es\/271188\/"},"modified":"2025-12-04T18:18:13","modified_gmt":"2025-12-04T18:18:13","slug":"la-gran-obsesion-de-xavi-pascual-en-el-barca-de-basket-tiene-solucion-el-problema","status":"publish","type":"post","link":"https:\/\/www.europesays.com\/es\/271188\/","title":{"rendered":"La gran obsesi\u00f3n de Xavi Pascual en el Bar\u00e7a de basket: \u00bftiene soluci\u00f3n el problema?"},"content":{"rendered":"<p>    Noticias relacionadas<\/p>\n<p class=\"paragraph\" id=\"paragraph_1\"><a href=\"https:\/\/cronicaglobal.elespanol.com\/culemania\/secciones\/20251203\/siento-halagado-fichaje-xavi-pascual-barca-navarro\/1003742713230_0.html?utm_cmp_rs=linksinline\" target=\"_blank\" rel=\"nofollow noopener\"><strong>Xavi Pascual<\/strong> <\/a>es un entrenador muy intenso. Met\u00f3dico y perfeccionista. Exigente en grado superlativo. <a href=\"https:\/\/cronicaglobal.elespanol.com\/culemania\/secciones\/20251128\/estrella-barca-despega-inversion-millonaria-xavi-pascual\/1003742711695_0.html?utm_cmp_rs=linksinline\" target=\"_blank\" rel=\"nofollow noopener\">El t\u00e9cnico de Gav\u00e0 <\/a><strong>acept\u00f3 la oferta del Bar\u00e7a, tras recibir el encargo de mejorar las prestaciones de un equipo descompensado y sin alma<\/strong>. Tres semanas despu\u00e9s de firmar su contrato con el club azulgrana, Pascual detecta claros s\u00edntomas de mejora, pero tambi\u00e9n asume que algunos problemas siguen enquistados. Sin una soluci\u00f3n inmediata.<\/p>\n<p class=\"paragraph\" id=\"paragraph_2\">\u00ab<strong>En rebote defensivo estamos en una de las \u00faltimas posiciones de la competici\u00f3n y esa es una cosa que es fundamental<\/strong>. Hemos de rebotear mejor, cerrar mejor el rebote y correr mejor las transiciones. Son tres cosas b\u00e1sicas que hemos de hacer progresivamente porque eso no lo cambias en un d\u00eda\u00bb, coment\u00f3 Xavi Pascual, el d\u00eda antes del partido que su equipo disputar\u00e1 contra el <strong>Estrella Roja<\/strong>, en Belgrado. No cito a ning\u00fan jugador, pero pod\u00eda apuntar hacia <strong>Vesely, Hernang\u00f3mez y Fll, los tres p\u00edvots del equipo azulgrana<\/strong>.<\/p>\n<p>El trabajo de Pascual<\/p>\n<p class=\"paragraph\" id=\"paragraph_3\">El t\u00e9cnico del Bar\u00e7a, no obstante, asegura que los jugadores responden bien a sus exigencias:\u00a0\u00ab<strong>La verdad es que estamos trabajando bastante bien, con buen ritmo, buena intensidad en los entrenamientos y con ganas de competir<\/strong>. La cosa ha ido bastante bien, ahora a ver c\u00f3mo nos sale en el partido. Estamos bien, la cosa va bien\u00bb.<\/p>\n<p><img decoding=\"async\" alt=\"Willy Hernang\u00f3mez, en acci\u00f3n durante el Bar\u00e7a de basket-Baskonia\" data-imgm=\"true\" height=\"180\" loading=\"lazy\"  src=\"https:\/\/www.europesays.com\/es\/wp-content\/uploads\/2025\/11\/1003742707969_15409433_1024x576.jpg\"  width=\"320\"\/><\/p>\n<p>                                                            Willy Hernang\u00f3mez, en acci\u00f3n durante el Bar\u00e7a de basket-Baskonia<\/p>\n<p>                    EFE<\/p>\n<p class=\"paragraph\" id=\"paragraph_5\">\u00ab<strong>Es la intensidad en el juego y la continuidad<\/strong>. El baloncesto en Europa en buena medida se juega en las transiciones, las transiciones, ofensivas y defensivas, tienen que mejorar, y eso es no parar\u00bb,<a href=\"https:\/\/cronicaglobal.elespanol.com\/culemania\/secciones\/20251202\/crack-barca-basket-toca-xavi-pascual-luz\/1003742712711_0.html?utm_cmp_rs=linksinline\" target=\"_blank\" rel=\"nofollow noopener\"> insisti\u00f3 Pascual<\/a>.<\/p>\n<p>Noveno en la Euroliga<\/p>\n<p class=\"paragraph\" id=\"paragraph_6\">Partidario de un baloncesto control, con muchos sistemas en su mente, Pascual a\u00f1adi\u00f3: \u00ab<strong>Cuando terminas una buena defensa y coges el rebote no puedes quedarte respirando porque has cogido el rebote, hay que seguir jugando, igual que cuando fallas una acci\u00f3n no puedes pararte ni una d\u00e9cima de segundo y hay que correr para atr\u00e1s<\/strong>. Eso no solamente es f\u00edsico, es mental, es h\u00e1bito, es todo junto. Para ponerlo al nivel que pretendo, hay que trabajar muy bien en los entrenamientos\u00bb.<\/p>\n<p><img decoding=\"async\" alt=\"Jan Vesely en el Bar\u00e7a de basket-Virtus Bolonia de la Euroliga\" data-imgm=\"true\" height=\"240\" loading=\"lazy\"  src=\"https:\/\/www.europesays.com\/es\/wp-content\/uploads\/2025\/11\/1003742707688_15406264_854x640.jpg\"  width=\"320\"\/><\/p>\n<p>                                                            Jan Vesely en el Bar\u00e7a de basket-Virtus Bolonia de la Euroliga<\/p>\n<p>                    FCB<\/p>\n<p class=\"paragraph\" id=\"paragraph_7\">El Bar\u00e7a es noveno en la Euroliga, con ocho victorias y cinco derrotas. <strong>El mismo balance tiene el Zalgiris, cuarto clasificado<\/strong>. Ganar la m\u00e1xima competici\u00f3n europea parece una utop\u00eda en el Palau, pero el t\u00e9cnico no renuncia a nada. Y mucho menos a la Final Four.<\/p>\n","protected":false},"excerpt":{"rendered":"Noticias relacionadas Xavi Pascual es un entrenador muy intenso. Met\u00f3dico y perfeccionista. Exigente en grado superlativo. El t\u00e9cnico&hellip;\n","protected":false},"author":2,"featured_media":271189,"comment_status":"","ping_status":"","sticky":false,"template":"","format":"standard","meta":{"footnotes":""},"categories":[269],"tags":[299,298,168,25,24,4469,4468,4470,23,167,4658],"class_list":{"0":"post-271188","1":"post","2":"type-post","3":"status-publish","4":"format-standard","5":"has-post-thumbnail","7":"category-baloncesto","8":"tag-baloncesto","9":"tag-basketball","10":"tag-deportes","11":"tag-es","12":"tag-espana","13":"tag-fcb-basket","14":"tag-juan-carlos-navarro","15":"tag-secciones","16":"tag-spain","17":"tag-sports","18":"tag-xavi-pascual"},"share_on_mastodon":{"url":"https:\/\/pubeurope.com\/@es\/115662678512985744","error":""},"_links":{"self":[{"href":"https:\/\/www.europesays.com\/es\/wp-json\/wp\/v2\/posts\/271188","targetHints":{"allow":["GET"]}}],"collection":[{"href":"https:\/\/www.europesays.com\/es\/wp-json\/wp\/v2\/posts"}],"about":[{"href":"https:\/\/www.europesays.com\/es\/wp-json\/wp\/v2\/types\/post"}],"author":[{"embeddable":true,"href":"https:\/\/www.europesays.com\/es\/wp-json\/wp\/v2\/users\/2"}],"replies":[{"embeddable":true,"href":"https:\/\/www.europesays.com\/es\/wp-json\/wp\/v2\/comments?post=271188"}],"version-history":[{"count":0,"href":"https:\/\/www.europesays.com\/es\/wp-json\/wp\/v2\/posts\/271188\/revisions"}],"wp:featuredmedia":[{"embeddable":true,"href":"https:\/\/www.europesays.com\/es\/wp-json\/wp\/v2\/media\/271189"}],"wp:attachment":[{"href":"https:\/\/www.europesays.com\/es\/wp-json\/wp\/v2\/media?parent=271188"}],"wp:term":[{"taxonomy":"category","embeddable":true,"href":"https:\/\/www.europesays.com\/es\/wp-json\/wp\/v2\/categories?post=271188"},{"taxonomy":"post_tag","embeddable":true,"href":"https:\/\/www.europesays.com\/es\/wp-json\/wp\/v2\/tags?post=271188"}],"curies":[{"name":"wp","href":"https:\/\/api.w.org\/{rel}","templated":true}]}}