{"id":271195,"date":"2025-12-04T18:23:12","date_gmt":"2025-12-04T18:23:12","guid":{"rendered":"https:\/\/www.europesays.com\/es\/271195\/"},"modified":"2025-12-04T18:23:12","modified_gmt":"2025-12-04T18:23:12","slug":"el-creador-de-euphoria-desvela-los-detalles-de-la-tercera-temporada-se-estrenara-en-abril-y-habra-boda-de-dos-protagonistas-cine-y-tv","status":"publish","type":"post","link":"https:\/\/www.europesays.com\/es\/271195\/","title":{"rendered":"El creador de &#8216;Euphoria&#8217; desvela los detalles de la tercera temporada: se estrenar\u00e1 en abril y habr\u00e1 boda de dos protagonistas | Cine y TV"},"content":{"rendered":"<p class=\"loc\">Madrid<\/p>\n<p>El tiempo de espera se va terminando. El creador de Euphoria, Sam Levinson, ha confirmado que <a href=\"https:\/\/cadenaser.com\/nacional\/2025\/02\/14\/hbo-anuncia-la-nueva-temporada-de-euphoria-con-rosalia-como-estrella-invitada-cadena-ser\/\" target=\"_blank\" rel=\"nofollow noopener\" title=\"https:\/\/cadenaser.com\/nacional\/2025\/02\/14\/hbo-anuncia-la-nueva-temporada-de-euphoria-con-rosalia-como-estrella-invitada-cadena-ser\/\">la tercera temporada de la serie<\/a>, una de las m\u00e1s vistas en la historia de HBO Max, llegar\u00e1 a la plataforma el pr\u00f3ximo abril de 2026. <\/p>\n<p>M\u00e1s informaci\u00f3n<\/p>\n<p>Levinson ha desatado la ilusi\u00f3n de millones de espectadores alrededor del mundo, que llevan tres a\u00f1os esperando la nueva entrega de la serie. Un estreno que se ha puesto en duda a lo largo de este tiempo debido a la huelga de actores y actrices de Hollywood en el verano de 2023, el abandono del proyecto de varios protagonistas o la muerte de uno de ellos, <a href=\"https:\/\/cadenaser.com\/nacional\/2023\/08\/01\/muere-a-los-25-anos-angus-cloud-protagonista-de-la-serie-euphoria-cadena-ser\/\" target=\"_blank\" rel=\"nofollow noopener\" title=\"https:\/\/cadenaser.com\/nacional\/2023\/08\/01\/muere-a-los-25-anos-angus-cloud-protagonista-de-la-serie-euphoria-cadena-ser\/\">Angus Cloud<\/a>, tambi\u00e9n en 2023. <\/p>\n<p>Sin embargo, el proyecto ha salido finalmente adelante y en \u00e9l se recuperar\u00e1n las historias personales de personajes como Rue, interpretado por Zendaya, o de Nate y Cassie, que dan vida Jacob Elordi y Sydney Sweeney respectivamente. <\/p>\n<p>Sobre estos dos, precisamente, ha dado algunos detalles el creador de la serie, que ha confirmado tambi\u00e9n que la historia se situar\u00e1 cinco a\u00f1os despu\u00e9s de donde se qued\u00f3 en la segunda temporada. \u00abCassie vive en las afueras con Nate, est\u00e1n comprometidos y ella es muy adicta a las redes sociales, as\u00ed como envidiosa de lo que parecen ser las incre\u00edbles vidas de sus compa\u00f1eros de instituto\u00bb, ha comentado a la revista estadounidense <a href=\"https:\/\/variety.com\/2025\/tv\/global\/euphoria-season-3-release-date-april-1236598979\/\" target=\"_blank\" rel=\"nofollow noopener\" title=\"https:\/\/variety.com\/2025\/tv\/global\/euphoria-season-3-release-date-april-1236598979\/\">Variety<\/a>.<\/p>\n<p>Levinson, que ha asegurado que esta ser\u00e1 \u00abla mejor temporada hasta ahora\u00bb, ha confirmado, adem\u00e1s, que se llegar\u00e1 a celebrar la boda de ambos personajes. \u00abDe hecho, Cassie y Nate se casar\u00e1n. Lo confirmo. Y prometo que ser\u00e1 una noche inolvidable\u00bb, ha a\u00f1adido. <\/p>\n<p>Fichajes nuevos y la deriva del resto de personajes<\/p>\n<p>El creador de la serie ha querido tener palabras y darle protagonismo al resto de personajes, cuya presencia ha sido esencial para que se pudiese desarrollar la tercera temporada. Seg\u00fan Levinson, Rue, uno de los m\u00e1s queridos de Euphoria, comenzar\u00e1 su historia en la \u00faltima entrega desde la frontera con M\u00e9xico, donde trata de reparar las deudas que tiene con Laurie. <\/p>\n<p>\u00abTratar\u00e1 de buscar ideas ingeniosas para pagarlas\u00bb, ha destacado el tambi\u00e9n director y guionista de la serie. En cuanto a Jules, Levinson ha confirmado que el personaje al que da vida Hunter Schafer estar\u00e1 en la escuela de arte, \u00abmuy nerviosa por tener una carrera como pintora, pero tratando de evitar la responsabilidad\u00bb. <\/p>\n<p>En cuanto a Maddy, Levinson ha explicado que en esta tercera entrega estar\u00e1 en Hollywood trabajando como manager de una agencia de talentos. \u00abEs evidente que tiene sus propios negocios paralelos\u00bb, ha dejado caer el creador, que ha preparado el ambiente para uno de los estrenos m\u00e1s esperados de 2026. <\/p>\n","protected":false},"excerpt":{"rendered":"Madrid El tiempo de espera se va terminando. El creador de Euphoria, Sam Levinson, ha confirmado que la&hellip;\n","protected":false},"author":2,"featured_media":271196,"comment_status":"","ping_status":"","sticky":false,"template":"","format":"standard","meta":{"footnotes":""},"categories":[171],"tags":[1765,146,147,25,24,23,1766,214],"class_list":{"0":"post-271195","1":"post","2":"type-post","3":"status-publish","4":"format-standard","5":"has-post-thumbnail","7":"category-tv","8":"tag-bestof","9":"tag-entertainment","10":"tag-entretenimiento","11":"tag-es","12":"tag-espana","13":"tag-spain","14":"tag-topix","15":"tag-tv"},"share_on_mastodon":{"url":"https:\/\/pubeurope.com\/@es\/115662697783209522","error":""},"_links":{"self":[{"href":"https:\/\/www.europesays.com\/es\/wp-json\/wp\/v2\/posts\/271195","targetHints":{"allow":["GET"]}}],"collection":[{"href":"https:\/\/www.europesays.com\/es\/wp-json\/wp\/v2\/posts"}],"about":[{"href":"https:\/\/www.europesays.com\/es\/wp-json\/wp\/v2\/types\/post"}],"author":[{"embeddable":true,"href":"https:\/\/www.europesays.com\/es\/wp-json\/wp\/v2\/users\/2"}],"replies":[{"embeddable":true,"href":"https:\/\/www.europesays.com\/es\/wp-json\/wp\/v2\/comments?post=271195"}],"version-history":[{"count":0,"href":"https:\/\/www.europesays.com\/es\/wp-json\/wp\/v2\/posts\/271195\/revisions"}],"wp:featuredmedia":[{"embeddable":true,"href":"https:\/\/www.europesays.com\/es\/wp-json\/wp\/v2\/media\/271196"}],"wp:attachment":[{"href":"https:\/\/www.europesays.com\/es\/wp-json\/wp\/v2\/media?parent=271195"}],"wp:term":[{"taxonomy":"category","embeddable":true,"href":"https:\/\/www.europesays.com\/es\/wp-json\/wp\/v2\/categories?post=271195"},{"taxonomy":"post_tag","embeddable":true,"href":"https:\/\/www.europesays.com\/es\/wp-json\/wp\/v2\/tags?post=271195"}],"curies":[{"name":"wp","href":"https:\/\/api.w.org\/{rel}","templated":true}]}}