{"id":271197,"date":"2025-12-04T18:24:09","date_gmt":"2025-12-04T18:24:09","guid":{"rendered":"https:\/\/www.europesays.com\/es\/271197\/"},"modified":"2025-12-04T18:24:09","modified_gmt":"2025-12-04T18:24:09","slug":"evento-de-presentacion-para-el-disco-de-megadeth-armored-saint-ultimando-su-proxima-obra-nuevo-single-de-headon","status":"publish","type":"post","link":"https:\/\/www.europesays.com\/es\/271197\/","title":{"rendered":"Evento de presentaci\u00f3n para el disco de MEGADETH. ARMORED SAINT ultimando su pr\u00f3xima obra. Nuevo single de HEADON."},"content":{"rendered":"<p>\u00a0<\/p>\n<p style=\"text-align: center;\"><strong><a href=\"#MEGADETH5\">Evento de presentaci\u00f3n para el disco de MEGADETH<\/a> \u2013 <a href=\"#SAINT\">ARMORED SAINT ultimando su pr\u00f3xima obra<\/a> \u2013<a href=\"#HEADON\"> Nuevo single de HEADON<\/a>.<\/strong><\/p>\n<p><strong>MEGADETH<\/strong> ofrecer\u00e1n el 22 de enero un evento global en cines de todo el mundo para presentar su pr\u00f3ximo disco hom\u00f3nimo.<\/p>\n<p>Balo el t\u00edtulo de \u201cMegadeth: Behind The Mask\u201d se podr\u00e1 escuchar en exclusiva el nuevo \u00e1lbum del grupo con comentarios de la propia banda y acompa\u00f1do por una retrospectiva de toda la carrera de la banda.<\/p>\n<p>Las entradas saldr\u00e1n a la venta el 11 de diciembre.<\/p>\n<p>Ten\u00e9is m\u00e1s detalles en este <a href=\"https:\/\/megadethfilm.com\/\" rel=\"nofollow noopener\" target=\"_blank\">enlace<\/a>.<\/p>\n<p><img fetchpriority=\"high\" decoding=\"async\" src=\"https:\/\/www.europesays.com\/es\/wp-content\/uploads\/2025\/12\/PromoAccessory_919862.jpg\" alt=\"MEGADETH\" width=\"400\" height=\"300\"\/><\/p>\n<p>Ese pr\u00f3ximo disco hom\u00f3nimo est\u00e1 dispuesto para el 23 de enero a trav\u00e9s de la filial de Frontiers Music BLKIIBLK.<\/p>\n<p>M\u00e1s detalles en esta <a href=\"https:\/\/www.rafabasa.com\/2025\/10\/30\/megadeth-swedish-erotica-katatonia\/#MEGADETH\" rel=\"nofollow noopener\" target=\"_blank\">noticia<\/a> y los singles aparecidos en esta <a href=\"https:\/\/www.rafabasa.com\/2025\/11\/14\/megadeth-coreleoni-party-san-open-air\/\" rel=\"nofollow noopener\" target=\"_blank\">noticia<\/a>.<\/p>\n<p><a href=\"https:\/\/www.rafabasa.com\/2025\/11\/12\/megadeth-devin-townsend-teksuo\/#MEGADETH3\" target=\"_blank\" rel=\"noopener nofollow\"><strong>La gira de despedida de MEGADETH podr\u00eda durar hasta 5 a\u00f1os<\/strong><\/a><\/p>\n<p>Con motivo de su cuadrag\u00e9simo aniversario, el 17 de octubre ver\u00e1 la luz una edici\u00f3n especial en caja del primer disco de <a href=\"https:\/\/www.megadeth.com\/\" target=\"_blank\" rel=\"noopener nofollow\"><strong>MEGADETH<\/strong><\/a> \u201cKilling Is My Business\u2026 And Business Is Good\u201d.<\/p>\n<p>Todos los detalles en esta <a href=\"https:\/\/www.rafabasa.com\/2025\/06\/27\/megadeth-jelusick-igorrr\/#MEGADETH\" rel=\"nofollow noopener\" target=\"_blank\">noticia<\/a>.<\/p>\n<p>\u00a0<\/p>\n<p>\u00a0<\/p>\n<p>El cantante de <strong>ARMORED SAINT John Bush<\/strong> ha hablado del <a href=\"https:\/\/www.rafabasa.com\/2025\/10\/13\/masterplan-armored-saint-john-waterhouse\/#ARMORED_SAINT\" rel=\"nofollow noopener\" target=\"_blank\">pr\u00f3ximo disco<\/a> del grupo en una entrevista con el programa de la emisora de Detroit WRIF \u201cMeltdown\u201d.<\/p>\n<p>\u00abEst\u00e1 acabado, masterizado y terminado, pero no s\u00e9 cual es nuestro protocolo a la hora de revelar el t\u00edtulo y los nombres de las canciones. Supongo que se sabr\u00e1 pronto, es probable que lo anunciemos despu\u00e9s de a\u00f1o nuevo. En cualquier caso es fant\u00e1stico y suena tremendo. Seguimos avanzando respecto a nuestro estilo y todo el viaje. Deber\u00edamos sacar una nota de prensa en breve. En cualquier caso, cuando salga, saldr\u00e1. Tiene 11 temas, y es que hemos tenido una tendencia a componer temas un poco largos, ahora el sello nos ha pedido temas m\u00e1s cortos, y nos hemos centrado en hacer temas m\u00e1s breves. Y la portada es fant\u00e1stica.<\/p>\n<p>Se supone que va a salir hacia el 9 o el 9 de abril, pero no s\u00e9 si sigue siendo as\u00ed.\u00bb<\/p>\n<p>Ten\u00e9is la charla completa a continuaci\u00f3n.<\/p>\n<p>Su \u00faltimo trabajo \u201cPunching The Sky\u201d apareci\u00f3 el 23 de octubre de 2020 a trav\u00e9s de Metal Blade, y puede escucharse \u00edntegro en este <a href=\"https:\/\/www.rafabasa.com\/2020\/10\/23\/iced-earth-volbeat-magnum-armored-saint-katatonia\/#ARMORED_SAINT\" target=\"_blank\" rel=\"noopener nofollow\">bloque<\/a>.<\/p>\n<p>Todos los detalles del disco en esta <a href=\"https:\/\/www.rafabasa.com\/2020\/08\/12\/metallica-lita-ford-armored-saint-namm-legend\/#ARMORED_SAINT\" target=\"_blank\" rel=\"noopener nofollow\">noticia<\/a> y sus \u00faltimos v\u00eddeos en <a href=\"https:\/\/www.rafabasa.com\/2020\/12\/01\/vince-neil-phil-lewis-armored-saint-primus-insidious-disease-massacre\/#ARMORED_SAINT\" target=\"_blank\" rel=\"noopener nofollow\">esta<\/a>.<\/p>\n<p>\u00a0<\/p>\n<p>\u00a0<\/p>\n<p><a href=\"https:\/\/www.facebook.com\/OficialHeadon\" target=\"_blank\" rel=\"noopener nofollow\"><strong>HEADON<\/strong><\/a> han estrenado un nuevo single titulado \u201cMemento\u201d.<\/p>\n<p>El tema ha sido mezclado y masterizado por Javier Perera Mart\u00edn.<\/p>\n<p>Su \u00faltimo trabajo \u201c\u00c9xodo\u201d sali\u00f3 en marzo de 2023.<\/p>\n<p>M\u00e1s sobre la banda en esta <a href=\"https:\/\/www.rafabasa.com\/2024\/12\/20\/slayer-dark-funeral-headon-liantes-metaleros\/#HEADON\" target=\"_blank\" rel=\"noopener nofollow\">noticia<\/a>.<\/p>\n<p>\u00a0<\/p>\n<p align=\"center\"><strong>Sigue el\u00a0<a href=\"https:\/\/whatsapp.com\/channel\/0029VaCprxVBA1f555USvT2O\" target=\"_blank\" rel=\"nofollow noopener\">Canal de RAFABASA.COM en WhatsApp<\/a>, donde encontrar\u00e1s todas nuestras novedades al instante<\/strong><\/p>\n<p>\u00a0<\/p>\n","protected":false},"excerpt":{"rendered":"\u00a0 Evento de presentaci\u00f3n para el disco de MEGADETH \u2013 ARMORED SAINT ultimando su pr\u00f3xima obra \u2013 Nuevo&hellip;\n","protected":false},"author":2,"featured_media":271198,"comment_status":"","ping_status":"","sticky":false,"template":"","format":"standard","meta":{"footnotes":""},"categories":[170],"tags":[50109,146,147,25,24,51062,13321,184,185,23],"class_list":{"0":"post-271197","1":"post","2":"type-post","3":"status-publish","4":"format-standard","5":"has-post-thumbnail","7":"category-musica","8":"tag-armored-saint","9":"tag-entertainment","10":"tag-entretenimiento","11":"tag-es","12":"tag-espana","13":"tag-headon","14":"tag-megadeth","15":"tag-music","16":"tag-musica","17":"tag-spain"},"share_on_mastodon":{"url":"https:\/\/pubeurope.com\/@es\/115662702043499834","error":""},"_links":{"self":[{"href":"https:\/\/www.europesays.com\/es\/wp-json\/wp\/v2\/posts\/271197","targetHints":{"allow":["GET"]}}],"collection":[{"href":"https:\/\/www.europesays.com\/es\/wp-json\/wp\/v2\/posts"}],"about":[{"href":"https:\/\/www.europesays.com\/es\/wp-json\/wp\/v2\/types\/post"}],"author":[{"embeddable":true,"href":"https:\/\/www.europesays.com\/es\/wp-json\/wp\/v2\/users\/2"}],"replies":[{"embeddable":true,"href":"https:\/\/www.europesays.com\/es\/wp-json\/wp\/v2\/comments?post=271197"}],"version-history":[{"count":0,"href":"https:\/\/www.europesays.com\/es\/wp-json\/wp\/v2\/posts\/271197\/revisions"}],"wp:featuredmedia":[{"embeddable":true,"href":"https:\/\/www.europesays.com\/es\/wp-json\/wp\/v2\/media\/271198"}],"wp:attachment":[{"href":"https:\/\/www.europesays.com\/es\/wp-json\/wp\/v2\/media?parent=271197"}],"wp:term":[{"taxonomy":"category","embeddable":true,"href":"https:\/\/www.europesays.com\/es\/wp-json\/wp\/v2\/categories?post=271197"},{"taxonomy":"post_tag","embeddable":true,"href":"https:\/\/www.europesays.com\/es\/wp-json\/wp\/v2\/tags?post=271197"}],"curies":[{"name":"wp","href":"https:\/\/api.w.org\/{rel}","templated":true}]}}