{"id":271203,"date":"2025-12-04T18:27:09","date_gmt":"2025-12-04T18:27:09","guid":{"rendered":"https:\/\/www.europesays.com\/es\/271203\/"},"modified":"2025-12-04T18:27:09","modified_gmt":"2025-12-04T18:27:09","slug":"los-casos-de-gripe-crecen-en-la-comunidad-de-madrid-un-147-en-una-semana","status":"publish","type":"post","link":"https:\/\/www.europesays.com\/es\/271203\/","title":{"rendered":"Los casos de gripe crecen en la Comunidad de Madrid un 147% en una semana"},"content":{"rendered":"<p>            <a href=\"https:\/\/gacetamedica.com\/wp-content\/uploads\/2025\/12\/GettyImages-1319597266-e1764777700966.jpg\" data-caption=\"\" rel=\"nofollow noopener\" target=\"_blank\"><img loading=\"lazy\" decoding=\"async\" width=\"696\" height=\"463\" class=\"entry-thumb td-modal-image\" src=\"https:\/\/www.europesays.com\/es\/wp-content\/uploads\/2025\/12\/GettyImages-1319597266-696x463.jpg\"   alt=\"gripe\" title=\"\"\/><\/a><\/p>\n<p>La Comunidad de Madrid afronta un inicio de diciembre marcado por un notable incremento de la gripe y del conjunto de infecciones respiratorias agudas (IRA), seg\u00fan el Informe Epidemiol\u00f3gico Semanal publicado por la Direcci\u00f3n General de Salud P\u00fablica con datos provisionales hasta el 30 de noviembre (semana 48). La regi\u00f3n entra de lleno en la fase ascendente del invierno epidemiol\u00f3gico, con una circulaci\u00f3n cada vez m\u00e1s intensa de gripe, virus respiratorio sincitial (VRS) y otros pat\u00f3genos respiratorios.<\/p>\n<p>El comportamiento de <a href=\"https:\/\/www.comunidad.madrid\/servicios\/salud\/gripe\" data-type=\"link\" data-id=\"https:\/\/www.comunidad.madrid\/servicios\/salud\/gripe\" target=\"_blank\" rel=\"noreferrer noopener nofollow\">la gripe<\/a> durante la semana 48 refleja un ascenso brusco que confirma el inicio del pico estacional. El sistema de Enfermedades de Declaraci\u00f3n Obligatoria (EDO) notific\u00f3 <strong>7.872 casos<\/strong>, lo que supone <strong>casi 5.000 m\u00e1s<\/strong> que la semana previa. Desde el arranque de la temporada 2025-2026, la Comunidad suma ya <strong>16.259 casos<\/strong>.<\/p>\n<p>La tasa acumulada asciende a <strong>112,31 casos por 100.000 habitantes<\/strong>, muy por encima del umbral epid\u00e9mico fijado en 22,38. La curva muestra una progresi\u00f3n m\u00e1s intensa que en las temporadas precedentes, lo que indica una circulaci\u00f3n temprana y r\u00e1pida del virus.<\/p>\n<p>Los datos del sistema centinela de vigilancia en Atenci\u00f3n Primaria respaldan esta tendencia: la incidencia semanal de gripe se situ\u00f3 en <strong>112,24 casos por 100.000 habitantes<\/strong>, lo que representa un incremento del <strong>147%<\/strong> respecto a la semana anterior. El crecimiento es especialmente pronunciado en la poblaci\u00f3n infantil: los mayores aumentos se concentran en los ni\u00f1os de <strong>5 a 14 a\u00f1os<\/strong>, que alcanzan <strong>491,10 casos por 100.000 habitantes<\/strong>, y en los de <strong>0 a 4 a\u00f1os<\/strong>, con <strong>410,63<\/strong>.<\/p>\n<p>En el \u00e1mbito hospitalario, la incidencia se situ\u00f3 en <strong>3,39 casos por 100.000 habitantes<\/strong>, un 30% m\u00e1s que la semana precedente. El grupo m\u00e1s afectado vuelve a ser el de <strong>mayores de 80 a\u00f1os<\/strong>, que registra la cifra m\u00e1s elevada entre los hospitalizados, con <strong>29,09 por 100.000 habitantes<\/strong>.<\/p>\n<p><a href=\"https:\/\/www.europesays.com\/es\/wp-content\/uploads\/2025\/12\/1764872829_709_image-1.png\" class=\"td-modal-image\"><img fetchpriority=\"high\" decoding=\"async\" width=\"797\" height=\"272\" src=\"https:\/\/www.europesays.com\/es\/wp-content\/uploads\/2025\/12\/1764872829_709_image-1.png\" alt=\"\" class=\"wp-image-223827\"  \/><\/a><\/p>\n<p><strong>Predominio del virus de la gripe A(H3N2)<\/strong><\/p>\n<p>El informe detalla que, en las muestras procesadas por el sistema centinela, se ha identificado el virus de la gripe en el <strong>35,4%<\/strong> de las recogidas en Atenci\u00f3n Primaria y en el <strong>24%<\/strong> de las del \u00e1mbito hospitalario. En ambos entornos predomina <a href=\"https:\/\/gacetamedica.com\/investigacion\/gripe-ah3n2-adelanta-temporada-vacunas-proteccion-eficaz\/\" data-type=\"link\" data-id=\"https:\/\/gacetamedica.com\/investigacion\/gripe-ah3n2-adelanta-temporada-vacunas-proteccion-eficaz\/\" target=\"_blank\" rel=\"noreferrer noopener nofollow\"><strong>la circulaci\u00f3n del virus A(H3N2)<\/strong><\/a>, que suele asociarse a temporadas con mayor impacto en las personas mayores y con picos epid\u00e9micos tempranos, aunque tambi\u00e9n se han detectado virus A(H1N1) y otros A sin subtipar.<\/p>\n<p>El predominio de estos subtipos puede influir en el patr\u00f3n de hospitalizaci\u00f3n en las pr\u00f3ximas semanas, especialmente en poblaci\u00f3n vulnerable.<\/p>\n<p>El fr\u00edo y la elevada circulaci\u00f3n viral se reflejan en el aumento generalizado de las infecciones respiratorias agudas. La incidencia de IRA en Atenci\u00f3n Primaria alcanz\u00f3 <strong>779,87 casos por 100.000 habitantes<\/strong>, un <strong>36,1%<\/strong> m\u00e1s que la semana previa. El grupo m\u00e1s afectado vuelve a ser el de los menores de cinco a\u00f1os, que registran una cifra muy elevada: <strong>4.078,65 casos por 100.000 habitantes<\/strong>.<\/p>\n<p>En Atenci\u00f3n Hospitalaria, la incidencia tambi\u00e9n crece, alcanzando los <strong>16,91 casos por 100.000 habitantes<\/strong> (un 14,7% m\u00e1s). Los mayores de 80 a\u00f1os concentran la mayor parte de las hospitalizaciones por infecci\u00f3n respiratoria, con una incidencia de <strong>124,99 por 100.000 habitantes<\/strong>.<\/p>\n<p><strong>Bronquiolitis y VRS: presi\u00f3n creciente en menores de un a\u00f1o<\/strong><\/p>\n<p>La vigilancia de bronquitis y bronquiolitis en menores de 0 a 4 a\u00f1os mantiene una tendencia ascendente. Durante la semana 48 se notificaron <strong>1.114 episodios<\/strong>, 246 m\u00e1s que la semana anterior. El acumulado de la temporada 2025-2026 alcanza ya <strong>5.612 casos<\/strong>.<\/p>\n<p>En menores de un a\u00f1o, la incidencia lleg\u00f3 a <strong>813,88 casos por 100.000 habitantes<\/strong> en Atenci\u00f3n Primaria. Aunque en el entorno hospitalario la cifra disminuy\u00f3 ligeramente frente a la semana previa, contin\u00faa siendo elevada: <strong>50,64 por 100.000 habitantes<\/strong>.<\/p>\n<p>El virus respiratorio sincitial, principal causante de bronquiolitis grave en lactantes, se identific\u00f3 en el <strong>6,1%<\/strong> de las muestras analizadas en centros de salud y en el <strong>14,3%<\/strong> de las recogidas en hospitales, lo que confirma una circulaci\u00f3n en aumento.<\/p>\n<p>En paralelo a la gripe y a otros virus respiratorios, la COVID-19 contin\u00faa presente, aunque con un impacto mucho menor que en a\u00f1os anteriores. En la poblaci\u00f3n de 60 o m\u00e1s a\u00f1os se registraron <strong>54 casos<\/strong> durante la \u00faltima semana, un <strong>3,8%<\/strong> m\u00e1s que la anterior, con mayor incidencia en el grupo de 80 a 89 a\u00f1os (4,6 por 100.000 habitantes). Se detect\u00f3 tambi\u00e9n un caso de la variante BA.2.86 y m\u00faltiples sublinajes en vigilancia, aunque sin impacto epidemiol\u00f3gico rese\u00f1able por el momento.<\/p>\n<p><strong>Tambi\u00e9n te puede interesar\u2026<\/strong><\/p>\n","protected":false},"excerpt":{"rendered":"La Comunidad de Madrid afronta un inicio de diciembre marcado por un notable incremento de la gripe y&hellip;\n","protected":false},"author":2,"featured_media":271204,"comment_status":"","ping_status":"","sticky":false,"template":"","format":"standard","meta":{"footnotes":""},"categories":[92],"tags":[25,24,165,166,23],"class_list":{"0":"post-271203","1":"post","2":"type-post","3":"status-publish","4":"format-standard","5":"has-post-thumbnail","7":"category-salud","8":"tag-es","9":"tag-espana","10":"tag-health","11":"tag-salud","12":"tag-spain"},"share_on_mastodon":{"url":"https:\/\/pubeurope.com\/@es\/115662713657280191","error":""},"_links":{"self":[{"href":"https:\/\/www.europesays.com\/es\/wp-json\/wp\/v2\/posts\/271203","targetHints":{"allow":["GET"]}}],"collection":[{"href":"https:\/\/www.europesays.com\/es\/wp-json\/wp\/v2\/posts"}],"about":[{"href":"https:\/\/www.europesays.com\/es\/wp-json\/wp\/v2\/types\/post"}],"author":[{"embeddable":true,"href":"https:\/\/www.europesays.com\/es\/wp-json\/wp\/v2\/users\/2"}],"replies":[{"embeddable":true,"href":"https:\/\/www.europesays.com\/es\/wp-json\/wp\/v2\/comments?post=271203"}],"version-history":[{"count":0,"href":"https:\/\/www.europesays.com\/es\/wp-json\/wp\/v2\/posts\/271203\/revisions"}],"wp:featuredmedia":[{"embeddable":true,"href":"https:\/\/www.europesays.com\/es\/wp-json\/wp\/v2\/media\/271204"}],"wp:attachment":[{"href":"https:\/\/www.europesays.com\/es\/wp-json\/wp\/v2\/media?parent=271203"}],"wp:term":[{"taxonomy":"category","embeddable":true,"href":"https:\/\/www.europesays.com\/es\/wp-json\/wp\/v2\/categories?post=271203"},{"taxonomy":"post_tag","embeddable":true,"href":"https:\/\/www.europesays.com\/es\/wp-json\/wp\/v2\/tags?post=271203"}],"curies":[{"name":"wp","href":"https:\/\/api.w.org\/{rel}","templated":true}]}}