{"id":271207,"date":"2025-12-04T18:29:08","date_gmt":"2025-12-04T18:29:08","guid":{"rendered":"https:\/\/www.europesays.com\/es\/271207\/"},"modified":"2025-12-04T18:29:08","modified_gmt":"2025-12-04T18:29:08","slug":"creative-assembly-ha-anunciado-total-war-medieval-iii","status":"publish","type":"post","link":"https:\/\/www.europesays.com\/es\/271207\/","title":{"rendered":"Creative Assembly ha anunciado Total War: Medieval III"},"content":{"rendered":"<p>&#13;<br \/>\nSEGA ha anunciado Total War: Medieval III.&#13;\n<\/p>\n<p>&#13;<br \/>\nLa pr\u00f3xima entrega de la saga de estrategia de Creative Assembly est\u00e1 en \u00abfases iniciales de desarrollo\u00bb; la anterior entrega de esta subserie (Medieval II: Total War) databa de 2006. Desde entonces Total War se ha desplazado a numerosas \u00e9pocas e incluso a universos fant\u00e1sticos.&#13;\n<\/p>\n<p>&#13;<br \/>\nEl anuncio no ha venido acompa\u00f1ado de gameplay, tan solo de una cinem\u00e1tica con actores reales:&#13;\n<\/p>\n<p><a class=\"button video\" href=\"https:\/\/www.youtube.com\/watch?v=X6UwXHX61g8\" rel=\"noopener nofollow\" target=\"_blank\">Ver en YouTube<\/a><\/p>\n<p>Pawel Wojs, director del juego, ha se\u00f1alado que a\u00fan quedan a\u00f1os para que veamos el juego, pero tratar\u00e1n de implicar a la comunidad desde el principio. Seg\u00fan indica, la principal novedad de esta entrega ser\u00e1 \u00abWarcore\u00bb, el nuevo motor gr\u00e1fico de Total War.<\/p>\n<p>La pr\u00f3xima semana, durante The Game Awards, se presentar\u00e1 otro juego m\u00e1s de la saga Total War.<\/p>\n<p>El estudio brit\u00e1nico est\u00e1 trabajando actualmente en <a href=\"https:\/\/www.eurogamer.es\/confirmado-el-desarrollo-de-la-secuela-de-alien-isolation\" rel=\"nofollow noopener\" target=\"_blank\">una secuela de Alien Isolation<\/a> entre otros proyectos, tras varios a\u00f1os <a href=\"https:\/\/www.eurogamer.es\/sega-europe-despide-a-240-empleados\" rel=\"nofollow noopener\" target=\"_blank\">sufriendo despidos<\/a> y tratando de recuperar el cari\u00f1o de la comunidad tras los \u00ab<a href=\"https:\/\/www.eurogamer.es\/creative-assembly-pide-disculpas-por-los-errores-cometidos-recientemente-con-la-franquicia-total-war\" rel=\"nofollow noopener\" target=\"_blank\">errores cometidos<\/a>\u00bb con Total War: Warhammer III y Total War: Pharaoh.<\/p>\n<p>Total War: Medieval III est\u00e1 en desarrollo para PC.<\/p>\n","protected":false},"excerpt":{"rendered":"&#13; SEGA ha anunciado Total War: Medieval III.&#13; &#13; La pr\u00f3xima entrega de la saga de estrategia de&hellip;\n","protected":false},"author":2,"featured_media":271208,"comment_status":"","ping_status":"","sticky":false,"template":"","format":"standard","meta":{"footnotes":""},"categories":[81],"tags":[119,123,124,25,24,117,121,122,23,118,120],"class_list":{"0":"post-271207","1":"post","2":"type-post","3":"status-publish","4":"format-standard","5":"has-post-thumbnail","7":"category-ciencia-y-tecnologia","8":"tag-ciencia","9":"tag-ciencia-y-tecnologia","10":"tag-cienciaytecnologia","11":"tag-es","12":"tag-espana","13":"tag-science","14":"tag-science-and-technology","15":"tag-scienceandtechnology","16":"tag-spain","17":"tag-technology","18":"tag-tecnologia"},"share_on_mastodon":{"url":"https:\/\/pubeurope.com\/@es\/115662721260920032","error":""},"_links":{"self":[{"href":"https:\/\/www.europesays.com\/es\/wp-json\/wp\/v2\/posts\/271207","targetHints":{"allow":["GET"]}}],"collection":[{"href":"https:\/\/www.europesays.com\/es\/wp-json\/wp\/v2\/posts"}],"about":[{"href":"https:\/\/www.europesays.com\/es\/wp-json\/wp\/v2\/types\/post"}],"author":[{"embeddable":true,"href":"https:\/\/www.europesays.com\/es\/wp-json\/wp\/v2\/users\/2"}],"replies":[{"embeddable":true,"href":"https:\/\/www.europesays.com\/es\/wp-json\/wp\/v2\/comments?post=271207"}],"version-history":[{"count":0,"href":"https:\/\/www.europesays.com\/es\/wp-json\/wp\/v2\/posts\/271207\/revisions"}],"wp:featuredmedia":[{"embeddable":true,"href":"https:\/\/www.europesays.com\/es\/wp-json\/wp\/v2\/media\/271208"}],"wp:attachment":[{"href":"https:\/\/www.europesays.com\/es\/wp-json\/wp\/v2\/media?parent=271207"}],"wp:term":[{"taxonomy":"category","embeddable":true,"href":"https:\/\/www.europesays.com\/es\/wp-json\/wp\/v2\/categories?post=271207"},{"taxonomy":"post_tag","embeddable":true,"href":"https:\/\/www.europesays.com\/es\/wp-json\/wp\/v2\/tags?post=271207"}],"curies":[{"name":"wp","href":"https:\/\/api.w.org\/{rel}","templated":true}]}}