{"id":271211,"date":"2025-12-04T18:31:11","date_gmt":"2025-12-04T18:31:11","guid":{"rendered":"https:\/\/www.europesays.com\/es\/271211\/"},"modified":"2025-12-04T18:31:11","modified_gmt":"2025-12-04T18:31:11","slug":"rusia-bloquea-facetime-esto-es-lo-que-sabemos-de-la-caida-de-apple","status":"publish","type":"post","link":"https:\/\/www.europesays.com\/es\/271211\/","title":{"rendered":"\u00bfRusia bloquea FaceTime? Esto es lo que sabemos de la ca\u00edda de Apple"},"content":{"rendered":"<p>\n                    Publicado                 04\/12\/2025 &#8211; 13:57 CET<br \/>\n                \u2022Ultima actualizaci\u00f3n<br \/>\n                                     15:22\n                                        <\/p>\n<p>Rusia ha bloqueado FaceTime de Apple, seg\u00fan inform\u00f3 el jueves el regulador de las comunicaciones del pa\u00eds, una medida enmarcada en <strong>la ofensiva contra las tecnol\u00f3gicas extranjeras<\/strong>, ya que Rusia sostiene que algunas se utilizan para actividades delictivas. <\/p>\n<p>Medios rusos informaron de que el regulador de medios Roskomnadzor afirm\u00f3 en un comunicado enviado por correo electr\u00f3nico: \u00abSeg\u00fan los cuerpos de seguridad, FaceTime se est\u00e1 utilizando para <strong>organizar y perpetrar atentados terroristas<\/strong> en el pa\u00eds, reclutar a sus autores y cometer estafas y otros delitos contra ciudadanos rusos\u00bb.<\/p>\n<p>&#8216;Euronews Next&#8217; puede confirmar que el jueves <strong>no fue posible realizar llamadas de FaceTime a usuarios en Rusia<\/strong>. La decisi\u00f3n llega cuando Mosc\u00fa, <a href=\"https:\/\/es.euronews.com\/2025\/12\/04\/europa-acusa-a-putin-de-fingir-interes-por-la-paz-tras-las-conversaciones-sobre-ucrania-co\" rel=\"nofollow noopener\" target=\"_blank\">en un pulso con Occidente por Ucrania<\/a>, busca mayor control sobre internet. YouTube, Telegram, WhatsApp de Meta y Roblox tambi\u00e9n est\u00e1n prohibidos en Rusia. <\/p>\n<p>Rusia hab\u00eda acusado a las plataformas de propiedad extranjera de no compartir informaci\u00f3n con las fuerzas del orden <strong>en casos de fraude y terrorismo<\/strong>, o de difundir contenidos contrarios a los valores del Estado.<\/p>\n<p>Rusia ha lanzado adem\u00e1s una aplicaci\u00f3n de mensajer\u00eda rival respaldada por el Estado llamada MAX, aunque algunos cr\u00edticos han se\u00f1alado que <strong>podr\u00eda utilizarse para acciones de vigilancia<\/strong>. Los medios estatales rusos han negado esas acusaciones. &#8216;Euronews Next&#8217; se puso en contacto con Apple para recabar comentarios, pero no obtuvo respuesta en el momento de la publicaci\u00f3n. <\/p>\n","protected":false},"excerpt":{"rendered":"Publicado 04\/12\/2025 &#8211; 13:57 CET \u2022Ultima actualizaci\u00f3n 15:22 Rusia ha bloqueado FaceTime de Apple, seg\u00fan inform\u00f3 el jueves&hellip;\n","protected":false},"author":2,"featured_media":271212,"comment_status":"","ping_status":"","sticky":false,"template":"","format":"standard","meta":{"footnotes":""},"categories":[42],"tags":[2823,17,18,13,14,11,61,62,63,64,3317,19,20,9,10,15,16,1614,12,21,22,65,66,67],"class_list":{"0":"post-271211","1":"post","2":"type-post","3":"status-publish","4":"format-standard","5":"has-post-thumbnail","7":"category-internacional","8":"tag-apple","9":"tag-breaking-news","10":"tag-breakingnews","11":"tag-featured-news","12":"tag-featurednews","13":"tag-headlines","14":"tag-internacional","15":"tag-international","16":"tag-international-news","17":"tag-internationalnews","18":"tag-internet","19":"tag-latest-news","20":"tag-latestnews","21":"tag-news","22":"tag-noticias","23":"tag-noticias-destacadas","24":"tag-noticiasdestacadas","25":"tag-rusia","26":"tag-titulares","27":"tag-ultimas-noticias","28":"tag-ultimasnoticias","29":"tag-world","30":"tag-world-news","31":"tag-worldnews"},"share_on_mastodon":{"url":"https:\/\/pubeurope.com\/@es\/115662729060002952","error":""},"_links":{"self":[{"href":"https:\/\/www.europesays.com\/es\/wp-json\/wp\/v2\/posts\/271211","targetHints":{"allow":["GET"]}}],"collection":[{"href":"https:\/\/www.europesays.com\/es\/wp-json\/wp\/v2\/posts"}],"about":[{"href":"https:\/\/www.europesays.com\/es\/wp-json\/wp\/v2\/types\/post"}],"author":[{"embeddable":true,"href":"https:\/\/www.europesays.com\/es\/wp-json\/wp\/v2\/users\/2"}],"replies":[{"embeddable":true,"href":"https:\/\/www.europesays.com\/es\/wp-json\/wp\/v2\/comments?post=271211"}],"version-history":[{"count":0,"href":"https:\/\/www.europesays.com\/es\/wp-json\/wp\/v2\/posts\/271211\/revisions"}],"wp:featuredmedia":[{"embeddable":true,"href":"https:\/\/www.europesays.com\/es\/wp-json\/wp\/v2\/media\/271212"}],"wp:attachment":[{"href":"https:\/\/www.europesays.com\/es\/wp-json\/wp\/v2\/media?parent=271211"}],"wp:term":[{"taxonomy":"category","embeddable":true,"href":"https:\/\/www.europesays.com\/es\/wp-json\/wp\/v2\/categories?post=271211"},{"taxonomy":"post_tag","embeddable":true,"href":"https:\/\/www.europesays.com\/es\/wp-json\/wp\/v2\/tags?post=271211"}],"curies":[{"name":"wp","href":"https:\/\/api.w.org\/{rel}","templated":true}]}}