{"id":271221,"date":"2025-12-04T18:41:09","date_gmt":"2025-12-04T18:41:09","guid":{"rendered":"https:\/\/www.europesays.com\/es\/271221\/"},"modified":"2025-12-04T18:41:09","modified_gmt":"2025-12-04T18:41:09","slug":"alfonso-plummer-en-la-rampa-de-salida-del-baxi-manresa","status":"publish","type":"post","link":"https:\/\/www.europesays.com\/es\/271221\/","title":{"rendered":"Alfonso Plummer, en la rampa de salida del BAXI Manresa"},"content":{"rendered":"<p>El <strong>BAXI Manresa<\/strong> ha hecho oficial la salida de <strong>Alfonso Plummer<\/strong>, tal y como adelant\u00f3 Diego Ocampo en su atenci\u00f3n a los medios en la previa del encuentro de Eurocup ante el Hamburg Towers.<\/p>\n<p>El escolta, quien no se hab\u00eda ejercitado con el equipo, no volver\u00e1 a jugar con el equipo del Bages y ya ultima su fichaje por otro club. El t\u00e9cnico explic\u00f3 que el equipo est\u00e1 inmerso en un proceso de \u201csalida y entrada\u201d que forma parte del plan global de mejora de la plantilla. Mientras se cierran los tr\u00e1mites definitivos, el BAXI Manresa trabaja en la llegada inmediata de un nuevo jugador para reforzar su rotaci\u00f3n.<\/p>\n<p>Las palabras de Diego Ocampo sobre la situaci\u00f3n de Plummer<\/p>\n<p>\u00abNo, no ha entrenado, porque estamos en una situaci\u00f3n global, digamos, un proceso global de mejorar al equipo, en el que se necesitan salidas y entradas. As\u00ed que, ahora mismo, tiene la oportunidad de salir, y se est\u00e1 termin\u00e1ndose el proceso para ir a otro equipo y rescindir aqu\u00ed. Y no viene a cuento que corra el riesgo de lesi\u00f3n entrenando hoy. En las pr\u00f3ximas horas, entendido que este proceso se terminar\u00e1, firmando todos los papeles y saldr\u00e1 el equipo, y en los pr\u00f3ximos d\u00edas, este proceso terminar\u00e1, porque no es solo la salida, sino que es salida y entrada, pero todo forma parte de un plan de mejorar el equipo\u00bb.<\/p>\n<p>&#13;<\/p>\n<p><iframe loading=\"lazy\" title=\"\ud83d\udce1 EN DIRECTE \ud83d\udc54 RdP de Diego Ocampo pr\u00e8via a la jornada 9 de l&#039;Eurocup i de la Lliga Endesa\" width=\"1200\" height=\"675\" src=\"https:\/\/www.youtube.com\/embed\/SCb2LpUwz5A?feature=oembed\" frameborder=\"0\" allow=\"accelerometer; autoplay; clipboard-write; encrypted-media; gyroscope; picture-in-picture; web-share\" referrerpolicy=\"strict-origin-when-cross-origin\" allowfullscreen><\/iframe><\/p>\n<p>&#13;<\/p>\n<p><strong>Sobre el nuevo fichaje que est\u00e1 por llegar: <\/strong>\u00abEsperamos, pero los timings no cuadran de ninguna manera, lo que no se puede hacer es mentir, decir una cosa y dentro de tres horas otra, no es nuestro estilo. No puedo decir nada en concreto, pero s\u00ed lo que podemos comunicar es que estamos intentando que el equipo mejore, y para eso, claro, si necesitamos traer a alg\u00fan jugador extranjero, necesitamos hacer una salida de un jugador extranjero, y en eso estamos trabajando\u00bb.<\/p>\n<p>Foto: acb Photo \/ Joaquim Alberch<\/p>\n","protected":false},"excerpt":{"rendered":"El BAXI Manresa ha hecho oficial la salida de Alfonso Plummer, tal y como adelant\u00f3 Diego Ocampo en&hellip;\n","protected":false},"author":2,"featured_media":271222,"comment_status":"","ping_status":"","sticky":false,"template":"","format":"standard","meta":{"footnotes":""},"categories":[269],"tags":[299,298,59137,168,25,24,665,23,167],"class_list":{"0":"post-271221","1":"post","2":"type-post","3":"status-publish","4":"format-standard","5":"has-post-thumbnail","7":"category-baloncesto","8":"tag-baloncesto","9":"tag-basketball","10":"tag-baxi-manresa","11":"tag-deportes","12":"tag-es","13":"tag-espana","14":"tag-liga-endesa","15":"tag-spain","16":"tag-sports"},"share_on_mastodon":{"url":"https:\/\/pubeurope.com\/@es\/115662768698136130","error":""},"_links":{"self":[{"href":"https:\/\/www.europesays.com\/es\/wp-json\/wp\/v2\/posts\/271221","targetHints":{"allow":["GET"]}}],"collection":[{"href":"https:\/\/www.europesays.com\/es\/wp-json\/wp\/v2\/posts"}],"about":[{"href":"https:\/\/www.europesays.com\/es\/wp-json\/wp\/v2\/types\/post"}],"author":[{"embeddable":true,"href":"https:\/\/www.europesays.com\/es\/wp-json\/wp\/v2\/users\/2"}],"replies":[{"embeddable":true,"href":"https:\/\/www.europesays.com\/es\/wp-json\/wp\/v2\/comments?post=271221"}],"version-history":[{"count":0,"href":"https:\/\/www.europesays.com\/es\/wp-json\/wp\/v2\/posts\/271221\/revisions"}],"wp:featuredmedia":[{"embeddable":true,"href":"https:\/\/www.europesays.com\/es\/wp-json\/wp\/v2\/media\/271222"}],"wp:attachment":[{"href":"https:\/\/www.europesays.com\/es\/wp-json\/wp\/v2\/media?parent=271221"}],"wp:term":[{"taxonomy":"category","embeddable":true,"href":"https:\/\/www.europesays.com\/es\/wp-json\/wp\/v2\/categories?post=271221"},{"taxonomy":"post_tag","embeddable":true,"href":"https:\/\/www.europesays.com\/es\/wp-json\/wp\/v2\/tags?post=271221"}],"curies":[{"name":"wp","href":"https:\/\/api.w.org\/{rel}","templated":true}]}}