{"id":271226,"date":"2025-12-04T18:43:11","date_gmt":"2025-12-04T18:43:11","guid":{"rendered":"https:\/\/www.europesays.com\/es\/271226\/"},"modified":"2025-12-04T18:43:11","modified_gmt":"2025-12-04T18:43:11","slug":"frank-cuesta-se-enfrenta-a-tres-nuevas-denuncias-y-podria-terminar-en-prision","status":"publish","type":"post","link":"https:\/\/www.europesays.com\/es\/271226\/","title":{"rendered":"Frank Cuesta se enfrenta a tres nuevas denuncias y podr\u00eda terminar en prisi\u00f3n"},"content":{"rendered":"<p style=\"\"><a href=\"https:\/\/www.abc.es\/gente\/frank-cuesta-rompe-llorar-tras-defenderse-acusaciones-20250508152455-nt.html\" target=\"_self\" data-voc-vtm-id=\"in-text-traffic\" title=\"Frank Cuesta\" data-mrf-link=\"www.abc.es\" rel=\"nofollow noopener\">Frank Cuesta<\/a> (54 a\u00f1os) vuelve a estar en el foco medi\u00e1tico con un escenario tan delicado como real: <strong>podr\u00eda acabar en prisi\u00f3n<\/strong> en cuesti\u00f3n de semanas. Tras librarse el pasado verano de una condena de c\u00e1rcel \u2014el Tribunal Provincial de Kanchanaburi le impuso  &#8230; finalmente una multa de 30.000 baht (unos 800 euros) por posesi\u00f3n ilegal de animales protegidos\u2014 el rescatista afronta ahora<strong> tres nuevas denuncias<\/strong> an\u00f3nimas que le obligar\u00e1n a sentarse de nuevo ante la Justicia tailandesa.<\/p>\n<p class=\"voc-p\" style=\"\">Seg\u00fan ha confirmado el propio creador de contenido, los procesos han aparecido \u00abde repente\u00bb, cuando su situaci\u00f3n parec\u00eda encarrilada tras regularizar toda la documentaci\u00f3n del Santuario Libertad. \u00abNo tengo ni estr\u00e9s ni miedo, porque estamos haciendo las cosas bien. Pero son muchos procesos seguidos y es posible que en alg\u00fan momento consigan meterme en la c\u00e1rcel un tiempo\u00bb, ha asegurado en declaraciones a &#8217;20minutos&#8217;.<\/p>\n<p class=\"voc-p\" style=\"\">El herpet\u00f3logo recuerda que la legislaci\u00f3n tailandesa funciona de forma muy distinta a la espa\u00f1ola. Y eso le coloca en una posici\u00f3n especialmente vulnerable. \u00abSi te caen uno o tres meses, <strong>te los tienes que comer<\/strong>. Si tengo un juicio y me caen dos meses y lo apelo, no entro. Pero si a la vez en otro juicio me cae un mes m\u00e1s, s\u00ed me meten: entras a prisi\u00f3n\u00bb, explica. \u00abEs la ley del pa\u00eds en el que vivo y la<strong> tengo que acatar<\/strong>\u00bb.<\/p>\n<p>\nTres denuncias y un enemigo con nombre propio\n<\/p>\n<p class=\"voc-p\" style=\"\">Aunque las demandas han llegado como an\u00f3nimas, Cuesta insin\u00faa que todas parten del mismo lugar. No quiere se\u00f1alar directamente, pero apunta a alguien que ya ha intentado complicarle la vida en el pasado: Chi, un antiguo socio convertido en enemigo p\u00fablico, que a comienzos de a\u00f1o impuls\u00f3 varias acciones legales contra \u00e9l. El propio Chi insinu\u00f3 que la nueva pareja de Yuyee, la exmujer del rescatista, \u00abten\u00eda buenos contactos\u00bb capaces de mover hilos.<\/p>\n<p class=\"voc-p\" style=\"\">Cuesta no entra en nombres, pero s\u00ed en la sensaci\u00f3n de acoso continuo: \u00ab<strong>Est\u00e1n yendo a por nosotros<\/strong> sin escr\u00fapulo alguno. Hay un plan de destruirnos muy bien elaborado, porque <strong>nos est\u00e1n asfixiando<\/strong>\u00bb. Seg\u00fan cuenta, la presi\u00f3n no solo afecta a su situaci\u00f3n judicial. Tambi\u00e9n se ha visto obligado a borrar v\u00eddeos, revisar cada palabra que publica y evitar cualquier contenido que pueda convertirse en una futura denuncia. \u00abDe 10 denuncias pasa 1, pero as\u00ed no se puede vivir\u00bb, lamenta.<\/p>\n<p>\nUn juicio antes de Navidad\n<\/p>\n<p class=\"voc-p\" style=\"\">En un directo publicado en su canal de YouTube, Cuesta fue todav\u00eda m\u00e1s expl\u00edcito. \u00abTengo que dejar todo preparado ya, porque <strong>antes de Navidad tengo un juicio<\/strong>. Si sale mal y me dan un mes o dos meses de c\u00e1rcel, tengo que ir a la c\u00e1rcel. Hay otro proceso en curso y no puedo aplicar dos fianzas porque no tengo dos pasaportes\u00bb. La posibilidad es real. Y \u00e9l mismo reconoce que vive \u00abcon la angustia\u00bb de no saber si, en cuesti\u00f3n de d\u00edas, tendr\u00e1 que dejar su vida en pausa.<\/p>\n<p class=\"voc-p\" style=\"\">A su alrededor, adem\u00e1s, sobrevuelan tres hip\u00f3tesis que el propio rescatista menciona: \u00abNo s\u00e9 si el inter\u00e9s es que yo acabe en la c\u00e1rcel, que cerremos el Santuario, o que cerremos el canal de YouTube, lo cual ser\u00eda una asfixia m\u00e1s grande\u00bb.<\/p>\n<p class=\"voc-p\" style=\"\">Por el momento, el fundador del Santuario Libertad sigue trabajando, cumpliendo los plazos legales y preparando un v\u00eddeo explicativo para sus seguidores. El futuro, una vez m\u00e1s, <strong>depender\u00e1 de los tribunales<\/strong> tailandeses. Y Cuesta, que lleva a\u00f1os lidiando con procesos cruzados, sabe que el margen de maniobra es m\u00ednimo.<\/p>\n","protected":false},"excerpt":{"rendered":"Frank Cuesta (54 a\u00f1os) vuelve a estar en el foco medi\u00e1tico con un escenario tan delicado como real:&hellip;\n","protected":false},"author":2,"featured_media":271227,"comment_status":"","ping_status":"","sticky":false,"template":"","format":"standard","meta":{"footnotes":""},"categories":[174],"tags":[255,5191,3808,27995,146,147,25,24,256,26082,2860,16733,23,25668,603],"class_list":{"0":"post-271226","1":"post","2":"type-post","3":"status-publish","4":"format-standard","5":"has-post-thumbnail","7":"category-famosos","8":"tag-celebrities","9":"tag-cuesta","10":"tag-denuncias","11":"tag-enfrenta","12":"tag-entertainment","13":"tag-entretenimiento","14":"tag-es","15":"tag-espana","16":"tag-famosos","17":"tag-frank","18":"tag-nuevas","19":"tag-prision","20":"tag-spain","21":"tag-terminar","22":"tag-tres"},"share_on_mastodon":{"url":"https:\/\/pubeurope.com\/@es\/115662776399933696","error":""},"_links":{"self":[{"href":"https:\/\/www.europesays.com\/es\/wp-json\/wp\/v2\/posts\/271226","targetHints":{"allow":["GET"]}}],"collection":[{"href":"https:\/\/www.europesays.com\/es\/wp-json\/wp\/v2\/posts"}],"about":[{"href":"https:\/\/www.europesays.com\/es\/wp-json\/wp\/v2\/types\/post"}],"author":[{"embeddable":true,"href":"https:\/\/www.europesays.com\/es\/wp-json\/wp\/v2\/users\/2"}],"replies":[{"embeddable":true,"href":"https:\/\/www.europesays.com\/es\/wp-json\/wp\/v2\/comments?post=271226"}],"version-history":[{"count":0,"href":"https:\/\/www.europesays.com\/es\/wp-json\/wp\/v2\/posts\/271226\/revisions"}],"wp:featuredmedia":[{"embeddable":true,"href":"https:\/\/www.europesays.com\/es\/wp-json\/wp\/v2\/media\/271227"}],"wp:attachment":[{"href":"https:\/\/www.europesays.com\/es\/wp-json\/wp\/v2\/media?parent=271226"}],"wp:term":[{"taxonomy":"category","embeddable":true,"href":"https:\/\/www.europesays.com\/es\/wp-json\/wp\/v2\/categories?post=271226"},{"taxonomy":"post_tag","embeddable":true,"href":"https:\/\/www.europesays.com\/es\/wp-json\/wp\/v2\/tags?post=271226"}],"curies":[{"name":"wp","href":"https:\/\/api.w.org\/{rel}","templated":true}]}}