{"id":271228,"date":"2025-12-04T18:44:10","date_gmt":"2025-12-04T18:44:10","guid":{"rendered":"https:\/\/www.europesays.com\/es\/271228\/"},"modified":"2025-12-04T18:44:10","modified_gmt":"2025-12-04T18:44:10","slug":"concurso-fotografico-rincones-de-bizkaia-2026","status":"publish","type":"post","link":"https:\/\/www.europesays.com\/es\/271228\/","title":{"rendered":"Concurso fotografico &#8216;Rincones de Bizkaia&#8217; 2026"},"content":{"rendered":"<p>                        Actualizado:<br \/>\n                        04\/12\/2025 14:58<\/p>\n<p>                    <a href=\"https:\/\/www.deia.eus\/fotos\/2025\/12\/04\/concurso-fotografico-rincones-bizkaia-2026-10434727.html#foto=1\" class=\"button swiper-button-next\" id=\"swiperButtonNext\" rel=\"nofollow noopener\" target=\"_blank\">Ver galer\u00eda &gt;<\/a><\/p>\n<p class=\"h3\">\n                                            Un certamen que vuelve a poner en valor el talento fotogr\u00e1fico del territorio, con centenares de im\u00e1genes que retratan municipios, paisajes, barrios y rincones naturales y urbanos de Bizkaia.<br \/>\n                                            La tem\u00e1tica de esta edici\u00f3n invitaba a captar la esencia de los lugares que conforman la identidad del territorio hist\u00f3rico, dando como resultado una colecci\u00f3n de fotograf\u00edas diversa y de gran calidad.\n                                    <\/p>\n<p><a class=\"swiper-imagen\" href=\"https:\/\/www.deia.eus\/fotos\/2025\/12\/04\/concurso-fotografico-rincones-bizkaia-2026-10434727.html#foto=2\" rel=\"nofollow noopener\" target=\"_blank\"><\/p>\n<p>                    <img loading=\"lazy\" decoding=\"async\" src=\"data:image\/png;base64,iVBORw0KGgoAAAANSUhEUgAAAAEAAAABCAQAAAC1HAwCAAAAC0lEQVR42mNkYAAAAAYAAjCB0C8AAAAASUVORK5CYII=\" alt=\" \" height=\"2668\" width=\"4000\" style=\" max-height: calc(100vh - 58px); height: 0; padding-top: 67%; \"\/><\/p>\n<p><\/a><br \/>\n                    Amboto desde Aranguren<\/p>\n<p class=\"swiper-slide__author\">Carlos Martinez Tobalina<\/p>\n<p class=\"swiper-slide__description\">\n                                                                        Un certamen que vuelve a poner en valor el talento fotogr\u00e1fico del territorio, con centenares de im\u00e1genes que retratan municipios, paisajes, barrios y rincones naturales y urbanos de Bizkaia.<br \/>\n                                                La tem\u00e1tica de esta edici\u00f3n invitaba a captar la esencia de los lugares que conforman la identidad del territorio hist\u00f3rico, dando como resultado una colecci\u00f3n de fotograf\u00edas diversa y de gran calidad.\n                                            <\/p>\n<p><a class=\"swiper-imagen\" href=\"https:\/\/www.deia.eus\/fotos\/2025\/12\/04\/concurso-fotografico-rincones-bizkaia-2026-10434727.html#foto=3\" rel=\"nofollow noopener\" target=\"_blank\"><\/p>\n<p>                    <img loading=\"lazy\" decoding=\"async\" src=\"data:image\/png;base64,iVBORw0KGgoAAAANSUhEUgAAAAEAAAABCAQAAAC1HAwCAAAAC0lEQVR42mNkYAAAAAYAAjCB0C8AAAAASUVORK5CYII=\" alt=\" \" height=\"3376\" width=\"6000\" style=\" max-height: calc(100vh - 58px); height: 0; padding-top: 56%; \"\/><\/p>\n<p><\/a><br \/>\n                    Monte Eretza<\/p>\n<p class=\"swiper-slide__author\">Unai Franco<\/p>\n<p class=\"swiper-slide__description\">\n                                                                        Un certamen que vuelve a poner en valor el talento fotogr\u00e1fico del territorio, con centenares de im\u00e1genes que retratan municipios, paisajes, barrios y rincones naturales y urbanos de Bizkaia.<br \/>\n                                                La tem\u00e1tica de esta edici\u00f3n invitaba a captar la esencia de los lugares que conforman la identidad del territorio hist\u00f3rico, dando como resultado una colecci\u00f3n de fotograf\u00edas diversa y de gran calidad.\n                                            <\/p>\n<p><a class=\"swiper-imagen\" href=\"https:\/\/www.deia.eus\/fotos\/2025\/12\/04\/concurso-fotografico-rincones-bizkaia-2026-10434727.html#foto=4\" rel=\"nofollow noopener\" target=\"_blank\"><\/p>\n<p>                    <img loading=\"lazy\" decoding=\"async\" src=\"data:image\/png;base64,iVBORw0KGgoAAAANSUhEUgAAAAEAAAABCAQAAAC1HAwCAAAAC0lEQVR42mNkYAAAAAYAAjCB0C8AAAAASUVORK5CYII=\" alt=\" \" height=\"4015\" width=\"6192\" style=\" max-height: calc(100vh - 58px); height: 0; padding-top: 65%; \"\/><\/p>\n<p><\/a><br \/>\n                    La Arboleda<\/p>\n<p class=\"swiper-slide__author\">Ruben Monasterio<\/p>\n<p class=\"swiper-slide__description\">\n                                                                        Un certamen que vuelve a poner en valor el talento fotogr\u00e1fico del territorio, con centenares de im\u00e1genes que retratan municipios, paisajes, barrios y rincones naturales y urbanos de Bizkaia.<br \/>\n                                                La tem\u00e1tica de esta edici\u00f3n invitaba a captar la esencia de los lugares que conforman la identidad del territorio hist\u00f3rico, dando como resultado una colecci\u00f3n de fotograf\u00edas diversa y de gran calidad.\n                                            <\/p>\n<p><a class=\"swiper-imagen\" href=\"https:\/\/www.deia.eus\/fotos\/2025\/12\/04\/concurso-fotografico-rincones-bizkaia-2026-10434727.html#foto=5\" rel=\"nofollow noopener\" target=\"_blank\"><\/p>\n<p>                    <img loading=\"lazy\" decoding=\"async\" src=\"data:image\/png;base64,iVBORw0KGgoAAAANSUhEUgAAAAEAAAABCAQAAAC1HAwCAAAAC0lEQVR42mNkYAAAAAYAAjCB0C8AAAAASUVORK5CYII=\" alt=\" \" height=\"1200\" width=\"1600\" style=\" max-height: calc(100vh - 58px); height: 0; padding-top: 75%; \"\/><\/p>\n<p><\/a><br \/>\n                    Iturreta Markina Xemein<\/p>\n<p class=\"swiper-slide__author\">Ziortza Egia<\/p>\n<p class=\"swiper-slide__description\">\n                                                                        Un certamen que vuelve a poner en valor el talento fotogr\u00e1fico del territorio, con centenares de im\u00e1genes que retratan municipios, paisajes, barrios y rincones naturales y urbanos de Bizkaia.<br \/>\n                                                La tem\u00e1tica de esta edici\u00f3n invitaba a captar la esencia de los lugares que conforman la identidad del territorio hist\u00f3rico, dando como resultado una colecci\u00f3n de fotograf\u00edas diversa y de gran calidad.\n                                            <\/p>\n<p><a class=\"swiper-imagen\" href=\"https:\/\/www.deia.eus\/fotos\/2025\/12\/04\/concurso-fotografico-rincones-bizkaia-2026-10434727.html#foto=6\" rel=\"nofollow noopener\" target=\"_blank\"><\/p>\n<p>                    <img loading=\"lazy\" decoding=\"async\" src=\"data:image\/png;base64,iVBORw0KGgoAAAANSUhEUgAAAAEAAAABCAQAAAC1HAwCAAAAC0lEQVR42mNkYAAAAAYAAjCB0C8AAAAASUVORK5CYII=\" alt=\" \" height=\"3162\" width=\"4743\" style=\" max-height: calc(100vh - 58px); height: 0; padding-top: 67%; \"\/><\/p>\n<p><\/a><br \/>\n                    Jesus MAria Lopez<\/p>\n<p class=\"swiper-slide__author\">Jesus MAria Lopez<\/p>\n<p class=\"swiper-slide__description\">\n                                                                        Un certamen que vuelve a poner en valor el talento fotogr\u00e1fico del territorio, con centenares de im\u00e1genes que retratan municipios, paisajes, barrios y rincones naturales y urbanos de Bizkaia.<br \/>\n                                                La tem\u00e1tica de esta edici\u00f3n invitaba a captar la esencia de los lugares que conforman la identidad del territorio hist\u00f3rico, dando como resultado una colecci\u00f3n de fotograf\u00edas diversa y de gran calidad.\n                                            <\/p>\n<p><a class=\"swiper-imagen\" href=\"https:\/\/www.deia.eus\/fotos\/2025\/12\/04\/concurso-fotografico-rincones-bizkaia-2026-10434727.html#foto=7\" rel=\"nofollow noopener\" target=\"_blank\"><\/p>\n<p>                    <img loading=\"lazy\" decoding=\"async\" src=\"data:image\/png;base64,iVBORw0KGgoAAAANSUhEUgAAAAEAAAABCAQAAAC1HAwCAAAAC0lEQVR42mNkYAAAAAYAAjCB0C8AAAAASUVORK5CYII=\" alt=\" \" height=\"2636\" width=\"4000\" style=\" max-height: calc(100vh - 58px); height: 0; padding-top: 66%; \"\/><\/p>\n<p><\/a><br \/>\n                    Javi Lagos<\/p>\n<p class=\"swiper-slide__author\">Javi Lagos<\/p>\n<p class=\"swiper-slide__description\">\n                                                                        Un certamen que vuelve a poner en valor el talento fotogr\u00e1fico del territorio, con centenares de im\u00e1genes que retratan municipios, paisajes, barrios y rincones naturales y urbanos de Bizkaia.<br \/>\n                                                La tem\u00e1tica de esta edici\u00f3n invitaba a captar la esencia de los lugares que conforman la identidad del territorio hist\u00f3rico, dando como resultado una colecci\u00f3n de fotograf\u00edas diversa y de gran calidad.\n                                            <\/p>\n<p><a class=\"swiper-imagen\" href=\"https:\/\/www.deia.eus\/fotos\/2025\/12\/04\/concurso-fotografico-rincones-bizkaia-2026-10434727.html#foto=8\" rel=\"nofollow noopener\" target=\"_blank\"><\/p>\n<p>                    <img loading=\"lazy\" decoding=\"async\" src=\"data:image\/png;base64,iVBORw0KGgoAAAANSUhEUgAAAAEAAAABCAQAAAC1HAwCAAAAC0lEQVR42mNkYAAAAAYAAjCB0C8AAAAASUVORK5CYII=\" alt=\" \" height=\"2515\" width=\"3688\" style=\" max-height: calc(100vh - 58px); height: 0; padding-top: 68%; \"\/><\/p>\n<p><\/a><br \/>\n                    Mirador Basilica Santa Maria de Portugalete<\/p>\n<p class=\"swiper-slide__author\">Paco rico<\/p>\n<p class=\"swiper-slide__description\">\n                                                                        Un certamen que vuelve a poner en valor el talento fotogr\u00e1fico del territorio, con centenares de im\u00e1genes que retratan municipios, paisajes, barrios y rincones naturales y urbanos de Bizkaia.<br \/>\n                                                La tem\u00e1tica de esta edici\u00f3n invitaba a captar la esencia de los lugares que conforman la identidad del territorio hist\u00f3rico, dando como resultado una colecci\u00f3n de fotograf\u00edas diversa y de gran calidad.\n                                            <\/p>\n<p><a class=\"swiper-imagen\" href=\"https:\/\/www.deia.eus\/fotos\/2025\/12\/04\/concurso-fotografico-rincones-bizkaia-2026-10434727.html#foto=9\" rel=\"nofollow noopener\" target=\"_blank\"><\/p>\n<p>                    <img loading=\"lazy\" decoding=\"async\" src=\"data:image\/png;base64,iVBORw0KGgoAAAANSUhEUgAAAAEAAAABCAQAAAC1HAwCAAAAC0lEQVR42mNkYAAAAAYAAjCB0C8AAAAASUVORK5CYII=\" alt=\" \" height=\"2900\" width=\"4350\" style=\" max-height: calc(100vh - 58px); height: 0; padding-top: 67%; \"\/><\/p>\n<p><\/a><br \/>\n                    Paseo del Arenal<\/p>\n<p class=\"swiper-slide__author\">Juan Angel Aguilar<\/p>\n<p class=\"swiper-slide__description\">\n                                                                        Un certamen que vuelve a poner en valor el talento fotogr\u00e1fico del territorio, con centenares de im\u00e1genes que retratan municipios, paisajes, barrios y rincones naturales y urbanos de Bizkaia.<br \/>\n                                                La tem\u00e1tica de esta edici\u00f3n invitaba a captar la esencia de los lugares que conforman la identidad del territorio hist\u00f3rico, dando como resultado una colecci\u00f3n de fotograf\u00edas diversa y de gran calidad.\n                                            <\/p>\n<p><a class=\"swiper-imagen\" href=\"https:\/\/www.deia.eus\/fotos\/2025\/12\/04\/concurso-fotografico-rincones-bizkaia-2026-10434727.html#foto=10\" rel=\"nofollow noopener\" target=\"_blank\"><\/p>\n<p>                    <img loading=\"lazy\" decoding=\"async\" src=\"data:image\/png;base64,iVBORw0KGgoAAAANSUhEUgAAAAEAAAABCAQAAAC1HAwCAAAAC0lEQVR42mNkYAAAAAYAAjCB0C8AAAAASUVORK5CYII=\" alt=\" \" height=\"2950\" width=\"4426\" style=\" max-height: calc(100vh - 58px); height: 0; padding-top: 67%; \"\/><\/p>\n<p><\/a><br \/>\n                    Dora Diez<\/p>\n<p class=\"swiper-slide__author\">Dora Diez<\/p>\n<p class=\"swiper-slide__description\">\n                                                                        Un certamen que vuelve a poner en valor el talento fotogr\u00e1fico del territorio, con centenares de im\u00e1genes que retratan municipios, paisajes, barrios y rincones naturales y urbanos de Bizkaia.<br \/>\n                                                La tem\u00e1tica de esta edici\u00f3n invitaba a captar la esencia de los lugares que conforman la identidad del territorio hist\u00f3rico, dando como resultado una colecci\u00f3n de fotograf\u00edas diversa y de gran calidad.\n                                            <\/p>\n<p><a class=\"swiper-imagen\" href=\"https:\/\/www.deia.eus\/fotos\/2025\/12\/04\/concurso-fotografico-rincones-bizkaia-2026-10434727.html#foto=11\" rel=\"nofollow noopener\" target=\"_blank\"><\/p>\n<p>                    <img loading=\"lazy\" decoding=\"async\" src=\"data:image\/png;base64,iVBORw0KGgoAAAANSUhEUgAAAAEAAAABCAQAAAC1HAwCAAAAC0lEQVR42mNkYAAAAAYAAjCB0C8AAAAASUVORK5CYII=\" alt=\" \" height=\"3024\" width=\"4032\" style=\" max-height: calc(100vh - 58px); height: 0; padding-top: 75%; \"\/><\/p>\n<p><\/a><br \/>\n                    Udalaitz cordillera amboto<\/p>\n<p class=\"swiper-slide__author\">Jose Manuel Blanco sesar<\/p>\n<p class=\"swiper-slide__description\">\n                                                                        Un certamen que vuelve a poner en valor el talento fotogr\u00e1fico del territorio, con centenares de im\u00e1genes que retratan municipios, paisajes, barrios y rincones naturales y urbanos de Bizkaia.<br \/>\n                                                La tem\u00e1tica de esta edici\u00f3n invitaba a captar la esencia de los lugares que conforman la identidad del territorio hist\u00f3rico, dando como resultado una colecci\u00f3n de fotograf\u00edas diversa y de gran calidad.\n                                            <\/p>\n<p><a class=\"swiper-imagen\" href=\"https:\/\/www.deia.eus\/fotos\/2025\/12\/04\/concurso-fotografico-rincones-bizkaia-2026-10434727.html#foto=12\" rel=\"nofollow noopener\" target=\"_blank\"><\/p>\n<p>                    <img loading=\"lazy\" decoding=\"async\" src=\"data:image\/png;base64,iVBORw0KGgoAAAANSUhEUgAAAAEAAAABCAQAAAC1HAwCAAAAC0lEQVR42mNkYAAAAAYAAjCB0C8AAAAASUVORK5CYII=\" alt=\" \" height=\"2363\" width=\"3543\" style=\" max-height: calc(100vh - 58px); height: 0; padding-top: 67%; \"\/><\/p>\n<p><\/a><br \/>\n                    Oscar Merino<\/p>\n<p class=\"swiper-slide__author\">Oscar Merino<\/p>\n<p class=\"swiper-slide__description\">\n                                                                        Un certamen que vuelve a poner en valor el talento fotogr\u00e1fico del territorio, con centenares de im\u00e1genes que retratan municipios, paisajes, barrios y rincones naturales y urbanos de Bizkaia.<br \/>\n                                                La tem\u00e1tica de esta edici\u00f3n invitaba a captar la esencia de los lugares que conforman la identidad del territorio hist\u00f3rico, dando como resultado una colecci\u00f3n de fotograf\u00edas diversa y de gran calidad.\n                                            <\/p>\n<p><a class=\"swiper-imagen\" href=\"https:\/\/www.deia.eus\/fotos\/2025\/12\/04\/concurso-fotografico-rincones-bizkaia-2026-10434727.html#foto=13\" rel=\"nofollow noopener\" target=\"_blank\"><\/p>\n<p>                    <img loading=\"lazy\" decoding=\"async\" src=\"data:image\/png;base64,iVBORw0KGgoAAAANSUhEUgAAAAEAAAABCAQAAAC1HAwCAAAAC0lEQVR42mNkYAAAAAYAAjCB0C8AAAAASUVORK5CYII=\" alt=\" \" height=\"3456\" width=\"5184\" style=\" max-height: calc(100vh - 58px); height: 0; padding-top: 67%; \"\/><\/p>\n<p><\/a><br \/>\n                    Inocencio Goikuria<\/p>\n<p class=\"swiper-slide__author\">Inocencio Goikuria<\/p>\n<p class=\"swiper-slide__description\">\n                                                                        Un certamen que vuelve a poner en valor el talento fotogr\u00e1fico del territorio, con centenares de im\u00e1genes que retratan municipios, paisajes, barrios y rincones naturales y urbanos de Bizkaia.<br \/>\n                                                La tem\u00e1tica de esta edici\u00f3n invitaba a captar la esencia de los lugares que conforman la identidad del territorio hist\u00f3rico, dando como resultado una colecci\u00f3n de fotograf\u00edas diversa y de gran calidad.\n                                            <\/p>\n<p><a class=\"swiper-imagen\" href=\"https:\/\/www.deia.eus\/fotos\/2025\/12\/04\/concurso-fotografico-rincones-bizkaia-2026-10434727.html\" rel=\"nofollow noopener\" target=\"_blank\"><\/p>\n<p>                    <img loading=\"lazy\" decoding=\"async\" src=\"data:image\/png;base64,iVBORw0KGgoAAAANSUhEUgAAAAEAAAABCAQAAAC1HAwCAAAAC0lEQVR42mNkYAAAAAYAAjCB0C8AAAAASUVORK5CYII=\" alt=\" \" height=\"3687\" width=\"5310\" style=\" max-height: calc(100vh - 58px); height: 0; padding-top: 69%; \"\/><\/p>\n<p><\/a><br \/>\n                    Horno Alto, Sestao<\/p>\n<p class=\"swiper-slide__author\">David grijalba<\/p>\n<p class=\"swiper-slide__description\">\n                                                                        Un certamen que vuelve a poner en valor el talento fotogr\u00e1fico del territorio, con centenares de im\u00e1genes que retratan municipios, paisajes, barrios y rincones naturales y urbanos de Bizkaia.<br \/>\n                                                La tem\u00e1tica de esta edici\u00f3n invitaba a captar la esencia de los lugares que conforman la identidad del territorio hist\u00f3rico, dando como resultado una colecci\u00f3n de fotograf\u00edas diversa y de gran calidad.\n                                            <\/p>\n","protected":false},"excerpt":{"rendered":"Actualizado: 04\/12\/2025 14:58 Ver galer\u00eda &gt; Un certamen que vuelve a poner en valor el talento fotogr\u00e1fico del&hellip;\n","protected":false},"author":2,"featured_media":271229,"comment_status":"","ping_status":"","sticky":false,"template":"","format":"standard","meta":{"footnotes":""},"categories":[173],"tags":[3076,229,233,231,230,4144,4023,232,234,146,147,25,24,15663,8043,23],"class_list":{"0":"post-271228","1":"post","2":"type-post","3":"status-publish","4":"format-standard","5":"has-post-thumbnail","7":"category-arte-y-diseno","8":"tag-3076","9":"tag-arte","10":"tag-arte-y-diseno","11":"tag-arts","12":"tag-arts-and-design","13":"tag-bizkaia","14":"tag-concurso","15":"tag-design","16":"tag-diseno","17":"tag-entertainment","18":"tag-entretenimiento","19":"tag-es","20":"tag-espana","21":"tag-fotografico","22":"tag-rincones","23":"tag-spain"},"share_on_mastodon":{"url":"https:\/\/pubeurope.com\/@es\/115662780109545489","error":""},"_links":{"self":[{"href":"https:\/\/www.europesays.com\/es\/wp-json\/wp\/v2\/posts\/271228","targetHints":{"allow":["GET"]}}],"collection":[{"href":"https:\/\/www.europesays.com\/es\/wp-json\/wp\/v2\/posts"}],"about":[{"href":"https:\/\/www.europesays.com\/es\/wp-json\/wp\/v2\/types\/post"}],"author":[{"embeddable":true,"href":"https:\/\/www.europesays.com\/es\/wp-json\/wp\/v2\/users\/2"}],"replies":[{"embeddable":true,"href":"https:\/\/www.europesays.com\/es\/wp-json\/wp\/v2\/comments?post=271228"}],"version-history":[{"count":0,"href":"https:\/\/www.europesays.com\/es\/wp-json\/wp\/v2\/posts\/271228\/revisions"}],"wp:featuredmedia":[{"embeddable":true,"href":"https:\/\/www.europesays.com\/es\/wp-json\/wp\/v2\/media\/271229"}],"wp:attachment":[{"href":"https:\/\/www.europesays.com\/es\/wp-json\/wp\/v2\/media?parent=271228"}],"wp:term":[{"taxonomy":"category","embeddable":true,"href":"https:\/\/www.europesays.com\/es\/wp-json\/wp\/v2\/categories?post=271228"},{"taxonomy":"post_tag","embeddable":true,"href":"https:\/\/www.europesays.com\/es\/wp-json\/wp\/v2\/tags?post=271228"}],"curies":[{"name":"wp","href":"https:\/\/api.w.org\/{rel}","templated":true}]}}