{"id":271230,"date":"2025-12-04T18:46:27","date_gmt":"2025-12-04T18:46:27","guid":{"rendered":"https:\/\/www.europesays.com\/es\/271230\/"},"modified":"2025-12-04T18:46:27","modified_gmt":"2025-12-04T18:46:27","slug":"carmen-y-tasio-en-crisis","status":"publish","type":"post","link":"https:\/\/www.europesays.com\/es\/271230\/","title":{"rendered":"Carmen y Tasio, en crisis"},"content":{"rendered":"<p>En el cap\u00edtulo de hoy de <b>Sue\u00f1os de libertad<\/b> hemos visto como&#8230;<\/p>\n<p><b>Dami\u00e1n<\/b> ha vuelto a la f\u00e1brica y le ha dejado a <b>Cloe<\/b><b><a title=\" que est\u00e1 dispuesto a dar guerra\" href=\"https:\/\/www.antena3.com\/series\/suenos-de-libertad\/rifirrafe-cloe-damian-novedades-fabrica-digo-acritud_202512046931a6ae9261f37ec73c4445.html\" target=\"_blank\" rel=\"nofollow noopener\"> que est\u00e1 dispuesto a dar guerra<\/a><\/b>. \u00a1No est\u00e1 acabado!<\/p>\n<p>Por su parte, ha hecho lo propio con <b>Gabriel <\/b>y le ha advertido que <b><a title=\"ya no conf\u00eda en \u00e9l\" href=\"https:\/\/www.antena3.com\/series\/suenos-de-libertad\/damian-advierte-gabriel-que-quiere-mas-mentiras-has-perdido-confianza_202512046931a90855584d48fb69a475.html\" target=\"_blank\" rel=\"nofollow noopener\">ya no conf\u00eda en \u00e9l<\/a><\/b>: no quiere m\u00e1s mentiras. \u00bfQu\u00e9 pasar\u00e1 cuando descubra que su sobrino les ha mentido en todo?<\/p>\n<p><b>Carmen y Tasio<\/b> no est\u00e1n pasando un buen momento. El joven se va de cena de gala con los franceses y ella no ha querido ir, cree que le est\u00e1n utilizando&#8230; Han vuelto a discutir y los dos est\u00e1n m\u00e1s tocados que nunca. \u00bfCu\u00e1ndo acabar\u00e1 esto?<\/p>\n<p>En casa de la Reina,<b> Bego\u00f1a<\/b> est\u00e1 muy preocupada, tiene el presentimiento de que algo va mal tras la llegada de Delia. \u00bfLe confesar\u00e1 Andr\u00e9s lo que es?<\/p>\n<p>Si te has perdido este capitulazo, vuelve a verlo en <b><a title=\"atresplayer\" href=\"https:\/\/www.atresplayer.com\/antena3\/series\/suenos-de-libertad\/\" rel=\"nofollow noopener\" target=\"_blank\">atresplayer<\/a><\/b>.<\/p>\n","protected":false},"excerpt":{"rendered":"En el cap\u00edtulo de hoy de Sue\u00f1os de libertad hemos visto como&#8230; Dami\u00e1n ha vuelto a la f\u00e1brica&hellip;\n","protected":false},"author":2,"featured_media":271231,"comment_status":"","ping_status":"","sticky":false,"template":"","format":"standard","meta":{"footnotes":""},"categories":[171],"tags":[146,147,25,24,23,214],"class_list":{"0":"post-271230","1":"post","2":"type-post","3":"status-publish","4":"format-standard","5":"has-post-thumbnail","7":"category-tv","8":"tag-entertainment","9":"tag-entretenimiento","10":"tag-es","11":"tag-espana","12":"tag-spain","13":"tag-tv"},"share_on_mastodon":{"url":"https:\/\/pubeurope.com\/@es\/115662787858145143","error":""},"_links":{"self":[{"href":"https:\/\/www.europesays.com\/es\/wp-json\/wp\/v2\/posts\/271230","targetHints":{"allow":["GET"]}}],"collection":[{"href":"https:\/\/www.europesays.com\/es\/wp-json\/wp\/v2\/posts"}],"about":[{"href":"https:\/\/www.europesays.com\/es\/wp-json\/wp\/v2\/types\/post"}],"author":[{"embeddable":true,"href":"https:\/\/www.europesays.com\/es\/wp-json\/wp\/v2\/users\/2"}],"replies":[{"embeddable":true,"href":"https:\/\/www.europesays.com\/es\/wp-json\/wp\/v2\/comments?post=271230"}],"version-history":[{"count":0,"href":"https:\/\/www.europesays.com\/es\/wp-json\/wp\/v2\/posts\/271230\/revisions"}],"wp:featuredmedia":[{"embeddable":true,"href":"https:\/\/www.europesays.com\/es\/wp-json\/wp\/v2\/media\/271231"}],"wp:attachment":[{"href":"https:\/\/www.europesays.com\/es\/wp-json\/wp\/v2\/media?parent=271230"}],"wp:term":[{"taxonomy":"category","embeddable":true,"href":"https:\/\/www.europesays.com\/es\/wp-json\/wp\/v2\/categories?post=271230"},{"taxonomy":"post_tag","embeddable":true,"href":"https:\/\/www.europesays.com\/es\/wp-json\/wp\/v2\/tags?post=271230"}],"curies":[{"name":"wp","href":"https:\/\/api.w.org\/{rel}","templated":true}]}}