{"id":271236,"date":"2025-12-04T18:51:17","date_gmt":"2025-12-04T18:51:17","guid":{"rendered":"https:\/\/www.europesays.com\/es\/271236\/"},"modified":"2025-12-04T18:51:17","modified_gmt":"2025-12-04T18:51:17","slug":"estos-son-dos-de-los-sintomas-de-un-ictus-y-tenemos-que-actuar-rapido","status":"publish","type":"post","link":"https:\/\/www.europesays.com\/es\/271236\/","title":{"rendered":"Estos son dos de los s\u00edntomas de un ictus, y tenemos que actuar r\u00e1pido"},"content":{"rendered":"\n<ul class=\"bodyList bodyList--unordered\">\n<li class=\"bodyList__item\"><a href=\"https:\/\/www.elconfidencial.com\/bienestar\/2023-10-29\/una-neurologa-explica-que-es-un-ictus-y-las-senales-de-alerta_3762851\/\" target=\"_self\" rel=\"nofollow noopener\">Una neur\u00f3loga explica qu\u00e9 es un ictus y las se\u00f1ales que avisan de que puedes estar sufri\u00e9ndolo<\/a><\/li>\n<li class=\"bodyList__item\"><a href=\"https:\/\/profile.google.com\/cp\/CgsvZy8xMjI2ZzRoMA\" target=\"_blank\" rel=\"nofollow noopener\">Sigue a El Confidencial en Google Discover para enterarte de todas las noticias<\/a><\/li>\n<\/ul>\n<p> Reconocer un <b><a href=\"https:\/\/www.elconfidencial.com\/tecnologia\/ciencia\/2023-10-17\/gorro-identifica-ictus-salvar-vidas-hospital_3756370\/\" target=\"_self\" rel=\"nofollow noopener\">ictus<\/a><\/b> a tiempo resulta determinante para evitar da\u00f1os graves en el cerebro, y actuar con rapidez puede marcar la <strong>diferencia entre la vida y la muerte<\/strong>. El doctor <b>Jose Manuel Felices<\/b> recuerda que existen <strong>se\u00f1ales muy claras<\/strong> que cualquier persona puede identificar en cuesti\u00f3n de segundos. <\/p>\n<p> La advertencia llega a trav\u00e9s de uno de sus v\u00eddeos divulgativos en <a href=\"https:\/\/www.tiktok.com\/@doctorfelices\" target=\"_blank\" rel=\"nofollow noopener\">TikTok<\/a>, donde analiza las im\u00e1genes de un caso real para explicar c\u00f3mo detectar los primeros signos. Seg\u00fan relata, <b>\u201creconocer un ictus es clave para salvar el cerebro, \u00a1te ense\u00f1o c\u00f3mo y qu\u00e9 debes hacer!\u201d<\/b>, una gu\u00eda pr\u00e1ctica que permite comprender la <strong>urgencia <\/strong>del proceso. <\/p>\n<p>              <img decoding=\"async\" class=\"inTextNews__img\" alt=\"Foto: ictus-factores-de-riesgo-bra\" src=\"https:\/\/www.europesays.com\/es\/wp-content\/uploads\/2025\/12\/f.elconfidencial.com\/original\/c91\/8a2\/814\/c918a2814e8e1e156907bef357e018d0.jpg\"  \/>     <\/p>\n<p>TE PUEDE INTERESAR<\/p>\n<p>      <a class=\"inTextNews__title\" href=\"https:\/\/www.elconfidencial.com\/bienestar\/2025-10-29\/ictus-factores-de-riesgo-bra_4236017\/\" onclick=\"window.ECCO.emit(&#039;amplitude&#039;, { dataEventName: &#039;click_related_article_module&#039;, data: { related_article_url: &#039;https:\/\/www.elconfidencial.com\/bienestar\/2025-10-29\/ictus-factores-de-riesgo-bra_4236017\/&#039;, related_article_author: &#039;Sof\u00eda Fern\u00e1ndez&#039;, related_article_section: &#039;bienestar&#039; } })\" rel=\"nofollow noopener\" target=\"_blank\"> Del sedentarismo a la gripe: los factores de riesgo del ictus y c\u00f3mo prevenirlo <\/a>   <\/p>\n<p>    EC Brands   <\/p>\n<p>           Dos s\u00edntomas que deben activar la alerta           <\/p>\n<p> En la grabaci\u00f3n, el especialista muestra una grabaci\u00f3n con <strong>un hombre que sufre un ictus en el gimnasio.<\/strong> <b>\u201cEste ictus en un hombre joven qued\u00f3 grabado y nos viene perfecto para ver claramente dos de los tres signos de ictus\u201d<\/b>. Comienza se\u00f1alando la asimetr\u00eda facial: <b>\u201cf\u00edjate en su cara, especialmente en su boca. Se tuerce hacia un lado y no puede moverla\u201d<\/b>. Ante esta situaci\u00f3n, recomienda pedir al afectado que<strong> ense\u00f1e los dientes<\/strong> y cierre los ojos para confirmar la incapacidad de realizar el gesto. <\/p>\n<p> <strong>El segundo signo <\/strong>aparece cuando el hombre intenta coger un guante sin \u00e9xito. Tal como detalla el doctor, <b>\u201cmira, tiene dificultades para mover el brazo, no puede coger el guante. P\u00eddele a la persona que coja un objeto sencillo. Si no puede, alerta\u201d<\/b>. A estos dos s\u00edntomas se suma la prueba del habla: <b>\u201cpreg\u00fantale a la persona c\u00f3mo se llama y que diga \u2018el cielo es azul\u2019. Si tiene dificultades, alerta\u201d<\/b>. <\/p>\n<blockquote class=\"tiktok-embed\" cite=\"https:\/\/www.tiktok.com\/@doctorfelices\/video\/7552601448572390658\" data-video-id=\"7552601448572390658\" style=\"max-width: 605px;min-width: 325px;\"><p>  <a target=\"_blank\" title=\"@doctorfelices\" href=\"https:\/\/www.tiktok.com\/@doctorfelices?refer=embed\" rel=\"nofollow noopener\">@doctorfelices<\/a> Reconocer un ictus es clave para salvar el cerebro, \u00a1te ense\u00f1o c\u00f3mo y qu\u00e9 debes hacer! Este ictus en un hombre joven qued\u00f3 grabado y nos viene perfecto para ver claramente dos de los tres signos de ictus \ud83e\uddd0 Con que solo veas uno YA TIENES QUE ACTUAR \ud83d\udea8 as\u00ed que te ense\u00f1o tambi\u00e9n el tercero \ud83e\udee1 Guarda el v\u00eddeo para repasarlo de vez en cuando y comparte para salvar muchos cerebros, \u00a1quiz\u00e1 incluso el tuyo! \u2764\ufe0f <a title=\"ictus\" target=\"_blank\" href=\"https:\/\/www.tiktok.com\/tag\/ictus?refer=embed\" rel=\"nofollow noopener\">#ictus<\/a> <a title=\"saludcerebral\" target=\"_blank\" href=\"https:\/\/www.tiktok.com\/tag\/saludcerebral?refer=embed\" rel=\"nofollow noopener\">#saludcerebral<\/a> <a title=\"prevenci\u00f3n\" target=\"_blank\" href=\"https:\/\/www.tiktok.com\/tag\/prevenci%C3%B3n?refer=embed\" rel=\"nofollow noopener\">#prevenci\u00f3n<\/a> <a title=\"emergenciasm\u00e9dicas\" target=\"_blank\" href=\"https:\/\/www.tiktok.com\/tag\/emergenciasm%C3%A9dicas?refer=embed\" rel=\"nofollow noopener\">#emergenciasm\u00e9dicas<\/a> <a title=\"act\u00faar\u00e1pido\" target=\"_blank\" href=\"https:\/\/www.tiktok.com\/tag\/act%C3%BAar%C3%A1pido?refer=embed\" rel=\"nofollow noopener\">#act\u00faar\u00e1pido<\/a> <a target=\"_blank\" title=\"\u266c sonido original - Doctor Felices\" href=\"https:\/\/www.tiktok.com\/music\/sonido-original-7552601444642949910?refer=embed\" rel=\"nofollow noopener\">\u266c sonido original &#8211; Doctor Felices<\/a>  <\/p><\/blockquote>\n<p>           Actuaci\u00f3n inmediata y llamada a emergencias           <\/p>\n<p> El m\u00e9dico insiste en que no es necesario que aparezcan todos los signos para actuar. <b>\u201cLo primero es saber que no hace falta que se den los tres para que sea un ictus. Con solo uno ya nos vale y tenemos que llamar a emergencias\u201d<\/b>, subraya. Tambi\u00e9n recalca la importancia de indicar la hora de inicio de los s\u00edntomas y colocar a la persona en posici\u00f3n recostada, evitando ofrecer comida. <\/p>\n<p> Otro punto esencial es no trasladar al paciente por cuenta propia: <b>\u201cno seas t\u00fa quien lo lleva al hospital\u201d<\/b>, advierte, ya que <b>\u201cno todos los hospitales tienen tratamiento para el ictus\u201d<\/b>. El doctor recuerda que <b>\u201ctiempo es cerebro y la voz de alerta para empezar el tratamiento que salva una vida depende de ti\u201d<\/b>. Su recomendaci\u00f3n final es compartir esta informaci\u00f3n para contribuir a reconocer m\u00e1s casos a tiempo. <\/p>\n<p>         <script async src=\"\/\/www.tiktok.com\/embed.js\"><\/script><\/p>\n","protected":false},"excerpt":{"rendered":"Una neur\u00f3loga explica qu\u00e9 es un ictus y las se\u00f1ales que avisan de que puedes estar sufri\u00e9ndolo Sigue&hellip;\n","protected":false},"author":2,"featured_media":271237,"comment_status":"","ping_status":"","sticky":false,"template":"","format":"standard","meta":{"footnotes":""},"categories":[92],"tags":[25,24,165,166,23],"class_list":{"0":"post-271236","1":"post","2":"type-post","3":"status-publish","4":"format-standard","5":"has-post-thumbnail","7":"category-salud","8":"tag-es","9":"tag-espana","10":"tag-health","11":"tag-salud","12":"tag-spain"},"share_on_mastodon":{"url":"https:\/\/pubeurope.com\/@es\/115662808163040231","error":""},"_links":{"self":[{"href":"https:\/\/www.europesays.com\/es\/wp-json\/wp\/v2\/posts\/271236","targetHints":{"allow":["GET"]}}],"collection":[{"href":"https:\/\/www.europesays.com\/es\/wp-json\/wp\/v2\/posts"}],"about":[{"href":"https:\/\/www.europesays.com\/es\/wp-json\/wp\/v2\/types\/post"}],"author":[{"embeddable":true,"href":"https:\/\/www.europesays.com\/es\/wp-json\/wp\/v2\/users\/2"}],"replies":[{"embeddable":true,"href":"https:\/\/www.europesays.com\/es\/wp-json\/wp\/v2\/comments?post=271236"}],"version-history":[{"count":0,"href":"https:\/\/www.europesays.com\/es\/wp-json\/wp\/v2\/posts\/271236\/revisions"}],"wp:featuredmedia":[{"embeddable":true,"href":"https:\/\/www.europesays.com\/es\/wp-json\/wp\/v2\/media\/271237"}],"wp:attachment":[{"href":"https:\/\/www.europesays.com\/es\/wp-json\/wp\/v2\/media?parent=271236"}],"wp:term":[{"taxonomy":"category","embeddable":true,"href":"https:\/\/www.europesays.com\/es\/wp-json\/wp\/v2\/categories?post=271236"},{"taxonomy":"post_tag","embeddable":true,"href":"https:\/\/www.europesays.com\/es\/wp-json\/wp\/v2\/tags?post=271236"}],"curies":[{"name":"wp","href":"https:\/\/api.w.org\/{rel}","templated":true}]}}