{"id":271238,"date":"2025-12-04T18:52:12","date_gmt":"2025-12-04T18:52:12","guid":{"rendered":"https:\/\/www.europesays.com\/es\/271238\/"},"modified":"2025-12-04T18:52:12","modified_gmt":"2025-12-04T18:52:12","slug":"el-gobierno-de-ayuso-celebra-la-llegada-de-rosalia-y-woody-allen-a-madrid-en-abril-lider-en-informacion-social","status":"publish","type":"post","link":"https:\/\/www.europesays.com\/es\/271238\/","title":{"rendered":"El Gobierno de Ayuso celebra la llegada de Rosal\u00eda y Woody Allen a Madrid en abril | L\u00edder en Informaci\u00f3n Social"},"content":{"rendered":"<p>\n      El consejero de Cultura, Turismo y Deporte de la Comunidad de Madrid, Mariano de Paco Serrano, celebr\u00f3 este jueves el anuncio de que Rosal\u00eda celebrar\u00e1 cuatro conciertos en el Movistar Arena de la capital entre finales de marzo y principios de abril, y de la futura grabaci\u00f3n de una pel\u00edcula en esas mismas fechas por parte del actor y director Woody Allen.\n    <\/p>\n<p>As\u00ed lo afirm\u00f3 durante una entrevista en Servimedia donde dio por hecho que los conciertos de Rosal\u00eda \u201ctendr\u00e1n, sin duda, un impacto medi\u00e1tico y econ\u00f3mico muy importante\u201d, porque \u201csabemos lo que supone a d\u00eda de hoy la figura de Rosal\u00eda como artista y como elemento cultural\u201d.<\/p>\n<p>El consejero madrile\u00f1o constat\u00f3 que esos cuatro conciertos de la artista catalana supondr\u00e1n la asistencia de m\u00e1s de 60.000 personas, porque se mostr\u00f3 convencido de que las entradas se agotar\u00e1n \u201cinmediatamente\u201d.<\/p>\n<p>En este sentido, De Paco Serrano valor\u00f3 que pr\u00e1cticamente todos los artistas que visitan el Movistar Arena agotan sus entradas y destac\u00f3 que, por eso, \u201cse ha posicionado en el n\u00famero uno europeo y n\u00famero tres a nivel mundial despu\u00e9s de Nueva York y Tokio\u201d.<\/p>\n<p>A este respecto, remarc\u00f3 que, adem\u00e1s de ser un recinto cultural, tambi\u00e9n es un recinto deportivo, con lo cual \u201cobedece perfectamente al planteamiento de interrelaci\u00f3n que se produce en Madrid entre las dos \u00e1reas que gestiona la Consejer\u00eda y que adem\u00e1s son el motor de nuestro turismo\u201d.<\/p>\n<p>Con lo cual, el consejero madrile\u00f1o estim\u00f3 que Rosal\u00eda \u201cser\u00e1 un elemento m\u00e1s para ese \u00e9xito de la oferta cultural del Movistar Arena y un elemento m\u00e1s para ese \u00e9xito de la oferta cultural de la Comunidad de Madrid\u201d.<\/p>\n<p>PEL\u00cdCULA DE WOODY ALLEN<\/p>\n<p>Respecto a la decisi\u00f3n conocida hoy de que el actor y director estadounidense Woody Allen grabar\u00e1 una pel\u00edcula en Madrid a partir de abril, el consejero remarc\u00f3 que es un \u201corgullo cultural\u201d.<\/p>\n<p>De Paco Serrano recalc\u00f3 que el director estadounidense \u201cviene a Madrid porque quiere venir a Madrid\u201d y valor\u00f3 que \u201cun genio y un maestro\u201d de la cinematograf\u00eda universal como Woody Allen elija Madrid cuando \u201cpodr\u00eda ir a rodar a cualquier lugar del mundo\u201d.<\/p>\n<p>Afortunadamente, \u201ctras un proceso de larga negociaci\u00f3n y pacto, pues Woody Allen va a rodar aqu\u00ed una pel\u00edcula que va a llevar Madrid en su t\u00edtulo, que adem\u00e1s se va a rodar con un porcentaje importante en los exteriores de la Comunidad de Madrid, lo que nos va a proporcionar una presencia muy importante en el mundo, no solo de la capital, sino tambi\u00e9n de nuestros municipios\u201d, asever\u00f3.<\/p>\n<p>De Paco Serrano insisti\u00f3 en que \u201ces un orgullo cultural\u201d y, evidentemente, una pel\u00edcula de estas caracter\u00edsticas rodada por un \u201cmaestro\u201d como Woody Allen \u201ctiene un retorno milmillonario si lo vemos en t\u00e9rminos econ\u00f3micos\u201d.<\/p>\n<p>El consejero madrile\u00f1o recalc\u00f3 que \u201cel hecho de que Woody Allen se fije en Madrid subraya la importancia y el buen momento que Madrid est\u00e1 viviendo\u201d y que \u201cnosotros, como Gobierno, vamos a aprovechar\u201d, porque \u201centendemos que todo esto redunda en beneficio del ciudadano\u201d.<\/p>\n","protected":false},"excerpt":{"rendered":"El consejero de Cultura, Turismo y Deporte de la Comunidad de Madrid, Mariano de Paco Serrano, celebr\u00f3 este&hellip;\n","protected":false},"author":2,"featured_media":271239,"comment_status":"","ping_status":"","sticky":false,"template":"","format":"standard","meta":{"footnotes":""},"categories":[91],"tags":[6848,146,147,25,24,492,23],"class_list":{"0":"post-271238","1":"post","2":"type-post","3":"status-publish","4":"format-standard","5":"has-post-thumbnail","7":"category-entretenimiento","8":"tag-autonomias","9":"tag-entertainment","10":"tag-entretenimiento","11":"tag-es","12":"tag-espana","13":"tag-sociedad","14":"tag-spain"},"share_on_mastodon":{"url":"https:\/\/pubeurope.com\/@es\/115662811770139370","error":""},"_links":{"self":[{"href":"https:\/\/www.europesays.com\/es\/wp-json\/wp\/v2\/posts\/271238","targetHints":{"allow":["GET"]}}],"collection":[{"href":"https:\/\/www.europesays.com\/es\/wp-json\/wp\/v2\/posts"}],"about":[{"href":"https:\/\/www.europesays.com\/es\/wp-json\/wp\/v2\/types\/post"}],"author":[{"embeddable":true,"href":"https:\/\/www.europesays.com\/es\/wp-json\/wp\/v2\/users\/2"}],"replies":[{"embeddable":true,"href":"https:\/\/www.europesays.com\/es\/wp-json\/wp\/v2\/comments?post=271238"}],"version-history":[{"count":0,"href":"https:\/\/www.europesays.com\/es\/wp-json\/wp\/v2\/posts\/271238\/revisions"}],"wp:featuredmedia":[{"embeddable":true,"href":"https:\/\/www.europesays.com\/es\/wp-json\/wp\/v2\/media\/271239"}],"wp:attachment":[{"href":"https:\/\/www.europesays.com\/es\/wp-json\/wp\/v2\/media?parent=271238"}],"wp:term":[{"taxonomy":"category","embeddable":true,"href":"https:\/\/www.europesays.com\/es\/wp-json\/wp\/v2\/categories?post=271238"},{"taxonomy":"post_tag","embeddable":true,"href":"https:\/\/www.europesays.com\/es\/wp-json\/wp\/v2\/tags?post=271238"}],"curies":[{"name":"wp","href":"https:\/\/api.w.org\/{rel}","templated":true}]}}