{"id":271244,"date":"2025-12-04T18:55:11","date_gmt":"2025-12-04T18:55:11","guid":{"rendered":"https:\/\/www.europesays.com\/es\/271244\/"},"modified":"2025-12-04T18:55:11","modified_gmt":"2025-12-04T18:55:11","slug":"el-supremo-archiva-la-querella-de-vox-contra-sanchez-por-el-gasto-de-la-flotilla","status":"publish","type":"post","link":"https:\/\/www.europesays.com\/es\/271244\/","title":{"rendered":"El Supremo archiva la querella de Vox contra S\u00e1nchez por el gasto de la Flotilla"},"content":{"rendered":"<p>El <strong>Tribunal Supremo<\/strong> ha decidido archivar la querella presentada por VOX contra el presidente del Gobierno, <strong>Pedro S\u00e1nchez<\/strong>, por el gasto para repatriar a activistas espa\u00f1oles detenidos en Israel tras participar en la <strong>Flotilla <\/strong>y por el env\u00edo de un buque para prestar apoyo consular a estos ciudadanos. La querella se dirig\u00eda tambi\u00e9n contra la ministra de Defensa, <strong>Margarita Robles<\/strong>, y el ministro de Asuntos Exteriores, Uni\u00f3n Europea y Cooperaci\u00f3n, <strong>Jos\u00e9 Manuel Albares<\/strong>.<\/p>\n<p>Seg\u00fan el tribunal, los hechos se circunscriben a \u00abdecisiones gubernamentales leg\u00edtimas dentro de las competencias constitucionales en pol\u00edtica exterior y defensa, <strong>sin que se acrediten indicios racionales de comisi\u00f3n de los delitos de malversaci\u00f3n ni de prevaricaci\u00f3n<\/strong>\u00ab. Y a\u00f1ade que se evidencia \u00abque <strong>la querella responde a un prop\u00f3sito pol\u00edtico<\/strong>, sin base f\u00e1ctica penalmente relevante\u00bb.<\/p>\n<p>El auto dictado por el tribunal, al que ha tenido acceso RTVE, explica que el despliegue del buque \u00abno constituye desviaci\u00f3n de fondos, sino un acto pol\u00edtico y operativo amparado en competencias constitucionales\u00bb. Tambi\u00e9n constata, en relaci\u00f3n a la querella presentada por Vox, que la \u00abfiscalizaci\u00f3n de su oportunidad corresponde al \u00e1mbito parlamentario o pol\u00edtico, no penal\u00bb.<\/p>\n<p>En resumen, el Tribunal Supremo considera que los fondos fueron empleados en un fin p\u00fablico (protecci\u00f3n consular y diplom\u00e1tica), y que por lo tanto \u00ab<strong>no existe lucro personal ni uso para beneficio privado<\/strong>, ni se acredita detrimento il\u00edcito, pues los gastos se realizaron conforme a la finalidad institucional.\u00bb<\/p>\n","protected":false},"excerpt":{"rendered":"El Tribunal Supremo ha decidido archivar la querella presentada por VOX contra el presidente del Gobierno, Pedro S\u00e1nchez,&hellip;\n","protected":false},"author":2,"featured_media":271245,"comment_status":"","ping_status":"","sticky":false,"template":"","format":"standard","meta":{"footnotes":""},"categories":[42],"tags":[17,18,13,14,11,61,62,63,64,19,20,9,10,15,16,12,21,22,65,66,67],"class_list":{"0":"post-271244","1":"post","2":"type-post","3":"status-publish","4":"format-standard","5":"has-post-thumbnail","7":"category-internacional","8":"tag-breaking-news","9":"tag-breakingnews","10":"tag-featured-news","11":"tag-featurednews","12":"tag-headlines","13":"tag-internacional","14":"tag-international","15":"tag-international-news","16":"tag-internationalnews","17":"tag-latest-news","18":"tag-latestnews","19":"tag-news","20":"tag-noticias","21":"tag-noticias-destacadas","22":"tag-noticiasdestacadas","23":"tag-titulares","24":"tag-ultimas-noticias","25":"tag-ultimasnoticias","26":"tag-world","27":"tag-world-news","28":"tag-worldnews"},"share_on_mastodon":{"url":"https:\/\/pubeurope.com\/@es\/115662823400646356","error":""},"_links":{"self":[{"href":"https:\/\/www.europesays.com\/es\/wp-json\/wp\/v2\/posts\/271244","targetHints":{"allow":["GET"]}}],"collection":[{"href":"https:\/\/www.europesays.com\/es\/wp-json\/wp\/v2\/posts"}],"about":[{"href":"https:\/\/www.europesays.com\/es\/wp-json\/wp\/v2\/types\/post"}],"author":[{"embeddable":true,"href":"https:\/\/www.europesays.com\/es\/wp-json\/wp\/v2\/users\/2"}],"replies":[{"embeddable":true,"href":"https:\/\/www.europesays.com\/es\/wp-json\/wp\/v2\/comments?post=271244"}],"version-history":[{"count":0,"href":"https:\/\/www.europesays.com\/es\/wp-json\/wp\/v2\/posts\/271244\/revisions"}],"wp:featuredmedia":[{"embeddable":true,"href":"https:\/\/www.europesays.com\/es\/wp-json\/wp\/v2\/media\/271245"}],"wp:attachment":[{"href":"https:\/\/www.europesays.com\/es\/wp-json\/wp\/v2\/media?parent=271244"}],"wp:term":[{"taxonomy":"category","embeddable":true,"href":"https:\/\/www.europesays.com\/es\/wp-json\/wp\/v2\/categories?post=271244"},{"taxonomy":"post_tag","embeddable":true,"href":"https:\/\/www.europesays.com\/es\/wp-json\/wp\/v2\/tags?post=271244"}],"curies":[{"name":"wp","href":"https:\/\/api.w.org\/{rel}","templated":true}]}}