{"id":271246,"date":"2025-12-04T18:56:09","date_gmt":"2025-12-04T18:56:09","guid":{"rendered":"https:\/\/www.europesays.com\/es\/271246\/"},"modified":"2025-12-04T18:56:09","modified_gmt":"2025-12-04T18:56:09","slug":"libertad-con-medidas-cautelares-para-el-anestesista-acusado-del-homicidio-de-una-nina-en-alzira","status":"publish","type":"post","link":"https:\/\/www.europesays.com\/es\/271246\/","title":{"rendered":"Libertad con medidas cautelares para el anestesista acusado del homicidio de una ni\u00f1a en Alzira"},"content":{"rendered":"<p>La Secci\u00f3n Civil y de Instrucci\u00f3n del Tribunal de Instancia n\u00famero 5 de Alzira ha acordado este jueves por la tarde la<strong> libertad con medidas cautelares para el anestesista detenido en relaci\u00f3n con la muerte de una menor en una cl\u00ednica dental de Alzira. <\/strong>La jueza ha considerado que no se dan las condiciones para dictar la prisi\u00f3n provisional solicitada por el Ministerio P\u00fablico debido a que no ha apreciado riesgo de fuga, por encontrar acreditado suficiente arraigo en Espa\u00f1a del detenido, ni de destrucci\u00f3n de pruebas.<\/p>\n<p>El hombre, que sed\u00f3 tanto a la menor fallecida como a otra ni\u00f1a de 4 que sufri\u00f3 lesiones y que ha estado ingresada hasta el martes en el Hospital Cl\u00ednico de Val\u00e8ncia, deber\u00e1 comparecer de forma peri\u00f3dica ante el juzgado, y adem\u00e1s, se le ha retirado el pasaporte y no podr\u00e1 salir de del territorio nacional.<\/p>\n<p>Homicidio por imprudencia profesional<\/p>\n<p>El anestesista queda investigado en una causa abierta por los delitos de homicidio por imprudencia profesional, lesiones por imprudencia profesional, hurto y omisi\u00f3n del deber de socorro, sin perjuicio de ulterior calificaci\u00f3n conforme avance la investigaci\u00f3n. <\/p>\n<p>En su auto, la magistrada recuerda que todav\u00eda no dispone de elementos suficientemente incriminatorios contra el investigado como para adoptar una medida como la solicitada por la Fiscal\u00eda, <strong>pues es necesario obtener la historia cl\u00ednica de ambas menores y los resultados de las anal\u00edticas<\/strong> de las muestras obtenidas.<\/p>\n<p>En este momento incipiente de la instrucci\u00f3n, entiende la instructora que no existen suficientes indicios racionales de que la causa definitiva de la muerte de una de estas menores pueda ser atribuida exclusivamente a una imprudencia profesional grave o menos grave del investigado, han se\u00f1alado las mismas fuentes. <\/p>\n<p>El anestesista, de 43 a\u00f1os y nacionalidad espa\u00f1ola, <strong>fue detenido a las 8:45 horas del jueves, en Valencia<\/strong>. Poco despu\u00e9s, sobre las 12 horas, los agentes detuvieron en Alzira a la due\u00f1a de la cl\u00ednica, una mujer de 50 a\u00f1os, como presunta autora de los delitos de omisi\u00f3n del deber de socorro y contra la salud p\u00fablica. La propietaria tambi\u00e9n ha quedado en libertad tras declarar ante la Polic\u00eda, si bien deber\u00e1 comparecer en el juzgado cuando sea requerida. <\/p>\n<p>Los hechos se remontan al 20 de noviembre<\/p>\n<p>Los hechos se remontan al 20 de noviembre de este a\u00f1o, cuando dos ni\u00f1as, de cuatro y seis a\u00f1os, acudieron a una cl\u00ednica dental privada de Alzira para realizarse unos tratamientos odontol\u00f3gicos. <strong>La ni\u00f1a de seis a\u00f1os falleci\u00f3 ese mismo d\u00eda tras ser atendida en la cl\u00ednica.<\/strong> Ingres\u00f3 a las 16:52 horas en urgencias del Hospital de La Ribera en parada cardiorrespiratoria. Los facultativos intentaron su reanimaci\u00f3n sin \u00e9xito y declararon el fallecimiento. <\/p>\n<p>La otra menor, de cuatro a\u00f1os, acudi\u00f3 tambi\u00e9n por la tarde a Urgencias del Hospital de la Ribera, en Alzira (Valencia), porque presentaba un episodio de fiebre, v\u00f3mitos y somnolencia. Tras su estabilizaci\u00f3n y la valoraci\u00f3n pertinente, los facultativos decidieron su traslado en SAMU a la UCI pedi\u00e1trica del Cl\u00ednico.<strong> Este pasado martes recibi\u00f3 el alta m\u00e9dica<\/strong>.<\/p>\n","protected":false},"excerpt":{"rendered":"La Secci\u00f3n Civil y de Instrucci\u00f3n del Tribunal de Instancia n\u00famero 5 de Alzira ha acordado este jueves&hellip;\n","protected":false},"author":2,"featured_media":271247,"comment_status":"","ping_status":"","sticky":false,"template":"","format":"standard","meta":{"footnotes":""},"categories":[8],"tags":[17,18,25,24,13,14,11,19,20,9,10,15,16,23,12,21,22],"class_list":{"0":"post-271246","1":"post","2":"type-post","3":"status-publish","4":"format-standard","5":"has-post-thumbnail","7":"category-espana","8":"tag-breaking-news","9":"tag-breakingnews","10":"tag-es","11":"tag-espana","12":"tag-featured-news","13":"tag-featurednews","14":"tag-headlines","15":"tag-latest-news","16":"tag-latestnews","17":"tag-news","18":"tag-noticias","19":"tag-noticias-destacadas","20":"tag-noticiasdestacadas","21":"tag-spain","22":"tag-titulares","23":"tag-ultimas-noticias","24":"tag-ultimasnoticias"},"share_on_mastodon":{"url":"https:\/\/pubeurope.com\/@es\/115662827431462870","error":""},"_links":{"self":[{"href":"https:\/\/www.europesays.com\/es\/wp-json\/wp\/v2\/posts\/271246","targetHints":{"allow":["GET"]}}],"collection":[{"href":"https:\/\/www.europesays.com\/es\/wp-json\/wp\/v2\/posts"}],"about":[{"href":"https:\/\/www.europesays.com\/es\/wp-json\/wp\/v2\/types\/post"}],"author":[{"embeddable":true,"href":"https:\/\/www.europesays.com\/es\/wp-json\/wp\/v2\/users\/2"}],"replies":[{"embeddable":true,"href":"https:\/\/www.europesays.com\/es\/wp-json\/wp\/v2\/comments?post=271246"}],"version-history":[{"count":0,"href":"https:\/\/www.europesays.com\/es\/wp-json\/wp\/v2\/posts\/271246\/revisions"}],"wp:featuredmedia":[{"embeddable":true,"href":"https:\/\/www.europesays.com\/es\/wp-json\/wp\/v2\/media\/271247"}],"wp:attachment":[{"href":"https:\/\/www.europesays.com\/es\/wp-json\/wp\/v2\/media?parent=271246"}],"wp:term":[{"taxonomy":"category","embeddable":true,"href":"https:\/\/www.europesays.com\/es\/wp-json\/wp\/v2\/categories?post=271246"},{"taxonomy":"post_tag","embeddable":true,"href":"https:\/\/www.europesays.com\/es\/wp-json\/wp\/v2\/tags?post=271246"}],"curies":[{"name":"wp","href":"https:\/\/api.w.org\/{rel}","templated":true}]}}