{"id":271248,"date":"2025-12-04T18:57:13","date_gmt":"2025-12-04T18:57:13","guid":{"rendered":"https:\/\/www.europesays.com\/es\/271248\/"},"modified":"2025-12-04T18:57:13","modified_gmt":"2025-12-04T18:57:13","slug":"el-funcionario-clave-de-la-dana-achaca-el-retraso-de-la-alerta-a-las-dudas-juridicas-de-pradas-y-a-que-habia-que-retocar-el-texto-en-valenciano","status":"publish","type":"post","link":"https:\/\/www.europesays.com\/es\/271248\/","title":{"rendered":"El funcionario clave de la dana achaca el retraso de la alerta a las dudas jur\u00eddicas de Pradas y a que hab\u00eda que retocar el texto en valenciano"},"content":{"rendered":"<p style=\"\">El subdirector general de Emergencias, <strong>Jorge Su\u00e1rez<\/strong>, ha confirmado que el d\u00eda de la <a href=\"https:\/\/www.abc.es\/noticias\/dana\/\" target=\"_self\" data-voc-vtm-id=\"in-text-traffic\" title=\"dana\" data-mrf-link=\"www.abc.es\" rel=\"nofollow noopener\">dana<\/a> advirti\u00f3 a los miembros del Centro de Coordinaci\u00f3n Operativa Integrado (Cecopi), pocos minutos despu\u00e9s de empezar la reuni\u00f3n del \u00f3rgano que dirig\u00eda la crisis, de que ten\u00edan capacidad  &#8230; para enviar un mensaje a los m\u00f3viles, aunque no recuerda si utiliz\u00f3 el t\u00e9rmino ES-Alert.<\/p>\n<p class=\"voc-p\" style=\"\">Lo hizo a las 17.15h para la zona de Utiel y Requena, como se le escucha decir en uno de los v\u00eddeos entregados a la juez de Catarroja. Tambi\u00e9n a las 17.38h, cuando el foco ya estaba puesto en la situaci\u00f3n de la presa de Forata. Es decir, <strong>tres horas antes<\/strong> de que se lanzara el aviso de las 20.11h. Las dudas sobre el alarmismo que pudiera generar y sobre aspectos jur\u00eddicos o incluso correcciones ling\u00fc\u00edsticas acabaron retrasando la alerta. \u00c9l asesoraba y propon\u00eda como experto, pero la \u00faltima palabra era pol\u00edtica.<\/p>\n<p class=\"voc-p\" style=\"\">As\u00ed lo ha relatado Su\u00e1rez, alto funcionario de la Generalitat con d\u00e9cadas de experiencia, en su declaraci\u00f3n como testigo este jueves ante la magistrada que instruye la causa penal sobre la gesti\u00f3n de la barrancada con 230 muertos. Llevaba m\u00e1s de un a\u00f1o esperando para dar su versi\u00f3n. El interrogatorio se ha prolongado durante alrededor de <strong>ocho horas<\/strong>, por lo que se ha decidio suspender la sesi\u00f3n y continuar el 17 de diciembre.<\/p>\n<p class=\"voc-p\" style=\"\">Se trata del t\u00e9cnico de m\u00e1s alto rango en el Centro de Coordinaci\u00f3n de Emergencias y su testimonio era clave, pues conoce todas las decisiones que se tomaron durante la jornada del 29 de octubre y en la reuni\u00f3n del Cecopi, como el env\u00edo del ES-Alert tard\u00edo, que centran la investigaci\u00f3n. Los dos imputados en la causa -la exconsellera Salom\u00e9 Pradas y su entonces &#8216;n\u00famero dos&#8217; Emilio Arg\u00fceso- y otros cargos pol\u00edticos vienen defendiendo que no se habl\u00f3 de la alerta hasta las 19h.<\/p>\n<p class=\"voc-p\" style=\"\">Fuentes jur\u00eddicas se\u00f1alan a ABC que el testigo ha relatado que la situaci\u00f3n era cr\u00edtica en Utiel desde mediod\u00eda y la UME ten\u00eda dificultades para acceder y rescatar a las personas atrapadas en los tejados, pero el aviso de la Confederaci\u00f3n Hidrogr\u00e1fica del J\u00facar (CHJ) sobre la <strong>posible rotura de la presa de Forata<\/strong> centr\u00f3 el foco y gener\u00f3 un fuerte impacto alrededor de las 17.30h. La Confederaci\u00f3n no hizo referencia en ning\u00fan momento al barranco del Poyo, cuyo desbordamiento provoc\u00f3 la mayor\u00eda de las muertes.<\/p>\n<p class=\"voc-p\" style=\"\">Su\u00e1rez pregunt\u00f3 a la CHJ qu\u00e9 propon\u00edan -esperando que explicaran c\u00f3mo actuar o qu\u00e9 escenario podr\u00eda darse- y se limitaron a responder que eran ellos -la Generalitat- los encargados de tomar medidas porque ten\u00edan las competencias en Protecci\u00f3n Civil. La situaci\u00f3n, ha sostenido, era \u00abtensa\u00bb.<\/p>\n<p class=\"voc-p\" style=\"\">Con un listado de municipios afectados en la mano, algunos con posibles inundaciones de hasta siete metros de altura, volvi\u00f3 a poner sobre la mesa la necesidad de alertar a la poblaci\u00f3n utilizando ese sistema. A las 17.45h ya ten\u00eda <strong>un borrador listo, manuscrito en su libreta<\/strong>, que ha aportado a la causa, y minutos despu\u00e9s avis\u00f3 en un grupo interno de que se iba a mandar un ES-Alert. El texto ped\u00eda subir a zonas altas, una recomendaci\u00f3n que se omiti\u00f3 en la versi\u00f3n final de las 20.11h, pero se recuper\u00f3 en el segundo remitido m\u00e1s tarde, a las 21h.<\/p>\n<p class=\"voc-p\" style=\"\">Sin embargo, el ex inspector jefe del Consorcio Provincial de Bomberos de Valencia y jefe operativo de la emergencia,<strong> Jos\u00e9 Miguel Basset<\/strong>, indic\u00f3 que no le gustaba porque hab\u00eda que tener cuidado con generar alarmismo y con el car\u00e1cter inmediato que transmit\u00eda. Nadie m\u00e1s le apoy\u00f3. De hecho, nadie dijo nada excepto Basset, ha aseverado, aunque ha precisado que no hubo discusi\u00f3n entre ellos. Su\u00e1rez y Basset son las personas sobre las que los imputados -escud\u00e1ndose en su falta de experiencia- han derivado la responsabilidad en la toma de decisiones el d\u00eda de la cat\u00e1strofe.<\/p>\n<p class=\"voc-p\" style=\"\">La ex consellera responsable de emergencias y al mando del Cecopi Salom\u00e9 Pradas decidi\u00f3 entonces -18.07h- hacer un receso para valorar las diferentes opciones. Se cort\u00f3 la se\u00f1al de v\u00eddeo y audio para quienes segu\u00edan la reuni\u00f3n telem\u00e1ticamente, en su mayor\u00eda representantes de organismos estatales.<\/p>\n<p class=\"voc-p\" style=\"\">De acuerdo con lo detallado en su extensa comparecencia, Su\u00e1rez pidi\u00f3 a la responsable de prensa de Emergencias que le consiguiera el mensaje que se mand\u00f3 en Madrid por la borrasca Filomena y empez\u00f3 a preparar el env\u00edo del mensaje con los t\u00e9cnicos.<\/p>\n<p class=\"voc-p\" style=\"\">Pradas, su entonces &#8216;n\u00famero dos&#8217; tambi\u00e9n investigado Emilio Arg\u00fceso, el presidente de la Diputaci\u00f3n de Valencia, Vicent Momp\u00f3 -que no era miembro del Cecopi pero asisti\u00f3-, y el director general Alberto Mart\u00edn coincidieron en que antes de lanzarlo <strong>hab\u00eda que avisar a los alcaldes afectados<\/strong> por el posible desbordamiento del r\u00edo Magro. Se convoc\u00f3 una videoconferencia con ellos a las 18.45h, pero nadie pudo conectarse.<\/p>\n<p>\nCambios en acentos y palabras\n<\/p>\n<p class=\"voc-p\" style=\"\">A las 19.07h ya hab\u00eda un mensaje preparado en la plataforma y se reanud\u00f3 el Cecopi. Ese texto ped\u00eda a la gente que permaneciera en sus domicilios, lo que motiv\u00f3 otro <strong>debate sobre si se ten\u00eda competencia para confinar a la poblaci\u00f3n<\/strong>. Pradas -que quer\u00eda que todos estuvieran de acuerdo con las decisiones que se tomaban- hizo una llamada para trasladar esa consulta jur\u00eddica.<\/p>\n<p class=\"voc-p\" style=\"\">Siguiendo con el relato de Su\u00e1rez, a las 19.30h ya no s\u00f3lo se hablaba de Forata, sino de <strong>una situaci\u00f3n de crisis generalizada en la provincia<\/strong>, por lo que no pod\u00eda emitirse s\u00f3lo el mensaje a la comarca de la Ribera. Empezaba a llegar informaci\u00f3n de otros puntos. La delegada del Gobierno, Pilar Bernab\u00e9, apunt\u00f3 de que hab\u00eda ca\u00eddo el puente de Picanya sobre el barranco del Poyo.<\/p>\n<p class=\"voc-p\" style=\"\">Alrededor de las 19.45h, Pradas dio el visto bueno al mensaje y lo puso por escrito en una tarjeta, algo desconocido hasta ahora. Es ah\u00ed cuando se emplaza en el texto a evitar desplazamientos y pide que se cambie &#8216;se solicita suspender&#8217; por &#8216;se ruega evitar&#8217; para que no fuera \u00abimpositorio\u00bb.<\/p>\n<p class=\"voc-p\" style=\"\">Una vez en el sistema, bajo la supervisi\u00f3n de Pradas y Momp\u00f3, se hicieron tambi\u00e9n algunas correcciones en la <strong>versi\u00f3n en valenciano<\/strong>, que retrasaron unos minutos m\u00e1s su env\u00edo. Se pidi\u00f3 quitar el acento a Val\u00e8ncia y sustituir &#8216;tipus&#8217; por &#8216;tipo&#8217; y &#8216;aquest&#8217; por &#8216;este&#8217;.<\/p>\n<p>\nLlamadas al 112 y correo de la CHJ\n<\/p>\n<p class=\"voc-p\" style=\"\">El subdirector general de Emergencias de la Generalitat tambi\u00e9n ha recalcado que no ten\u00edan constancia en ese momento de que los bomberos que vigilaban el barranco del Poyo en Chiva se hab\u00edan retirado alrededor de las 15 horas.<\/p>\n<p class=\"voc-p\" style=\"\">Se le ha interrogado, adem\u00e1s, por una cuesti\u00f3n clave: por qu\u00e9 las<strong> miles de llamadas al 112<\/strong>, que trazaban el curso de la tromba de agua por la provincia, no llegaron al Cecopi. Su\u00e1rez ha defendido que entonces no se hac\u00edan los an\u00e1lisis de estas comunicaciones que s\u00ed se han establecido ahora. Es precisamente esa informaci\u00f3n de an\u00e1lisis la que, a su juicio, falt\u00f3 durante toda la reuni\u00f3n. A pesar de ello, ha negado que el Cecopi fuera una burbuja.<\/p>\n<p class=\"voc-p\" style=\"\">Ha afirmado que no tuvo conocimiento de la llegada, a las 18.43h, de un correo electr\u00f3nico de la CHJ advirtiendo del brutal caudal del Poyo y ha incidido en que siempre se comunicaban por correo o por tel\u00e9fono con el organismo estatal para que les interpretaran los datos, pero no sol\u00edan consultar el Sistema Autom\u00e1tico de Informaci\u00f3n Hidrol\u00f3gica (SAIH).<\/p>\n<p class=\"voc-p\" style=\"\">Tampoco la Agencia Estatal de Meteorolog\u00eda (Aemet) aport\u00f3 la pluviometr\u00eda, los datos de lluvia ca\u00edda, aunque sus responsables si fueron explicando la evoluci\u00f3n del episodio durante ese encuentro.<\/p>\n<p class=\"voc-p\" style=\"\">En paralelo, Jorge Su\u00e1rez ha confirmado, como ya declar\u00f3 otro funcionario esta misma semana en sede judicial, que ambos decidieron conservar las <strong>im\u00e1genes de las c\u00e1maras de seguridad<\/strong> del Centro de Coordinaci\u00f3n de Emergencias de l&#8217;Eliana y no se borraron pasado el plazo legal de un mes porque entend\u00edan que hab\u00eda un inter\u00e9s social. De hecho, a \u00e9l le encargaron un informe con la llegada de cargos al edificio -de ah\u00ed que se conozca que el expresidente Carlos Maz\u00f3n lleg\u00f3 a las 20.28h- que no fue aportado al procedimiento judicial.<\/p>\n","protected":false},"excerpt":{"rendered":"El subdirector general de Emergencias, Jorge Su\u00e1rez, ha confirmado que el d\u00eda de la dana advirti\u00f3 a los&hellip;\n","protected":false},"author":2,"featured_media":271249,"comment_status":"","ping_status":"","sticky":false,"template":"","format":"standard","meta":{"footnotes":""},"categories":[5],"tags":[17,18,12554,1681,25,24,13,14,12473,11,19,20,9,10,15,16,23,12,21,22],"class_list":{"0":"post-271248","1":"post","2":"type-post","3":"status-publish","4":"format-standard","5":"has-post-thumbnail","7":"category-titulares","8":"tag-breaking-news","9":"tag-breakingnews","10":"tag-clave","11":"tag-dana","12":"tag-es","13":"tag-espana","14":"tag-featured-news","15":"tag-featurednews","16":"tag-funcionario","17":"tag-headlines","18":"tag-latest-news","19":"tag-latestnews","20":"tag-news","21":"tag-noticias","22":"tag-noticias-destacadas","23":"tag-noticiasdestacadas","24":"tag-spain","25":"tag-titulares","26":"tag-ultimas-noticias","27":"tag-ultimasnoticias"},"share_on_mastodon":{"url":"https:\/\/pubeurope.com\/@es\/115662831177844975","error":""},"_links":{"self":[{"href":"https:\/\/www.europesays.com\/es\/wp-json\/wp\/v2\/posts\/271248","targetHints":{"allow":["GET"]}}],"collection":[{"href":"https:\/\/www.europesays.com\/es\/wp-json\/wp\/v2\/posts"}],"about":[{"href":"https:\/\/www.europesays.com\/es\/wp-json\/wp\/v2\/types\/post"}],"author":[{"embeddable":true,"href":"https:\/\/www.europesays.com\/es\/wp-json\/wp\/v2\/users\/2"}],"replies":[{"embeddable":true,"href":"https:\/\/www.europesays.com\/es\/wp-json\/wp\/v2\/comments?post=271248"}],"version-history":[{"count":0,"href":"https:\/\/www.europesays.com\/es\/wp-json\/wp\/v2\/posts\/271248\/revisions"}],"wp:featuredmedia":[{"embeddable":true,"href":"https:\/\/www.europesays.com\/es\/wp-json\/wp\/v2\/media\/271249"}],"wp:attachment":[{"href":"https:\/\/www.europesays.com\/es\/wp-json\/wp\/v2\/media?parent=271248"}],"wp:term":[{"taxonomy":"category","embeddable":true,"href":"https:\/\/www.europesays.com\/es\/wp-json\/wp\/v2\/categories?post=271248"},{"taxonomy":"post_tag","embeddable":true,"href":"https:\/\/www.europesays.com\/es\/wp-json\/wp\/v2\/tags?post=271248"}],"curies":[{"name":"wp","href":"https:\/\/api.w.org\/{rel}","templated":true}]}}