{"id":271250,"date":"2025-12-04T19:01:16","date_gmt":"2025-12-04T19:01:16","guid":{"rendered":"https:\/\/www.europesays.com\/es\/271250\/"},"modified":"2025-12-04T19:01:16","modified_gmt":"2025-12-04T19:01:16","slug":"i-torneo-de-golf-mundosenior-65ymas","status":"publish","type":"post","link":"https:\/\/www.europesays.com\/es\/271250\/","title":{"rendered":"I Torneo de Golf Mundosenior 65YM\u00c1S"},"content":{"rendered":"<blockquote><p>&#13;<\/p>\n<p><a data-external=\"1\" href=\"https:\/\/www.mundosenior.es\/circuitos\/productcontent\/?webproduct=MDSGOLFMARRUECOS\" rel=\"nofollow noopener\" target=\"_blank\" title=\"Reservas pulsando aqu\u00ed: salida desde Madrid ya disponible. \u00a1Reserva cuanto antes! \u00a1Las plazas vuelan!\">Reserva\u00a0pulsando aqu\u00ed: salida desde Madrid ya disponible. \u00a1Reserva cuanto antes! \u00a1Las plazas vuelan!<\/a><\/p>\n<p>&#13;\n<\/p><\/blockquote>\n<blockquote><p>&#13;<\/p>\n<p>Salida desde Barcelona (pr\u00f3ximamente)<\/p>\n<p>&#13;\n<\/p><\/blockquote>\n<p>\u00a0<\/p>\n<p><strong>\u00bfTe gusta el golf y a\u00fan no sabes qu\u00e9 regalar estas navidades?<\/strong>\u00a0<strong>Mundosenior y 65YM\u00c1S<\/strong>, en colaboraci\u00f3n con <strong>BCD Sports<\/strong>, anuncian el lanzamiento del <b>I Torneo de Golf Mundosenior en T\u00e1nger.\u00a0<\/b><\/p>\n<p><strong>Esta\u00a0escapada exclusiva<\/strong>\u00a0est\u00e1 dise\u00f1ada espec\u00edficamente para <b>mayores de 65 a\u00f1os <\/b>y\u00a0contar\u00e1 con la presencia destacada del deportista y estrella\u00a0del baloncesto, <strong>Fernando Romay.\u00a0\u00a0<\/strong><\/p>\n<p>Se trata de un programa\u00a0de cuatro d\u00edas y tres noches, programado para el mes de <strong>m<\/strong><b><strong>a<\/strong>rzo de 2026 \u2013del 24 al 27\u2013<\/b>, que ofrece una experiencia \u00fanica y planificada al detalle para <strong>amantes del golf\u00a0y sus acompa\u00f1antes.<\/strong><\/p>\n<p>Cabe recordar que <strong>Mundosenior y BCD Sports<\/strong> son, ambas, marcas <strong>de la compa\u00f1\u00eda\u00a0<a data-external=\"0\" href=\"https:\/\/www.avoristravel.com\/\" rel=\"nofollow noopener\" target=\"_blank\" title=\"\u00c1voris\">\u00c1voris<\/a>.\u00a0<\/strong><\/p>\n<p>El torneo<\/p>\n<p><a data-external=\"1\" href=\"https:\/\/www.mundosenior.es\/circuitos\/productcontent\/?webproduct=MDSGOLFMARRUECOS\" rel=\"nofollow noopener\" target=\"_blank\" title=\"01 12 2025 MUNDOSENIOR PRIMER TORNEO DE GOLF (5) page 0001\"><img decoding=\"async\" loading=\"lazy\" alt=\"01 12 2025 MUNDOSENIOR PRIMER TORNEO DE GOLF (5) page 0001\" data-id=\"2312140\" data-resize=\"null\" height=\"1754\" src=\"https:\/\/www.europesays.com\/es\/wp-content\/uploads\/2025\/12\/01-12-2025-mundosenior-primer-torneo-de-golf-5-page-0001.jpeg\" title=\"01 12 2025 MUNDOSENIOR PRIMER TORNEO DE GOLF (5) page 0001\" width=\"1241\"\/><\/a><\/p>\n<p>\u00a0<\/p>\n<p>\u00a0<\/p>\n<p>\u00a0<\/p>\n<p>El programa para jugadores incluye\u00a0la competici\u00f3n en dos de los mejores campos de la regi\u00f3n:<\/p>\n<ul>\n<li>\n<b>Club de Golf Al Houara:<\/b>\u00a0abarca m\u00e1s de <strong>110 hect\u00e1reas<\/strong>. Las instalaciones ofrecen un simulador de golf con peque\u00f1os talleres de juegos y un campo de nueve hoyos compacto iluminado por la noche.<\/li>\n<p>&#13;<\/p>\n<li>\n<b>Royal Country Golf de T\u00e1nger:<\/b>\u00a0de aspecto natural y aut\u00e9ntico, data de 1914, y es innegablemente british. Quedar\u00e1 seducido por sus vistas panor\u00e1micas.<\/li>\n<p>&#13;\n<\/ul>\n<p>El viaje incluye\u00a0<b>dos <\/b><b>green fees<\/b>\u00a0y la facturaci\u00f3n de la bolsa de palos o su alquiler en destino sin coste adicional. Adem\u00e1s, los jugadores contar\u00e1n con un buggy compartido durante la competici\u00f3n.<\/p>\n<p>A su llegada al campo para la primera jornada, los golfistas recibir\u00e1n un <b>Welcome Pack exclusivo<\/b> que incluye un polo t\u00e9cnico del torneo, una gorra conmemorativa y un pack de bolas de golf.<\/p>\n<p>Tras finalizar la segunda jornada, se celebrar\u00e1 una <b>gran entrega de premios<\/b>\u00a0<strong>con\u00a0c\u00f3ctel.<\/strong><\/p>\n<p>Lujo y bienestar<\/p>\n<p><img decoding=\"async\" loading=\"lazy\" alt=\"03062019 7Z3A3442 scaled\" data-id=\"2310440\" data-resize=\"null\" height=\"1688\" src=\"https:\/\/www.europesays.com\/es\/wp-content\/uploads\/2025\/12\/03062019-7z3a3442-scaled.jpeg\" title=\"03062019 7Z3A3442 scaled\" width=\"2560\"\/>Hotel El Minzah.<\/p>\n<p>\u00a0<\/p>\n<p>En T\u00e1nger, los participantes se hospedar\u00e1n en el lujoso <strong>Hotel El Minzah<\/strong>,\u00a0un alojamiento de cinco estrellas en el centro de la ciudad, ubicado <strong>cerca de la antigua medina y la playa.<\/strong><\/p>\n<p>El hotel ofrece un ambiente de <strong>confort y calidad, <\/strong>con dos piscinas, un centro de fitness, un centro de bienestar \u2013sauna, hidromasajes,\u00a0hammam, tratamiento corporal, masajes&#8230;\u2013,\u00a0y vistas panor\u00e1micas a la bah\u00eda.<\/p>\n<p>Los hu\u00e9spedes disfrutar\u00e1n del r\u00e9gimen de <b>media pensi\u00f3n<\/b>, que incluye desayuno y cena durante toda la estancia. Adem\u00e1s, existe la posibilidad de reservar una habitaci\u00f3n individual, con un suplemento de 195 euros.<\/p>\n<p>Viaje para acompa\u00f1antes y excursiones<\/p>\n<p><img decoding=\"async\" loading=\"lazy\" alt=\"bigstock Chefchaouen Morocco  May   402707168\" data-id=\"2310416\" data-resize=\"6\" height=\"621\" src=\"https:\/\/www.europesays.com\/es\/wp-content\/uploads\/2025\/12\/bigstock-chefchaouen-morocco-may-402707168_6_928x621.jpeg\" title=\"bigstock Chefchaouen Morocco  May   402707168\" width=\"928\"\/>Chaouen (Marruecos).<\/p>\n<p>\u00a0<\/p>\n<p>Para los acompa\u00f1antes, el viaje\u00a0ofrece un\u00a0itinerario con excursiones guiadas. El primer d\u00eda, tanto jugadores como acompa\u00f1antes, disfrutar\u00e1n de una <b>visita panor\u00e1mica y cultural por la ciudad de T\u00e1nger<\/b> por la tarde, incluyendo una parada en el Cabo Espartel y un recorrido por la <strong>Alcazaba<\/strong> y el <strong>Zoco Chico<\/strong>.<\/p>\n<p>Los siguientes d\u00edas, el o la acompa\u00f1ante explorar\u00e1 destinos ic\u00f3nicos de Marruecos:<\/p>\n<ul>\n<li>\n<b>D\u00eda 2:<\/b>\u00a0excursi\u00f3n a <b>Chaouen<\/b> (la m\u00e1gica ciudad azul del Rif), con gu\u00eda local y almuerzo incluido.<\/li>\n<p>&#13;<\/p>\n<li>\n<b>D\u00eda 3:<\/b>\u00a0visita a <b>Asilah<\/b>, un encantador pueblo costero del Atl\u00e1ntico conocido por sus murales y ambiente art\u00edstico.<\/li>\n<p>&#13;\n<\/ul>\n<p>El<strong> tercer d\u00eda<\/strong>, el acompa\u00f1ante tambi\u00e9n asistir\u00e1 a la <strong>ceremonia de entrega de premios<\/strong> en el campo de golf, para compartir el cierre\u00a0con todos los participantes. Y se les entregar\u00e1 una <b>bolsa de viaje conmemorativa<\/b> como detalle exclusivo.<\/p>\n<p>Ambos viajes incluyen seguro\u00a0y asistencia personalizada del equipo <strong>BCD Sports.<\/strong>\u00a0<\/p>\n<p><img decoding=\"async\" loading=\"lazy\" alt=\"bigstock Asilah Morocco September    333368437\" data-id=\"2310428\" data-resize=\"6\" height=\"621\" src=\"https:\/\/www.europesays.com\/es\/wp-content\/uploads\/2025\/12\/bigstock-asilah-morocco-september-333368437_6_928x621.jpeg\" title=\"bigstock Asilah Morocco September    333368437\" width=\"928\"\/>Asilah (Marruecos).\u00a0<\/p>\n<p>Vuelos<\/p>\n<p>En cuanto al transporte, se realiza a trav\u00e9s de la compa\u00f1\u00eda <b>Iberia<\/b> y forma parte del viaje total.<\/p>\n<p><b>Horarios:<\/b><\/p>\n<ul>\n<li>\n<b>Ida (24\/03\/2026):<\/b>\u00a0salida de Madrid a las <b>11:25 h<\/b> y llegada a T\u00e1nger a las <b>12:55 h<\/b>.<\/li>\n<p>&#13;<\/p>\n<li>\n<b>Vuelta (27\/03\/2026):<\/b> Salida de T\u00e1nger a las <b>13:25 h<\/b> y llegada a Madrid a las <b>14:50 h<\/b>.<\/li>\n<p>&#13;\n<\/ul>\n<p>Existe la posibilidad de realizar la salida desde <b>Barcelona<\/b>, con\u00a0conexi\u00f3n a<b> Madrid <\/b>(con\u00a0un suplemento de 110 euros).<\/p>\n<p>Precio<\/p>\n<p>Los precios por este viaje exclusivo son:\u00a0<\/p>\n<ul>\n<li>Para jugadores:\u00a0<strong>2.120\u00a0euros.\u00a0<\/strong>\n<\/li>\n<p>&#13;<\/p>\n<li>Para acompa\u00f1antes:\u00a0<strong>1.675\u00a0euros.\u00a0<\/strong>\n<\/li>\n<p>&#13;\n<\/ul>\n","protected":false},"excerpt":{"rendered":"&#13; Reserva\u00a0pulsando aqu\u00ed: salida desde Madrid ya disponible. \u00a1Reserva cuanto antes! \u00a1Las plazas vuelan! &#13; &#13; Salida desde&hellip;\n","protected":false},"author":2,"featured_media":271251,"comment_status":"","ping_status":"","sticky":false,"template":"","format":"standard","meta":{"footnotes":""},"categories":[275],"tags":[168,25,24,329,23,167],"class_list":{"0":"post-271250","1":"post","2":"type-post","3":"status-publish","4":"format-standard","5":"has-post-thumbnail","7":"category-golf","8":"tag-deportes","9":"tag-es","10":"tag-espana","11":"tag-golf","12":"tag-spain","13":"tag-sports"},"share_on_mastodon":{"url":"https:\/\/pubeurope.com\/@es\/115662847622976136","error":""},"_links":{"self":[{"href":"https:\/\/www.europesays.com\/es\/wp-json\/wp\/v2\/posts\/271250","targetHints":{"allow":["GET"]}}],"collection":[{"href":"https:\/\/www.europesays.com\/es\/wp-json\/wp\/v2\/posts"}],"about":[{"href":"https:\/\/www.europesays.com\/es\/wp-json\/wp\/v2\/types\/post"}],"author":[{"embeddable":true,"href":"https:\/\/www.europesays.com\/es\/wp-json\/wp\/v2\/users\/2"}],"replies":[{"embeddable":true,"href":"https:\/\/www.europesays.com\/es\/wp-json\/wp\/v2\/comments?post=271250"}],"version-history":[{"count":0,"href":"https:\/\/www.europesays.com\/es\/wp-json\/wp\/v2\/posts\/271250\/revisions"}],"wp:featuredmedia":[{"embeddable":true,"href":"https:\/\/www.europesays.com\/es\/wp-json\/wp\/v2\/media\/271251"}],"wp:attachment":[{"href":"https:\/\/www.europesays.com\/es\/wp-json\/wp\/v2\/media?parent=271250"}],"wp:term":[{"taxonomy":"category","embeddable":true,"href":"https:\/\/www.europesays.com\/es\/wp-json\/wp\/v2\/categories?post=271250"},{"taxonomy":"post_tag","embeddable":true,"href":"https:\/\/www.europesays.com\/es\/wp-json\/wp\/v2\/tags?post=271250"}],"curies":[{"name":"wp","href":"https:\/\/api.w.org\/{rel}","templated":true}]}}