{"id":271252,"date":"2025-12-04T19:02:11","date_gmt":"2025-12-04T19:02:11","guid":{"rendered":"https:\/\/www.europesays.com\/es\/271252\/"},"modified":"2025-12-04T19:02:11","modified_gmt":"2025-12-04T19:02:11","slug":"la-madre-de-tsitsipas-hablo-sobre-la-relacion-de-su-hijo-con-badosa","status":"publish","type":"post","link":"https:\/\/www.europesays.com\/es\/271252\/","title":{"rendered":"La madre de Tsitsipas habl\u00f3 sobre la relaci\u00f3n de su hijo con Badosa"},"content":{"rendered":"<p class=\"quota-display text-align-center\">\n        <a href=\"https:\/\/www.puntodebreak.com\/MDBA-B3-PDB-QUOTA-25\" rel=\"sponsored nofollow noopener\" title=\"Apuesta en bet365\" target=\"_blank\"><\/p>\n<p>            <img decoding=\"async\" alt=\"Bet365\" class=\"bet-logo lazyload\" loading=\"lazy\" src=\"https:\/\/www.europesays.com\/es\/wp-content\/uploads\/2025\/11\/1764546864_0_b365.jpg\"\/>Streaming UTR Pro Newport Beach en directo<\/p>\n<p> \ud83c\udfbe Kyle Overmyer vs Aleksa Ciric<\/p>\n<ol class=\"stream-card__steps\">\n<li>Entra aqu\u00ed y reg\u00edstrate en Bet365<\/li>\n<li>Haz tu primer dep\u00f3sito de m\u00ednimo 5\u00a0\u20ac<\/li>\n<li>Entra en la secci\u00f3n \u00abDirecto\u00bb y ve todos los partidos<\/li>\n<\/ol>\n<p>\n                                Ver partido en Bet365\n                            <\/p>\n<p>        <\/a>\n      <\/p>\n<p class=\"text-align-justify\"><strong>Yulia Salnikova<\/strong> habl\u00f3 sobre todo lo que rodea a su hijo <a href=\"https:\/\/www.puntodebreak.com\/tenis\/stefanos-tsitsipas\" rel=\"nofollow noopener\" target=\"_blank\"><strong>Stefanos Tsitsipas<\/strong><\/a>. El griego ha sufrido un a\u00f1o para olvidar, saliendo hasta del top-20 del ranking ATP, lastrado por sus problemas de espalda y dando la sensaci\u00f3n de que su nivel de tenis dio un baj\u00f3n considerable. Adem\u00e1s de poner punto y final a su relaci\u00f3n con <a href=\"https:\/\/www.puntodebreak.com\/tag\/paula-badosa\" rel=\"nofollow noopener\" target=\"_blank\"><strong>Paula Badosa.<\/strong><\/a><\/p>\n<p class=\"text-align-justify\">Pero sus molestias de espalda nunca desaparecieron y el griego estuvo muy cerca de pasar por el quir\u00f3fano, algo que consigui\u00f3 evitar. Su estado f\u00edsico fue otro de los temas que rodearon la figura Stefanos Tsitsipas, sobre todo despu\u00e9s de la rajada del que fue su entrenador por un mes, <a href=\"https:\/\/www.puntodebreak.com\/tag\/goran-ivanisevic\" rel=\"nofollow noopener\" target=\"_blank\"><strong>Goran Ivanisevic<\/strong><\/a>, cuando lleg\u00f3 a decir que ten\u00eda mejor f\u00edsico que el ateniense.\u00a0<\/p>\n<p class=\"text-align-justify\">Sobre todo esto habl\u00f3 su la madre de Stefanos, Yulia Salnikova, que acostumbra a estar m\u00e1s alejada de los medios de comunicaci\u00f3n. Pero, esta vez, en una entrevista con el medio ruso m.sports no se mordi\u00f3 la lengua y habl\u00f3 sobre la relaci\u00f3n de su hijo con Paula Badosa, la relaci\u00f3n con Ap\u00f3stolos, el estado f\u00edsico de Stefano o la decisi\u00f3n de contratar a Ivanisevic.<\/p>\n<p class=\"text-align-justify\"><strong>Sobre los problemas de espalda de Tsitsipas<\/strong><\/p>\n<p class=\"text-align-justify\">\u00abConsult\u00f3 a un m\u00e9dico especializado en su lesi\u00f3n, quien le aconsej\u00f3 tomarse unas vacaciones y no continuar la temporada con el torneo de Atenas, a pesar de que ese torneo era su m\u00e1xima prioridad. El problema se resolvi\u00f3 sin cirug\u00eda. Esto alegr\u00f3 mucho a Stefanos; para entonces, estaba tan cansado que incluso estaba listo para la cirug\u00eda. Ya no siente ninguna molestia. Esto es alentador, ya que antes, incluso en la vida diaria, sent\u00eda molestias en la espalda\u00bb.<\/p>\n<p class=\"text-align-justify\"><strong>Los or\u00edgenes de esta lesi\u00f3n podr\u00edan ser de nacimiento<\/strong><\/p>\n<p class=\"text-align-justify\">\u00abSospechamos que algunas de las causas son cong\u00e9nitas. El m\u00e9dico nos explic\u00f3 que presenta algunas peculiaridades estructurales. Sospechamos que parte del problema radica en un saque defectuoso. Se inclina ligeramente hacia la izquierda. Finalmente, el cart\u00edlago por el que pasa el nervio se inflamaba constantemente y presionaba el conducto. El objetivo del tratamiento era secar este cart\u00edlago para que el conducto inflamado recuperara su estado normal\u00bb.<\/p>\n<p><strong>La madre de Stefanos Tsitsipas\u00a0da su opini\u00f3n acerca de la relaci\u00f3n de su hijo con Paula Badosa<\/strong><\/p>\n<p class=\"text-align-justify\">\u00abSu ruptura con Paula Badosa tampoco fue f\u00e1cil. Fue una relaci\u00f3n interesante. No era una relaci\u00f3n com\u00fan y corriente, porque era a distancia. Y ambos comenzaron esta relaci\u00f3n lesionados y con dolores f\u00edsicos. Cuando empezaron a salir, Paula no pod\u00eda jugar en absoluto debido a una lesi\u00f3n de espalda. Pero, en definitiva, la relaci\u00f3n fue dif\u00edcil desde el principio. No me gustar\u00eda entrar en detalles porque tengo un acuerdo con el equipo. La respuesta m\u00e1s acertada ser\u00eda: la relaci\u00f3n no fue f\u00e1cil para \u00e9l\u00bb.<\/p>\n<p class=\"text-align-justify\"><img decoding=\"async\" alt=\".\" data-entity-type=\"file\" data-entity-uuid=\"d42f2212-4743-4dde-8045-745f5c781f43\" width=\"612\" height=\"408\" loading=\"lazy\" class=\"lazyload\" src=\"https:\/\/www.europesays.com\/es\/wp-content\/uploads\/2025\/12\/Tsitsipas-Badosa.jpg\"\/><\/p>\n<p class=\"text-align-justify\"><strong>Cree que su hijo solo podr\u00e1 sacar su m\u00e1ximo rendimiento con su padre Apostolos<\/strong><\/p>\n<p class=\"text-align-justify\">\u00abSer\u00e9 muy franca al respecto. Les dir\u00e9 que ning\u00fan entrenador podr\u00eda haber trabajado con Stefanos. Porque la forma en que \u00e9l y su padre trabajaban juntos era, si no \u00fanica, s\u00ed muy peculiar. Solo gracias a su comprensi\u00f3n compartida del juego, Stefanos pudo lograr resultados importantes\u00bb.<\/p>\n<p class=\"text-align-justify\">\u00abCr\u00e9eme, todos los entrenadores que trabajaron solos con \u00e9l no lograron resultados. Mark Philippoussis obtuvo los mejores resultados, pero solo cuando \u00e9l y Apostolos trabajaron juntos. Un equipo de dos entrenadores. Y luego Mark, digamos, perdi\u00f3 el rumbo porque le ofreci\u00f3 a Stefanos trabajo individual. Y eso no dur\u00f3 mucho\u00bb.<\/p>\n<p><strong>Ella fue quien aconsej\u00f3 contratar a Goran Ivanisevic<\/strong><\/p>\n<p class=\"text-align-justify\">\u00abGoran Ivani\u0161evi\u0107 nunca tuvo la intenci\u00f3n de construir una relaci\u00f3n con Tsitsipas. La historia de Goran Ivani\u0161evi\u0107 como entrenador empieza y termina con un jugador llamado <strong>Novak Djokovic<\/strong>. Se perdi\u00f3 por completo en \u00e9l. Lo vi y me impact\u00f3. Trataba a Djokovic como una persona querida que necesitaba apoyo incondicional. Ivanisevic estaba dispuesto a hacer cualquier cosa por Djokovic, dispuesto a complacer cualquier capricho. Y eso me conquist\u00f3\u00bb.<\/p>\n<p class=\"text-align-justify\">\u00abResult\u00f3 ser una ilusi\u00f3n. Al observar esta relaci\u00f3n, asum\u00ed ingenuamente que podr\u00eda ser igual con el siguiente jugador. Pero un amor as\u00ed solo se da una vez en la vida; nadie puede repetirlo. No solo le aconsej\u00e9 en su contrataci\u00f3n, sino que insist\u00ed. Y asumo toda la responsabilidad. Asumo la culpa de que fuera una decisi\u00f3n equivocada. Al fin y al cabo, incluso el equipo que trabaj\u00f3 con Stefanos antes de que \u00e9l empezara a trabajar con Ivani\u0161evi\u0107 le ayud\u00f3 m\u00e1s\u00bb.<\/p>\n<p><strong>El par\u00f3n profesional de Stefanos con su padre le benefici\u00f3<\/strong><\/p>\n<p class=\"text-align-justify\">\u00abLograron llegar a un acuerdo. La pausa los benefici\u00f3 a ambos.Aunque respeto el trabajo de Apostolos y me conviene que contin\u00faen y no se separen, sab\u00eda que un descanso les ayudar\u00eda a renovarse y a encontrar un nuevo enfoque. Y as\u00ed fue. Apostolos comprendi\u00f3 mucho y cambi\u00f3 su actitud. Stefanos madur\u00f3 y se volvi\u00f3 m\u00e1s asertivo en sus posturas y comunicaci\u00f3n\u00bb.<\/p>\n<p><strong>Explica la peculiaridad del tenis de su hijo<\/strong><\/p>\n<p class=\"text-align-justify\">\u00abVer\u00e1s, el estilo de tenis de Stefanos no se basa en esforzarse al m\u00e1ximo. Y eso es exactamente lo que sugerir\u00eda cualquier entrenador. Su rutina en la cancha es m\u00e1s sofisticada. Requiere un entrenamiento m\u00e1s suave, pero m\u00e1s efectivo. Apostolos era famoso por no terminar nunca un entrenamiento sin perfeccionar alg\u00fan aspecto del juego de Stefanos\u00bb.<\/p>\n<p class=\"text-align-justify\">\u00abNo lo digo porque sea su madre. Soy, ante todo, aficionada al tenis. Y cuando Stefanos jugaba en su mejor momento, me recordaba a una sinfon\u00eda. La m\u00fasica empieza, se desarrolla, contin\u00faa y termina igual de hermosamente. Sus mejores partidos fueron as\u00ed. Luego acumul\u00f3 una carga, mental y emocional, que le dificult\u00f3 mantener este estilo particular de tenis. Pero esa es la esencia de su juego\u00bb.<\/p>\n<p><strong>Lamenta el paron de juego de su hijo<\/strong><\/p>\n<p class=\"text-align-justify\">\u00abAntes parec\u00eda que Stefanos ten\u00eda m\u00e1s potencial. Pero luego llegaron jugadores como <strong>Sinner y \u00a0Alcaraz<\/strong>. Y contra ellos, muchas de sus debilidades se hacen evidentes. Mira, Zverev ocupa el tercer puesto del ranking mundial. \u00bfPero es realmente el tercero? \u00bfSe merece ese puesto? A veces su juego se desmorona tanto que es simplemente imposible\u00bb.<\/p>\n<p><strong>Opina que Stefanos tiene problemas de motivaci\u00f3n<\/strong><\/p>\n<p class=\"text-align-justify\">Tiene tantos intereses fuera del tenis que no logra integrarse del todo en esta comunidad ten\u00edstica. No lo estimula lo suficiente. Este podr\u00eda ser su primer problema en el deporte profesional. Y sab\u00eda que ser\u00eda as\u00ed; he estado con \u00e9l desde la infancia. Y sab\u00eda que tendr\u00eda un problema de motivaci\u00f3n. Para tener la misma motivaci\u00f3n que Sinner y Alcaraz, hay que trabajar en ello y vivir para ello. Hay que despertar y decir: \u00abBueno, ayer comet\u00ed un par de errores por la derecha, no acort\u00e9 el tiempo un par de veces; ahora voy a trabajar en ello\u00bb.<\/p>\n<p><strong>Conf\u00eda en la recuperaci\u00f3n de su hijo, pero hasta cierto nivel<\/strong><\/p>\n<p class=\"text-align-justify\">\u00abActualmente, solo dos personas pueden alzarse con la victoria en los Grand Slams. \u00bfQu\u00e9 deber\u00eda pasar en su vida? Pienso, ante todo, en seguir trabajando con pap\u00e1. Y conmigo. Esto le ayudar\u00e1 a volver al nivel que le corresponde. Ya sea entre los tres o los cinco primeros, el tiempo lo dir\u00e1. No tengo ninguna duda de que volver\u00e1 al top 10\u00bb, sentencia la madre de un <strong>Stefanos Tsitsipas <\/strong>que espera que el 2026 sea mucho m\u00e1s positivo y tranquilo que el 2025.<br \/>\u00a0<\/p>\n","protected":false},"excerpt":{"rendered":"Streaming UTR Pro Newport Beach en directo \ud83c\udfbe Kyle Overmyer vs Aleksa Ciric Entra aqu\u00ed y reg\u00edstrate en&hellip;\n","protected":false},"author":2,"featured_media":271253,"comment_status":"","ping_status":"","sticky":false,"template":"","format":"standard","meta":{"footnotes":""},"categories":[274],"tags":[168,25,24,23,167,327,326],"class_list":{"0":"post-271252","1":"post","2":"type-post","3":"status-publish","4":"format-standard","5":"has-post-thumbnail","7":"category-tenis","8":"tag-deportes","9":"tag-es","10":"tag-espana","11":"tag-spain","12":"tag-sports","13":"tag-tenis","14":"tag-tennis"},"share_on_mastodon":{"url":"https:\/\/pubeurope.com\/@es\/115662850911065569","error":""},"_links":{"self":[{"href":"https:\/\/www.europesays.com\/es\/wp-json\/wp\/v2\/posts\/271252","targetHints":{"allow":["GET"]}}],"collection":[{"href":"https:\/\/www.europesays.com\/es\/wp-json\/wp\/v2\/posts"}],"about":[{"href":"https:\/\/www.europesays.com\/es\/wp-json\/wp\/v2\/types\/post"}],"author":[{"embeddable":true,"href":"https:\/\/www.europesays.com\/es\/wp-json\/wp\/v2\/users\/2"}],"replies":[{"embeddable":true,"href":"https:\/\/www.europesays.com\/es\/wp-json\/wp\/v2\/comments?post=271252"}],"version-history":[{"count":0,"href":"https:\/\/www.europesays.com\/es\/wp-json\/wp\/v2\/posts\/271252\/revisions"}],"wp:featuredmedia":[{"embeddable":true,"href":"https:\/\/www.europesays.com\/es\/wp-json\/wp\/v2\/media\/271253"}],"wp:attachment":[{"href":"https:\/\/www.europesays.com\/es\/wp-json\/wp\/v2\/media?parent=271252"}],"wp:term":[{"taxonomy":"category","embeddable":true,"href":"https:\/\/www.europesays.com\/es\/wp-json\/wp\/v2\/categories?post=271252"},{"taxonomy":"post_tag","embeddable":true,"href":"https:\/\/www.europesays.com\/es\/wp-json\/wp\/v2\/tags?post=271252"}],"curies":[{"name":"wp","href":"https:\/\/api.w.org\/{rel}","templated":true}]}}