{"id":271254,"date":"2025-12-04T19:05:10","date_gmt":"2025-12-04T19:05:10","guid":{"rendered":"https:\/\/www.europesays.com\/es\/271254\/"},"modified":"2025-12-04T19:05:10","modified_gmt":"2025-12-04T19:05:10","slug":"entrevista-a-joaquin-rodriguez-casademont-uruguay-estudiantes","status":"publish","type":"post","link":"https:\/\/www.europesays.com\/es\/271254\/","title":{"rendered":"Entrevista a Joaqu\u00edn Rodr\u00edguez: Casademont, Uruguay, Estudiantes&#8230;"},"content":{"rendered":"<p>En una entrevista ofrecida por Finisher hablamos con el jugador de Casademont Zaragoza sobre su gran momento de forma.<\/p>\n<p>En esta entrevista, Joaqu\u00edn Rodr\u00edguez repasa su gran momento en Casademont Zaragoza, su rol en la Liga Endesa, y c\u00f3mo su paso por la selecci\u00f3n de Uruguay ha ayudado a su carrera<\/p>\n<p>Hablamos de su rendimiento, confianza, evoluci\u00f3n como jugador y los desaf\u00edos de competir en el baloncesto espa\u00f1ol y latinoamericano.<\/p>\n<p>Descubre c\u00f3mo vive el d\u00eda a d\u00eda un jugador profesional, qu\u00e9 piensa del proyecto de Casademont Zaragoza y cu\u00e1les son sus objetivos para la temporada.<\/p>\n<p>Adem\u00e1s, Joaqu\u00edn comparte an\u00e9cdotas \u00fanicas sobre la selecci\u00f3n uruguaya, la famosa victoria ante Estados Unidos y c\u00f3mo afronta los momentos duros dentro y fuera de la cancha.<\/p>\n<p>Una entrevista ofrecida por Finisher, la l\u00ednea de salud y nutrici\u00f3n deportiva de Kern Pharma, la suplementaci\u00f3n oficial de Casademont Zaragoza.<\/p>\n","protected":false},"excerpt":{"rendered":"En una entrevista ofrecida por Finisher hablamos con el jugador de Casademont Zaragoza sobre su gran momento de&hellip;\n","protected":false},"author":2,"featured_media":271255,"comment_status":"","ping_status":"","sticky":false,"template":"","format":"standard","meta":{"footnotes":""},"categories":[269],"tags":[302,299,298,5369,168,25,24,665,23,167],"class_list":{"0":"post-271254","1":"post","2":"type-post","3":"status-publish","4":"format-standard","5":"has-post-thumbnail","7":"category-baloncesto","8":"tag-acb","9":"tag-baloncesto","10":"tag-basketball","11":"tag-casademont-zaragoza","12":"tag-deportes","13":"tag-es","14":"tag-espana","15":"tag-liga-endesa","16":"tag-spain","17":"tag-sports"},"share_on_mastodon":{"url":"https:\/\/pubeurope.com\/@es\/115662862766851540","error":""},"_links":{"self":[{"href":"https:\/\/www.europesays.com\/es\/wp-json\/wp\/v2\/posts\/271254","targetHints":{"allow":["GET"]}}],"collection":[{"href":"https:\/\/www.europesays.com\/es\/wp-json\/wp\/v2\/posts"}],"about":[{"href":"https:\/\/www.europesays.com\/es\/wp-json\/wp\/v2\/types\/post"}],"author":[{"embeddable":true,"href":"https:\/\/www.europesays.com\/es\/wp-json\/wp\/v2\/users\/2"}],"replies":[{"embeddable":true,"href":"https:\/\/www.europesays.com\/es\/wp-json\/wp\/v2\/comments?post=271254"}],"version-history":[{"count":0,"href":"https:\/\/www.europesays.com\/es\/wp-json\/wp\/v2\/posts\/271254\/revisions"}],"wp:featuredmedia":[{"embeddable":true,"href":"https:\/\/www.europesays.com\/es\/wp-json\/wp\/v2\/media\/271255"}],"wp:attachment":[{"href":"https:\/\/www.europesays.com\/es\/wp-json\/wp\/v2\/media?parent=271254"}],"wp:term":[{"taxonomy":"category","embeddable":true,"href":"https:\/\/www.europesays.com\/es\/wp-json\/wp\/v2\/categories?post=271254"},{"taxonomy":"post_tag","embeddable":true,"href":"https:\/\/www.europesays.com\/es\/wp-json\/wp\/v2\/tags?post=271254"}],"curies":[{"name":"wp","href":"https:\/\/api.w.org\/{rel}","templated":true}]}}