{"id":271258,"date":"2025-12-04T19:07:11","date_gmt":"2025-12-04T19:07:11","guid":{"rendered":"https:\/\/www.europesays.com\/es\/271258\/"},"modified":"2025-12-04T19:07:11","modified_gmt":"2025-12-04T19:07:11","slug":"tiktok-anuncia-a-los-mejores-creadores-de-contenido-de-2025-listado-de-ganadores-lifestyle-smartlife","status":"publish","type":"post","link":"https:\/\/www.europesays.com\/es\/271258\/","title":{"rendered":"TikTok anuncia a los mejores creadores de contenido de 2025: listado de ganadores | Lifestyle | SmartLife"},"content":{"rendered":"<p class=\"\"><b>TikTok ha celebrado una nueva edici\u00f3n de los TikTok Awards<\/b>, una gala que ya se ha consolidado como el term\u00f3metro m\u00e1s fiable del talento digital en Espa\u00f1a. Y ya tenemos el listado de ganadores.<\/p>\n<p class=\"\">De esta manera, TikTok ha premiado a los mejores creadores de contenido en esta red social a trav\u00e9s de diferentes categor\u00edas. Adem\u00e1s, <b>TikTok tambi\u00e9n premi\u00f3 a las marcas y agencias que mejor han entendido c\u00f3mo comunicar <\/b>en una red social donde lo espont\u00e1neo y lo creativo lo son todo.<\/p>\n<p>TikTok anuncia a los mejores creadores de contenido en 2025<\/p>\n<p class=\"\">La ceremonia, celebrada en la Galer\u00eda de Cristal de Madrid y <b>presentada por Tamara Garc\u00eda y N\u00faria Mar\u00edn, <\/b>reuni\u00f3 a una comunidad espa\u00f1ola que ya supera los 23 millones de usuarios. Una red social que no para de crecer y que se consolida un a\u00f1o m\u00e1s como el gran referente.<\/p>\n<p><img decoding=\"auto\" class=\"_re lazyload a_m-h\" height=\"239\"  width=\"414\"  src=\"https:\/\/www.europesays.com\/es\/wp-content\/uploads\/2025\/12\/OXVSRYXIDVDYVLAUPBANFY2A5E.jpg\" loading=\"lazy\"\/>Ganadores de los TikTok Awards 2025TikTok <\/p>\n<p class=\"\">La propia gala subray\u00f3 el papel de TikTok como espacio de cultura viva, un concepto que reforz\u00f3 el ministro de Cultura, Ernest Urtasun, al recordar que \u201cla cultura de 2025 tambi\u00e9n se construye en v\u00eddeos de 15, 30 o 60 segundos\u201d. <\/p>\n<p class=\"\">Entre los ganadores m\u00e1s destacados <b>brill\u00f3 Rosal\u00eda, elegida Figura P\u00fablica del A\u00f1o por su capacidad para expandir tendencias y convertir cualquier aparici\u00f3n en un fen\u00f3meno global<\/b>. <\/p>\n<p class=\"\">Pero la conocida cantante no fue la \u00fanica premiada en esta gala organizada por la popular red social. Aunque, si no quieres perderte detalle, que sepas que <b>podr\u00e1s <\/b><b>revivir toda la gala en TikTok LIVE el 10 de diciembre a las 21:00 horas en la cuenta oficial de TikTok Espa\u00f1a.<\/b><\/p>\n<p class=\"\">Por \u00faltimo, te dejamos un listado con todos los ganadores del TikTok Awards 2025.<\/p>\n<p>Listado de Ganadores del TikTok Awards 2025<\/p>\n<ul>\n<li>Figura P\u00fablica del A\u00f1o: @rosalia<\/li>\n<li>TikTok Star: @fabiana.sevillano<\/li>\n<li>Storyteller del A\u00f1o: @_magdalenita<\/li>\n<li>Creador Revelaci\u00f3n del A\u00f1o: @whereisleto<\/li>\n<li>Video del A\u00f1o: El sue\u00f1o cumplido de Pablo x Quevedo (@pablovr11)<\/li>\n<li>Entretenimiento: @pabsperez<\/li>\n<li>Deportes: @danicastilla.tf<\/li>\n<li>Comedia: @galdervaras<\/li>\n<li>Viajes y Gastronom\u00eda: @ibairider<\/li>\n<li>Moda y Belleza: @iris_ermine<\/li>\n<li>Educaci\u00f3n y Cultura: @albasaenc<\/li>\n<li>TikTok For Good: @alexroca_91<\/li>\n<\/ul>\n<p>Listado de Ganadores TikTok Ad Awards 2025<\/p>\n<ul>\n<li>Greatest TikTok: @doritos_es &#8211; \u201cDoritos: M\u00e1s crujientes, m\u00e1s molestos\u201d<\/li>\n<li>Greatest Branding: @nyxcosmetics_es &#8211; \u201cLas Becarias de NYX\u201d<\/li>\n<li>Greatest Creative: @iberia &#8211; \u201cAterriza un avi\u00f3n\u201d<\/li>\n<li>Greatest Performance: @freshlycosmetics_es &#8211; \u201cMaximizando la performance en TikTok Shop con GMV Max\u201d<\/li>\n<li>Greatest Impact: @desigual &#8211; \u201cNOT A DOLL\u201d<\/li>\n<\/ul>\n<p>Listado de Ganadores Publishers Awards 2025<\/p>\n<ul>\n<li>Publisher deportivo del a\u00f1o: @acb<\/li>\n<li>Publisher de entretenimiento del a\u00f1o: @primevideoes<\/li>\n<li>Grupo medi\u00e1tico del a\u00f1o: Atresmedia<\/li>\n<li>L\u00edderes culturales del a\u00f1o: @ac2ality<\/li>\n<li>Publisher innovador del a\u00f1o: @daznfutbol<\/li>\n<\/ul>\n","protected":false},"excerpt":{"rendered":"TikTok ha celebrado una nueva edici\u00f3n de los TikTok Awards, una gala que ya se ha consolidado como&hellip;\n","protected":false},"author":2,"featured_media":271259,"comment_status":"","ping_status":"","sticky":false,"template":"","format":"standard","meta":{"footnotes":""},"categories":[174],"tags":[255,146,147,25,24,7181,256,1922,23,120,5889],"class_list":{"0":"post-271258","1":"post","2":"type-post","3":"status-publish","4":"format-standard","5":"has-post-thumbnail","7":"category-famosos","8":"tag-celebrities","9":"tag-entertainment","10":"tag-entretenimiento","11":"tag-es","12":"tag-espana","13":"tag-estilo-vida","14":"tag-famosos","15":"tag-redes-sociales","16":"tag-spain","17":"tag-tecnologia","18":"tag-tiktok"},"share_on_mastodon":{"url":"https:\/\/pubeurope.com\/@es\/115662871028703376","error":""},"_links":{"self":[{"href":"https:\/\/www.europesays.com\/es\/wp-json\/wp\/v2\/posts\/271258","targetHints":{"allow":["GET"]}}],"collection":[{"href":"https:\/\/www.europesays.com\/es\/wp-json\/wp\/v2\/posts"}],"about":[{"href":"https:\/\/www.europesays.com\/es\/wp-json\/wp\/v2\/types\/post"}],"author":[{"embeddable":true,"href":"https:\/\/www.europesays.com\/es\/wp-json\/wp\/v2\/users\/2"}],"replies":[{"embeddable":true,"href":"https:\/\/www.europesays.com\/es\/wp-json\/wp\/v2\/comments?post=271258"}],"version-history":[{"count":0,"href":"https:\/\/www.europesays.com\/es\/wp-json\/wp\/v2\/posts\/271258\/revisions"}],"wp:featuredmedia":[{"embeddable":true,"href":"https:\/\/www.europesays.com\/es\/wp-json\/wp\/v2\/media\/271259"}],"wp:attachment":[{"href":"https:\/\/www.europesays.com\/es\/wp-json\/wp\/v2\/media?parent=271258"}],"wp:term":[{"taxonomy":"category","embeddable":true,"href":"https:\/\/www.europesays.com\/es\/wp-json\/wp\/v2\/categories?post=271258"},{"taxonomy":"post_tag","embeddable":true,"href":"https:\/\/www.europesays.com\/es\/wp-json\/wp\/v2\/tags?post=271258"}],"curies":[{"name":"wp","href":"https:\/\/api.w.org\/{rel}","templated":true}]}}