{"id":271262,"date":"2025-12-04T19:10:16","date_gmt":"2025-12-04T19:10:16","guid":{"rendered":"https:\/\/www.europesays.com\/es\/271262\/"},"modified":"2025-12-04T19:10:16","modified_gmt":"2025-12-04T19:10:16","slug":"neox-elige-a-esta-colaboradora-de-salvame-para-dar-sus-preuvas-con-dani-mateo-y-una-reconocida-influencer","status":"publish","type":"post","link":"https:\/\/www.europesays.com\/es\/271262\/","title":{"rendered":"Neox elige a esta colaboradora de &#8216;S\u00e1lvame&#8217; para dar sus preuvas con Dani Mateo y una reconocida influencer"},"content":{"rendered":"<p>Un a\u00f1o m\u00e1s, Neox no faltar\u00e1 a su cita con las preuvas en la noche del 30 de diciembre. Y en esta ocasi\u00f3n la cadena de Atresmedia ha sorprendido con su elecci\u00f3n al juntar a tres rostros muy variopintos: <strong>Dani Mateo, Pilar Vidal y Lola Lolita. <\/strong><\/p>\n<p>De esta manera, seg\u00fan avanza Poco Pasa TV, Atresmedia ha decidido que Dani Mateo vuelva a tomarse las uvas con la audiencia aunque en esta ocasi\u00f3n un d\u00eda antes cambiando La Sexta por Atresplayer despu\u00e9s de la decisi\u00f3n del grupo de no ofrecer Campanadas propias en La Sexta y emitir las de Antena 3 con Cristina Pedroche, Alberto Chicote y <a href=\"https:\/\/eltelevisero.huffingtonpost.es\/2025\/12\/santiago-segura-el-as-sorpresa-de-atresmedia-para-las-campanadas-con-cristina-pedroche-y-alberto-chicote\/\" data-type=\"link\" data-id=\"https:\/\/eltelevisero.huffingtonpost.es\/2025\/12\/santiago-segura-el-as-sorpresa-de-atresmedia-para-las-campanadas-con-cristina-pedroche-y-alberto-chicote\/\" rel=\"nofollow noopener\" target=\"_blank\">Santiago Segura como invitado especial <\/a>en simulcast. <\/p>\n<p>Junto al presentador de &#8216;Zapeando&#8217; y colaborador de &#8216;El Intermedio&#8217; estar\u00e1n en la Puerta del Sol dos rostros muy diferentes. Por un lado, Lola Lolita, que ampl\u00eda su trayectoria en Atresmedia tras participar en &#8216;El desaf\u00edo&#8217; y contar con su propio documental, &#8216;Pyjamada Lola Lolita&#8217;, que ver\u00e1 la luz en atresplayer en 2026, y de haberlas conducido ya el a\u00f1o pasado. <\/p>\n<p>Y por otro, Pilar Vidal. La colaboradora, que form\u00f3 parte del universo &#8216;S\u00e1lvame&#8217; tambi\u00e9n sigue afianzando su v\u00ednculo con Atresmedia donde colabora habitualmente en &#8216;Espejo P\u00fablico&#8217;, &#8216;Y ahora Sonsoles&#8217; y &#8216;La Roca&#8217; y despu\u00e9s de haber sido una de las invitadas a la \u00faltima edici\u00f3n de &#8216;Tu cara me suena&#8217;. <\/p>\n<p>De esta manera, Dani Mateo, Pilar Vidal y Lola Lolita dar\u00e1n las precampanadas de Neox el 30 de diciembre tomando el relevo de Nacho Garc\u00eda, que fue qui\u00e9n acompa\u00f1\u00f3 a Lola Lolita el pasado a\u00f1o. <\/p>\n<blockquote class=\"twitter-tweet\" data-width=\"550\" data-dnt=\"true\">\n<p lang=\"es\" dir=\"ltr\">Dani Mateo, Pilar Vidal y Lola Lolita son los elegidos por Atresmedia para despedir el a\u00f1o en sus tradicionales pre <a href=\"https:\/\/twitter.com\/hashtag\/campanadas?src=hash&amp;ref_src=twsrc%5Etfw\" rel=\"noopener nofollow\" target=\"_blank\">#campanadas<\/a> de Neox.<\/p>\n<p>\ud83c\udf7e El presentador, la colaboradora y la influencer conducir\u00e1n la retransmisi\u00f3n, en directo, el 30 de diciembre desde la Puerta del Sol. <a href=\"https:\/\/t.co\/I5RuuKNqGh\" rel=\"nofollow\">pic.twitter.com\/I5RuuKNqGh<\/a><\/p>\n<p>\u2014 Poco Pasa TV (@Pocopasatv) <a href=\"https:\/\/twitter.com\/Pocopasatv\/status\/1996555164489240839?ref_src=twsrc%5Etfw\" rel=\"noopener nofollow\" target=\"_blank\">December 4, 2025<\/a><\/p><\/blockquote>\n<p>Lo que se desconoce por ahora es qu\u00e9 emitir\u00e1 Neox dentro de &#8216;Feliz A\u00f1o Neox&#8217; justo antes de las preuvas. En ese sentido, hay que recordar que el a\u00f1o pasado apost\u00f3 por recuperar &#8216;El club del chiste&#8217; \u00a0para celebrar su decimoquinto aniversario con Carolina Iglesias como presentadora junto a Nacho Garc\u00eda, , Miguel Lago,\u00a0Mar\u00eda G\u00f3mez,\u00a0Melanie Olivares\u00a0y\u00a0David Amor\u00a0como colaboradores. <\/p>\n<p>Este especial de &#8216;El club del chiste&#8217; cosech\u00f3 una audiencia de 188 000 espectadores y un 1,7% de cuota de pantalla. Posteriormente, las precampanadas de Neox\u00a0con Nacho Garc\u00eda y Lola Lolita marcaron un 1,8% y 158.000 espectadores. <\/p>\n<p>\t\t\t\t\t\t                    <script async src=\"https:\/\/platform.twitter.com\/widgets.js\" charset=\"utf-8\"><\/script><\/p>\n","protected":false},"excerpt":{"rendered":"Un a\u00f1o m\u00e1s, Neox no faltar\u00e1 a su cita con las preuvas en la noche del 30 de&hellip;\n","protected":false},"author":2,"featured_media":271263,"comment_status":"","ping_status":"","sticky":false,"template":"","format":"standard","meta":{"footnotes":""},"categories":[171],"tags":[146,147,25,24,23,214],"class_list":{"0":"post-271262","1":"post","2":"type-post","3":"status-publish","4":"format-standard","5":"has-post-thumbnail","7":"category-tv","8":"tag-entertainment","9":"tag-entretenimiento","10":"tag-es","11":"tag-espana","12":"tag-spain","13":"tag-tv"},"share_on_mastodon":{"url":"https:\/\/pubeurope.com\/@es\/115662882547002589","error":""},"_links":{"self":[{"href":"https:\/\/www.europesays.com\/es\/wp-json\/wp\/v2\/posts\/271262","targetHints":{"allow":["GET"]}}],"collection":[{"href":"https:\/\/www.europesays.com\/es\/wp-json\/wp\/v2\/posts"}],"about":[{"href":"https:\/\/www.europesays.com\/es\/wp-json\/wp\/v2\/types\/post"}],"author":[{"embeddable":true,"href":"https:\/\/www.europesays.com\/es\/wp-json\/wp\/v2\/users\/2"}],"replies":[{"embeddable":true,"href":"https:\/\/www.europesays.com\/es\/wp-json\/wp\/v2\/comments?post=271262"}],"version-history":[{"count":0,"href":"https:\/\/www.europesays.com\/es\/wp-json\/wp\/v2\/posts\/271262\/revisions"}],"wp:featuredmedia":[{"embeddable":true,"href":"https:\/\/www.europesays.com\/es\/wp-json\/wp\/v2\/media\/271263"}],"wp:attachment":[{"href":"https:\/\/www.europesays.com\/es\/wp-json\/wp\/v2\/media?parent=271262"}],"wp:term":[{"taxonomy":"category","embeddable":true,"href":"https:\/\/www.europesays.com\/es\/wp-json\/wp\/v2\/categories?post=271262"},{"taxonomy":"post_tag","embeddable":true,"href":"https:\/\/www.europesays.com\/es\/wp-json\/wp\/v2\/tags?post=271262"}],"curies":[{"name":"wp","href":"https:\/\/api.w.org\/{rel}","templated":true}]}}