{"id":271264,"date":"2025-12-04T19:11:22","date_gmt":"2025-12-04T19:11:22","guid":{"rendered":"https:\/\/www.europesays.com\/es\/271264\/"},"modified":"2025-12-04T19:11:22","modified_gmt":"2025-12-04T19:11:22","slug":"la-navidad-alcanza-nuevos-decibeles-christina-aguilera-llega-a-territorio-de-mariah-carey-2","status":"publish","type":"post","link":"https:\/\/www.europesays.com\/es\/271264\/","title":{"rendered":"La Navidad alcanza nuevos decibeles: Christina Aguilera llega a territorio de Mariah Carey"},"content":{"rendered":"<p class=\"mb-4 text-lg md:leading-8 break-words\">Al D\u00eda de Acci\u00f3n de Gracias y su posterior cacer\u00eda de ofertas navide\u00f1as \u2014el conocido Black Friday, que incluso Latinoam\u00e9rica ha adoptado\u2014 se suma una tradici\u00f3n menos comentada, pero igual de importante a nivel comercial: la invasi\u00f3n de m\u00fasica navide\u00f1a, donde Mariah Carey sigue siendo la l\u00edder en ventas y reproducciones con \u201cAll I Want For Christmas Is You\u201d.<\/p>\n<p class=\"mb-4 text-lg md:leading-8 break-words\">Frente a la supremac\u00eda de ese cl\u00e1sico moderno, este a\u00f1o se est\u00e1 posicionando otro himno de temporada y en voz de otra grande como lo es Christina Aguilera, con la canci\u00f3n \u201cMy Favorite Things\u201d.<\/p>\n<p class=\"mb-4 text-lg md:leading-8 break-words\">El primero es un tema original de 1994, coescrito por Carey y en cuyo t\u00edtulo ya aparece la palabra \u2018navidad\u2019. Y la segunda es una canci\u00f3n compuesta en 1959 por el legendario d\u00fao Rodgers y Hammerstein para la obra musical \u201cThe Sound of Music\u201d, y que se hizo a\u00fan m\u00e1s popular en 1965 con su versi\u00f3n cinematogr\u00e1fica, protagonizada por Julie Andrews, y que en Am\u00e9rica Latina se conoci\u00f3 como \u201cLa Novicia Rebelde\u201d.<\/p>\n<p class=\"mb-4 text-lg md:leading-8 break-words\">T\u00e9cnicamente hablando \u201cMy Favorite Things\u201d no es un tema navide\u00f1o, pero siempre se ha vinculado al ambiente invernal festivo por lo que describe su letra. Adem\u00e1s, con el paso del tiempo, una infinidad de artistas lo ha grabado e incluido en compilaciones de villancicos.<\/p>\n<p class=\"mb-4 text-lg md:leading-8 break-words\">Algo similar ocurri\u00f3 con \u201cLast Christmas\u201d (1984), de la agrupaci\u00f3n Wham! y que fue concebida como una canci\u00f3n sobre una ruptura amorosa, solo que ocurre en plena \u00e9poca navide\u00f1a. \u00a1Qu\u00e9 mal rato!<\/p>\n<p class=\"mb-4 text-lg md:leading-8 break-words\">Precisamente, mientras escribo este art\u00edculo, en mis aud\u00edfonos suena esa canci\u00f3n, parte de mi playlist navide\u00f1a. Una lista que en estos d\u00edas suelo actualizar religiosamente. Se trata de una selecci\u00f3n ecl\u00e9ctica, porque aunque puede arrancar con un \u201cLet It Snow! Let It Snow! Let It Snow!\u201d (1945), en la voz de Dean Martin, el sistema aleatorio me lleva luego al mismo tema, pero en la versi\u00f3n m\u00e1s contempor\u00e1nea de Jessica Simpson.<\/p>\n<p class=\"mb-4 text-lg md:leading-8 break-words\">Tambi\u00e9n suenan cl\u00e1sicos en espa\u00f1ol, como el \u201cFeliz Navidad\u201d de Jos\u00e9 Feliciano, el cual ya cumple 55 a\u00f1os de publicado. De la misma \u00e9poca suena en la playlist \u201cEl Burrito Sabanero\u201d, en una versi\u00f3n de Elvis Crespo, alejada del estilo original que impuso el int\u00e9rprete venezolano Sim\u00f3n D\u00edaz cuando la grab\u00f3 por primera vez en 1975.<\/p>\n<p class=\"mb-4 text-lg md:leading-8 break-words\">La m\u00e1s reciente adici\u00f3n a esa lista de canciones navide\u00f1as es precisamente \u201cMy Favorite Things\u201d, de Aguilera. La canci\u00f3n es parte de la celebraci\u00f3n de los 25 a\u00f1os del primer \u00e1lbum navide\u00f1o de la artista (\u201cMy Kind of Christmas\u201d), cuyos temas grab\u00f3 recientemente frente a las c\u00e1maras, en un concierto en Par\u00eds, con la torre Eiffel de fondo y a\u00f1adiendo el anteriormente mencionado, que no aparece en el \u00e1lbum del a\u00f1o 2000 pero que acaba de ser lanzado como sencillo y que ya est\u00e1 siendo monitoreado por Spotify.<\/p>\n<p class=\"mb-4 text-lg md:leading-8 break-words\">\u201cVeinticinco a\u00f1os de canciones, de historias, de conectar\u201d, comenta Aguilera en el adelanto de esta producci\u00f3n, que a mediados de diciembre y por dos d\u00edas llegar\u00e1 a las salas de cine en Estados Unidos. \u201cEsta pel\u00edcula es una celebraci\u00f3n. La Navidad en Par\u00eds tiene una magia en s\u00ed misma. Hay algo muy po\u00e9tico en celebrar este logro en una ciudad que se siente como una verdadera inspiraci\u00f3n\u201d, agrega la cantante.<\/p>\n<p class=\"mb-4 text-lg md:leading-8 break-words\">Sin embargo, y entrando en clasificaciones, la reina absoluta de la temporada, a\u00f1o tras a\u00f1o, ha sido Mariah Carey. Por estos d\u00edas, la revista Billboard publica y publicita su listado \u201cHoliday 100\u201d, donde registra el movimiento de la m\u00fasica navide\u00f1a.<\/p>\n<p class=\"mb-4 text-lg md:leading-8 break-words\">Seg\u00fan esta lista, con fecha de la \u00faltima semana de noviembre, \u201cAll I Want For Christmas Is You\u201d se mantiene en la primera posici\u00f3n. Su debut fue en diciembre de 2011, ocupando la cima durante 66 semanas, de un total de 74 en las que se ha publicado este listado. Para registrar los movimientos de estas canciones, Billboard mide su radiodifusi\u00f3n, ventas y descargas en streaming.<\/p>\n<p class=\"mb-4 text-lg md:leading-8 break-words\">Durante esta \u00e9poca, \u201cAll I Want For Christmas Is You\u201d tiene adem\u00e1s la particularidad de hacer el salto a la influyente lista \u201cHot 100\u201d, de las canciones m\u00e1s populares de la semana en Estados Unidos, sin importar su g\u00e9nero. Y, sin llegar a\u00fan a diciembre, este cl\u00e1sico contempor\u00e1neo ya ocupa all\u00ed la octava posici\u00f3n y seguramente \u2014mientras estemos de fiesta\u2014 desbancar\u00e1 a la l\u00edder actual, Taylor Swift, con \u201cThe Fate Of Ophelia\u201d.<\/p>\n<p class=\"mb-4 text-lg md:leading-8 break-words\">En Spotify, Mariah tambi\u00e9n comienza a aparecer en los listados. \u201cAll I Want\u2026\u201d es n\u00famero 10 en \u201cTop Songs-USA\u201d y la octava en \u201cTop 50-Global\u201d. Hasta el momento, ha tenido miles de millones de reproducciones. Para ser exactos, 2.270.097.121 veces (registradas este d\u00eda de Acci\u00f3n de Gracias).<\/p>\n<p class=\"mb-4 text-lg md:leading-8 break-words\">\u201cNunca llegu\u00e9 a pensar: \u2018\u00a1Dios m\u00edo! por el resto de la vida la vamos a estar cantando\u2019\u201d, <a data-i13n=\"cpos:1;pos:1\" href=\"https:\/\/cnnespanol.cnn.com\/video\/mariah-carey-da-bienvenida-reina-de-la-navidad-all-i-want-for-christmas-is-you-concierto-spotify-showbiz\" rel=\"nofollow noopener\" target=\"_blank\" data-ylk=\"slk:recordaba Mariah hace cuatro a\u00f1os;cpos:1;pos:1;elm:context_link;itc:0;sec:content-canvas\" class=\"link \">recordaba Mariah hace cuatro a\u00f1os<\/a>, en una entrevista donde me contaba c\u00f3mo naci\u00f3 tan popular melod\u00eda en un peque\u00f1o teclado que ten\u00eda en su casa.<\/p>\n<p class=\"mb-4 text-lg md:leading-8 break-words\">Quiz\u00e1 el duelo Christina vs. Mariah no tenga cabida en una \u00e9poca que se supone es sin\u00f3nimo de paz y esperanza, pero la versi\u00f3n de \u201cMy Favorite Things\u201d de la primera lo tiene todo para convertirse en un nuevo cl\u00e1sico, como ya le ocurri\u00f3 a la segunda.<\/p>\n<p class=\"mb-4 text-lg md:leading-8 break-words\">For more CNN news and newsletters create an account at <a data-i13n=\"cpos:2;pos:1\" href=\"http:\/\/www.cnn.com\/account\/register?source=external-feeds_iluminar&amp;cid=external-feeds_iluminar_yahoo&amp;registration_email_campaign=https:\/\/www.cnn.com\/newsletters\" rel=\"nofollow noopener\" target=\"_blank\" data-ylk=\"slk:CNN.com;cpos:2;pos:1;elm:context_link;itc:0;sec:content-canvas\" class=\"link \">CNN.com<\/a><\/p>\n<p><a data-ylk=\"ct:story;elm:img;itc:0;\" class=\"stretched-box\" href=\"https:\/\/trib.al\/yG4LVEm\" rel=\"noopener noreferrer nofollow\" target=\"_blank\"><img alt=\"S\u00edguenos en nuestro canal de WhatsApp\" loading=\"lazy\" width=\"728\" height=\"90\" decoding=\"async\" data-nimg=\"1\" class=\"rounded-lg\" style=\"color:transparent\" src=\"https:\/\/www.europesays.com\/es\/wp-content\/uploads\/2025\/08\/1756428142_323_3d6447f0-3275-11f0-8ffa-1f5d930b0349.jpeg\"\/><\/a><\/p>\n<p>S\u00edguenos en nuestro canal de WhatsApp<\/p>\n","protected":false},"excerpt":{"rendered":"Al D\u00eda de Acci\u00f3n de Gracias y su posterior cacer\u00eda de ofertas navide\u00f1as \u2014el conocido Black Friday, que&hellip;\n","protected":false},"author":2,"featured_media":271265,"comment_status":"","ping_status":"","sticky":false,"template":"","format":"standard","meta":{"footnotes":""},"categories":[170],"tags":[23846,66593,146,147,25,24,38968,1836,184,185,66594,23],"class_list":{"0":"post-271264","1":"post","2":"type-post","3":"status-publish","4":"format-standard","5":"has-post-thumbnail","7":"category-musica","8":"tag-christina-aguilera","9":"tag-dia-de-accion-de-gracias","10":"tag-entertainment","11":"tag-entretenimiento","12":"tag-es","13":"tag-espana","14":"tag-julie-andrews","15":"tag-mariah-carey","16":"tag-music","17":"tag-musica","18":"tag-musica-navidena","19":"tag-spain"},"share_on_mastodon":{"url":"https:\/\/pubeurope.com\/@es\/115662886871713135","error":""},"_links":{"self":[{"href":"https:\/\/www.europesays.com\/es\/wp-json\/wp\/v2\/posts\/271264","targetHints":{"allow":["GET"]}}],"collection":[{"href":"https:\/\/www.europesays.com\/es\/wp-json\/wp\/v2\/posts"}],"about":[{"href":"https:\/\/www.europesays.com\/es\/wp-json\/wp\/v2\/types\/post"}],"author":[{"embeddable":true,"href":"https:\/\/www.europesays.com\/es\/wp-json\/wp\/v2\/users\/2"}],"replies":[{"embeddable":true,"href":"https:\/\/www.europesays.com\/es\/wp-json\/wp\/v2\/comments?post=271264"}],"version-history":[{"count":0,"href":"https:\/\/www.europesays.com\/es\/wp-json\/wp\/v2\/posts\/271264\/revisions"}],"wp:featuredmedia":[{"embeddable":true,"href":"https:\/\/www.europesays.com\/es\/wp-json\/wp\/v2\/media\/271265"}],"wp:attachment":[{"href":"https:\/\/www.europesays.com\/es\/wp-json\/wp\/v2\/media?parent=271264"}],"wp:term":[{"taxonomy":"category","embeddable":true,"href":"https:\/\/www.europesays.com\/es\/wp-json\/wp\/v2\/categories?post=271264"},{"taxonomy":"post_tag","embeddable":true,"href":"https:\/\/www.europesays.com\/es\/wp-json\/wp\/v2\/tags?post=271264"}],"curies":[{"name":"wp","href":"https:\/\/api.w.org\/{rel}","templated":true}]}}