{"id":271266,"date":"2025-12-04T19:12:14","date_gmt":"2025-12-04T19:12:14","guid":{"rendered":"https:\/\/www.europesays.com\/es\/271266\/"},"modified":"2025-12-04T19:12:14","modified_gmt":"2025-12-04T19:12:14","slug":"fecha-de-estreno-y-donde-se-puede-ver","status":"publish","type":"post","link":"https:\/\/www.europesays.com\/es\/271266\/","title":{"rendered":"fecha de estreno y d\u00f3nde se puede ver"},"content":{"rendered":"<p>Con la llegada del fin de semana, <a href=\"https:\/\/okdiario.com\/trailer\/aun-puedes-verla-prime-video-pelicula-sobre-narcotrafico-basada-hechos-reales-15783135\" rel=\"nofollow noopener\" target=\"_blank\">los cines espa\u00f1oles<\/a> se preparan para recibir las principales <strong>novedades cinematogr\u00e1ficas<\/strong>. En concreto, la inminente pr\u00f3xima jornada del mercado de la exhibici\u00f3n proyectar\u00e1 dos reclamos internacionales de renombre, como son la secuela de Five Nights at Freddy\u2019s y <a href=\"https:\/\/okdiario.com\/trailer\/trailer-valor-sentimental-gran-favorita-del-cine-europeo-proximos-oscar-2026-15668509\" rel=\"nofollow noopener\" target=\"_blank\">Valor sentimental<\/a>, uno de esos filmes autorales que podr\u00edan dar la campanada en los Oscar de 2026. Sin embargo el p\u00fablico patrio, sobre todo el adolescente, parece tener su mirada puesta en la nueva pel\u00edcula de \u00d3scar Casas: <strong>Me has robado el coraz\u00f3n<\/strong>.<\/p>\n<p><img loading=\"lazy\" decoding=\"async\" class=\"size-medium wp-image-15878871\" alt=\"nueva pel\u00edcula \u00d3scar Casas\" width=\"620\" height=\"349\"  src=\"https:\/\/www.europesays.com\/es\/wp-content\/uploads\/2025\/12\/mhrec_o27_119_2d88308964-620x349.jpg\" \/> \u2018Me has robado el coraz\u00f3n\u2019 (Sony Ficci\u00f3n Producciones).<\/p>\n<p>Siguiendo de alguna manera los pasos de su hermano mayor, el catal\u00e1n lleva a\u00f1os siendo uno de <strong>los j\u00f3venes int\u00e9rpretes nacionales m\u00e1s queridos<\/strong> por la audiencia. Debut\u00f3 siendo todav\u00eda muy peque\u00f1o en el apartado televisivo, formando parte del elenco recurrente de series como Cu\u00e9ntame c\u00f3mo pas\u00f3, Abuela de verano o Planta 25. Poco a poco, el actor fue creciendo y apareciendo en ficciones seriales y largometrajes <strong>cada vez m\u00e1s ambiciosos<\/strong>, con el reto de abordar personajes complejos de la talla del deportista ol\u00edmpico <a href=\"https:\/\/okdiario.com\/trailer\/gran-salto-oscar-casas-corona-interpretando-gervasio-deferr-biografia-portentosa-15034139\" rel=\"nofollow noopener\" target=\"_blank\">Gervasio Deferr<\/a> para la miniserie El gran salto. En 2023 protagoniz\u00f3 Mi soledad tiene alas, la \u00f3pera prima como director de su hermano Mario. Ahora, la nueva pel\u00edcula de \u00d3scar Casas tendr\u00e1 como objetivo funcionar como <strong>un im\u00e1n para el p\u00fablico joven<\/strong> en el contexto de una taquilla navide\u00f1a repleta de est\u00edmulos audiovisuales potentes. Pero \u00bfde qu\u00e9 trata realmente Me has robado el coraz\u00f3n? \u00bfes la t\u00edpica comedia rom\u00e1ntica? \u00bfQu\u00e9 otras estrellas aparecen en el reparto?<\/p>\n<p>La nueva pel\u00edcula de \u00d3scar Casas<\/p>\n<p><img loading=\"lazy\" decoding=\"async\" class=\"wp-image-15878875 size-medium\" alt=\"nueva pel\u00edcula \u00d3scar Casas\" width=\"620\" height=\"349\"  src=\"https:\/\/www.europesays.com\/es\/wp-content\/uploads\/2025\/12\/video-robado-corazon-comedia-romantica-620x349.jpg\" \/> \u2018Me has robado el coraz\u00f3n\u2019 (Ficci\u00f3n Producciones).<\/p>\n<p>Si nos remitimos a <strong>la sinopsis oficial<\/strong>, Me has robado el coraz\u00f3n nos recuerda a otras propuestas alocadas del cine norteamericano como Baby driver. La historia sigue a Eric (Casas), un joven ingeniero que tras cometer un <strong>atraco a un banco<\/strong>, contacta con Vera a trav\u00e9s de una app de citas. Enga\u00f1\u00e1ndola, Eric la convence para que sea su <strong>conductora en su huida a Galicia<\/strong>, mientras la polic\u00eda les sigue\u00a0 los talones.<\/p>\n<blockquote class=\"twitter-tweet\">\n<p dir=\"ltr\" lang=\"es\">Tenemos un plan para robarte el coraz\u00f3n: un atraco, una app de citas y una huida casi imposible\u2026\u00bfTe atreves a descubrirlo?.<\/p>\n<p>\u00d3scar Casas y Ana Jara en la comedia rom\u00e1ntica del a\u00f1o. \u2764\ufe0f\u200d\ud83d\udd25 <a href=\"https:\/\/twitter.com\/hashtag\/MeHasRobadoElCoraz%C3%B3n?src=hash&amp;ref_src=twsrc%5Etfw\" rel=\"nofollow noopener\" target=\"_blank\">#MeHasRobadoElCoraz\u00f3n<\/a>, exclusivamente en cines 5 de diciembre. <a href=\"https:\/\/t.co\/xboeqMvMlp\" rel=\"nofollow\">pic.twitter.com\/xboeqMvMlp<\/a><\/p>\n<p>\u2014 Sony Pictures Espa\u00f1a (@sonypictures_es) <a href=\"https:\/\/twitter.com\/sonypictures_es\/status\/1975577036728197388?ref_src=twsrc%5Etfw\" rel=\"nofollow noopener\" target=\"_blank\">October 7, 2025<\/a><\/p>\n<\/blockquote>\n<p>El tr\u00e1iler se presenta como una road movie cargada de humor, utilizando la excusa de la huida criminal para profundizar en una <strong>at\u00edpica historia de amor<\/strong> que pretende alejarse de los tropos a los que el cine nacional nos tiene acostumbrados.<\/p>\n<blockquote class=\"twitter-tweet\">\n<p dir=\"ltr\" lang=\"es\">Ana Jara y \u00d3scar Casas deslumbran en el photocall del evento especial de<a href=\"https:\/\/twitter.com\/hashtag\/MeHasRobadoElCoraz%C3%B3n?src=hash&amp;ref_src=twsrc%5Etfw\" rel=\"nofollow noopener\" target=\"_blank\">#MeHasRobadoElCoraz\u00f3n<\/a>; exclusivamente en cines 5 de diciembre. <a href=\"https:\/\/t.co\/Ggh3lMHdHN\" rel=\"nofollow\">pic.twitter.com\/Ggh3lMHdHN<\/a><\/p>\n<p>\u2014 Sony Pictures Espa\u00f1a (@sonypictures_es) <a href=\"https:\/\/twitter.com\/sonypictures_es\/status\/1996317418415669336?ref_src=twsrc%5Etfw\" rel=\"nofollow noopener\" target=\"_blank\">December 3, 2025<\/a><\/p>\n<\/blockquote>\n<p>La nueva pel\u00edcula de \u00d3scar Casas cuenta con la inestimable participaci\u00f3n de Ana Jara (\u00bfQui\u00e9n es qui\u00e9n?) en el papel de Vera y a <strong>Luis Zahera<\/strong> (As bestas) encarnando al t\u00edo de Eric, quien adem\u00e1s es polic\u00eda. El resto del casting se completa con <strong>Antonio Pagudo<\/strong>, <strong>Miguel de Lira<\/strong>, <strong>Ana Mil\u00e1n<\/strong>, <strong>Arturo Valls<\/strong>, <strong>Alba Guti\u00e9rrez<\/strong>, <strong>Francis Lorenzo<\/strong> y el cantante <strong>Pol Granch<\/strong>.<\/p>\n<p>El guion parte de una idea original de Alberto Arruty que la directora Chus Guti\u00e9rrez (Poniente) ha adaptado al terreno del libreto.<\/p>\n<p>El resto de estrenos de la cartelera<\/p>\n<p>Mientras los cines esperan la llegada del fen\u00f3meno comercial de <strong>Avatar: Fuego y ceniza<\/strong>, a Me has robado el coraz\u00f3n le acompa\u00f1an varios estrenos, aparte de Five Nights at Freddy\u2019s 2 y Valor sentimental.<\/p>\n<p><img loading=\"lazy\" decoding=\"async\" class=\"size-medium wp-image-15860356\" alt=\"\" width=\"620\" height=\"349\"  src=\"https:\/\/www.europesays.com\/es\/wp-content\/uploads\/2025\/12\/16752715-620x349.jpg\" \/> \u2018Golpes\u2019 (Vaca Films).<\/p>\n<p>Los espectadores encontrar\u00e1n este fin de semana el estreno de otro thriller espa\u00f1ol como <strong>Golpes<\/strong> y de <strong>Eternity<\/strong>, la comedia rom\u00e1ntica de A24 que ha sorprendido a la cr\u00edtica norteamericana.<\/p>\n<p>Me has robado el coraz\u00f3n estar\u00e1 disponible en los cines espa\u00f1oles desde el <strong>5 de diciembre<\/strong>.<\/p>\n<p>\t\t\t\t\t<script async src=\"https:\/\/platform.twitter.com\/widgets.js\" charset=\"utf-8\"><\/script><\/p>\n","protected":false},"excerpt":{"rendered":"Con la llegada del fin de semana, los cines espa\u00f1oles se preparan para recibir las principales novedades cinematogr\u00e1ficas.&hellip;\n","protected":false},"author":2,"featured_media":271267,"comment_status":"","ping_status":"","sticky":false,"template":"","format":"standard","meta":{"footnotes":""},"categories":[169],"tags":[177,146,147,25,24,176,175,23],"class_list":{"0":"post-271266","1":"post","2":"type-post","3":"status-publish","4":"format-standard","5":"has-post-thumbnail","7":"category-cine","8":"tag-cine","9":"tag-entertainment","10":"tag-entretenimiento","11":"tag-es","12":"tag-espana","13":"tag-film","14":"tag-movies","15":"tag-spain"},"share_on_mastodon":{"url":"https:\/\/pubeurope.com\/@es\/115662890778179939","error":""},"_links":{"self":[{"href":"https:\/\/www.europesays.com\/es\/wp-json\/wp\/v2\/posts\/271266","targetHints":{"allow":["GET"]}}],"collection":[{"href":"https:\/\/www.europesays.com\/es\/wp-json\/wp\/v2\/posts"}],"about":[{"href":"https:\/\/www.europesays.com\/es\/wp-json\/wp\/v2\/types\/post"}],"author":[{"embeddable":true,"href":"https:\/\/www.europesays.com\/es\/wp-json\/wp\/v2\/users\/2"}],"replies":[{"embeddable":true,"href":"https:\/\/www.europesays.com\/es\/wp-json\/wp\/v2\/comments?post=271266"}],"version-history":[{"count":0,"href":"https:\/\/www.europesays.com\/es\/wp-json\/wp\/v2\/posts\/271266\/revisions"}],"wp:featuredmedia":[{"embeddable":true,"href":"https:\/\/www.europesays.com\/es\/wp-json\/wp\/v2\/media\/271267"}],"wp:attachment":[{"href":"https:\/\/www.europesays.com\/es\/wp-json\/wp\/v2\/media?parent=271266"}],"wp:term":[{"taxonomy":"category","embeddable":true,"href":"https:\/\/www.europesays.com\/es\/wp-json\/wp\/v2\/categories?post=271266"},{"taxonomy":"post_tag","embeddable":true,"href":"https:\/\/www.europesays.com\/es\/wp-json\/wp\/v2\/tags?post=271266"}],"curies":[{"name":"wp","href":"https:\/\/api.w.org\/{rel}","templated":true}]}}