{"id":271268,"date":"2025-12-04T19:13:14","date_gmt":"2025-12-04T19:13:14","guid":{"rendered":"https:\/\/www.europesays.com\/es\/271268\/"},"modified":"2025-12-04T19:13:14","modified_gmt":"2025-12-04T19:13:14","slug":"ya-es-firme-la-condena-a-hugo-mallo-por-abusos-sexuales","status":"publish","type":"post","link":"https:\/\/www.europesays.com\/es\/271268\/","title":{"rendered":"Ya es firme la condena a Hugo Mallo por abusos sexuales"},"content":{"rendered":"<p class=\"\">Lo que comenz\u00f3 el <a href=\"https:\/\/as.com\/futbol\/primera\/hugo-mallo-a-juicio-acusado-de-abuso-sexual-antes-de-un-espanyol-celta-n\/\" target=\"_self\" rel=\"nofollow noopener\" title=\"https:\/\/as.com\/futbol\/primera\/hugo-mallo-a-juicio-acusado-de-abuso-sexual-antes-de-un-espanyol-celta-n\/\"><b>24 de abril de 2019<\/b><\/a>, en los proleg\u00f3menos del partido de <b>Primera Divisi\u00f3n<\/b> entre el <b>Espanyol <\/b>y el <b>Celta de Vigo<\/b>, en el<b> RCDE Stadium<\/b>, ha terminado, con fecha de este pasado lunes<b> 1 de diciembre de 2025<\/b>, tal como ha podido saber <b>AS<\/b>, que ha tenido acceso al auto de<b> Jos\u00e9 Manuel Delgado Seoane, Magistrado Juez del Juzgado de lo Penal n\u00famero 21 de Barcelona<\/b>. La<b> condena a Hugo Mallo<\/b> como autor de un delito de <b>abusos sexuales<\/b> ya es <b>firme<\/b>, ahora solo le queda hacer frente a las <b>penas impuestas <\/b>ya en su d\u00eda por el <b>Juzgado de lo Penal n\u00famero 19<\/b>.<\/p>\n<p class=\"\">Mallo, <b>capit\u00e1n del Celta <\/b>en aquella fecha, aprovech\u00f3 el pasillo de saludos entre futbolistas de ambos equipos para, cuando alcanzaba el lugar donde se encontraba <b>Carme Coma<\/b>, quien trabajaba disfrazada como <b>mascota del Espanyol<\/b>, de periquita, <b>palparle los pechos<\/b>. <b> <\/b>\u201cCon la intenci\u00f3n de satisfacer su<b> \u00e1nimo libidinoso y de menoscabar la indemnidad sexual <\/b>de la misma,<b> le meti\u00f3 las manos por debajo del disfraz y le toc\u00f3 los pechos<\/b>\u201d.<\/p>\n<p class=\"\">As\u00ed lo explicaba el <b>10 de septiembre de 2024 Salvador Roig Tejedor<\/b> en la <b>sentencia <\/b>que ya <b>ratific\u00f3 <\/b>tres meses m\u00e1s tarde la <b>Secci\u00f3n Octava de la Audiencia Provincial de Barcelona<\/b> y que ahora vuelve a confirmarse punto por punto, a pesar de los<b> recursos interpuestos <\/b>por la defensa del acusado, ya <b>firmemente condenado<\/b>.<\/p>\n<p><img decoding=\"async\" src=\"https:\/\/www.europesays.com\/es\/wp-content\/uploads\/2025\/12\/ZEPCQYYYMIL7VSKRV7NB3PBDDQ.jpg\" alt=\"Ya es firme la condena a Hugo Mallo por abusos sexuales\" height=\"836\" width=\"1486\"   loading=\"lazy\"\/>La secuencia de los hechos.CAPTURA DE TELEVISION<\/p>\n<p class=\"\">Desde este pasado lunes, tal como detalla el auto de Delgado Seoane, lo que ha comenzado es la <b>cuenta atr\u00e1s de diez d\u00edas para que Mallo explique al juez por escrito c\u00f3mo cumplir\u00e1 el abono de la condena penal y civil<\/b>, o en su defecto si solicita su aplazamiento y cu\u00e1l ser\u00e1 el plazo m\u00e1ximo de su pago. <\/p>\n<p class=\"\">El excapit\u00e1n del Celta, de <b>34 a\u00f1os <\/b>y actualmente<b> sin equipo<\/b> desde su salida el pasado verano del<b> Aris de Sal\u00f3nica<\/b>, deber\u00e1 asumir<b> 20 meses de multa con una cuota diaria de diez euros <\/b>(un total de unos<b> 7.000 euros<\/b>), adem\u00e1s de <b>1.000 euros<\/b> con intereses <b>para la v\u00edctima<\/b> por da\u00f1o moral.<\/p>\n<p>Noticias relacionadas<a href=\"https:\/\/as.com\/futbol\/primera\/la-audiencia-provincial-confirma-la-condena-integra-a-hugo-mallo-n\/\" class=\"s_m_w\" title=\"El tribunal, formado por seis jueces, desestima por unanimidad el recurso de apelaci\u00f3n del excapit\u00e1n del Celta, condenado por abusos sexuales a la persona que trabajaba como mascota del Espanyol.\" data-tb-link=\"\" rel=\"nofollow noopener\" target=\"_blank\"><img decoding=\"async\" src=\"https:\/\/www.europesays.com\/es\/wp-content\/uploads\/2025\/12\/TLIQEVFNI5G6HG7EI5TYWHM5WU.jpg\" alt=\"La Audiencia Provincial confirma la condena \u00edntegra a Hugo Mallo\" class=\"\" height=\"9\" width=\"16\"   loading=\"lazy\" data-tb-thumbnail=\"\"\/><\/a><a href=\"https:\/\/as.com\/futbol\/primera\/la-victima-de-hugo-mallo-rompe-su-silencio-en-as-ya-no-tengo-miedo-ha-ganado-la-verdad-n\/\" class=\"s_m_w\" title=\"Carme Coma ha decidido abandonar el anonimato una vez conocida la sentencia inculpatoria: el excapit\u00e1n del Celta cometi\u00f3 un delito de abuso sexual sobre ella, que trabajaba como mascota del Espanyol.\" data-tb-link=\"\" rel=\"nofollow noopener\" target=\"_blank\"><img decoding=\"async\" src=\"https:\/\/www.europesays.com\/es\/wp-content\/uploads\/2025\/12\/I3RYRU3ERNEHZEEWJODJYHWRUM.jpg\" alt=\"La v\u00edctima de Hugo Mallo rompe su silencio en AS: \u201cYa no tengo miedo, ha ganado la verdad\u201d\" class=\"\" height=\"9\" width=\"16\"   loading=\"lazy\" data-tb-thumbnail=\"\"\/><\/a><\/p>\n<p class=\"\">Tambi\u00e9n deber\u00e1 afrontar Mallo el importe de las <b>costas procesales, incluidas las de la acusaci\u00f3n particular<\/b> en su totalidad. Y ah\u00ed, seg\u00fan pudo saber <b>AS<\/b>, una parte la percibir\u00e1 el <b>Espanyol<\/b>, que desde el primer momento<b> asumi\u00f3 la defensa de Coma <\/b>en cuanto tuvo constancia de todo lo sucedido.<\/p>\n<p class=\"\"><b>\u00a1Tus opiniones importan!<\/b> Comenta en los art\u00edculos y suscr\u00edbete gratis a nuestra <a href=\"https:\/\/asfan.as.com\/newsletters\/\" target=\"_blank\" rel=\"nofollow noopener\" title=\"https:\/\/asfan.as.com\/newsletters\/\">newsletter<\/a> y a las alertas informativas en la <a href=\"https:\/\/as.com\/aplicacion-de-as-n\/\" target=\"_blank\" rel=\"nofollow noopener\" title=\"https:\/\/as.com\/aplicacion-de-as-n\/\">App<\/a> o el canal de <a href=\"https:\/\/www.whatsapp.com\/channel\/0029VaAasdA7j6g745nz9M10\" target=\"_blank\" rel=\"nofollow noopener\" title=\"https:\/\/www.whatsapp.com\/channel\/0029VaAasdA7j6g745nz9M10\">WhatsApp<\/a>. \u00bfBuscas licenciar contenido? Haz clic <a href=\"https:\/\/profesional.elpais.com\/soluciones-sindicacion?utm_medium=interno&amp;utm_source=crosslinking&amp;utm_campaign=sindicacion_as_pie_articulos\" target=\"_blank\" rel=\"nofollow noopener\" title=\"https:\/\/profesional.elpais.com\/soluciones-sindicacion?utm_medium=interno&amp;utm_source=crosslinking&amp;utm_campaign=sindicacion_as_pie_articulos\">aqu\u00ed<\/a><\/p>\n","protected":false},"excerpt":{"rendered":"Lo que comenz\u00f3 el 24 de abril de 2019, en los proleg\u00f3menos del partido de Primera Divisi\u00f3n entre&hellip;\n","protected":false},"author":2,"featured_media":271269,"comment_status":"","ping_status":"","sticky":false,"template":"","format":"standard","meta":{"footnotes":""},"categories":[93],"tags":[168,25,24,23,167],"class_list":{"0":"post-271268","1":"post","2":"type-post","3":"status-publish","4":"format-standard","5":"has-post-thumbnail","7":"category-deportes","8":"tag-deportes","9":"tag-es","10":"tag-espana","11":"tag-spain","12":"tag-sports"},"share_on_mastodon":{"url":"https:\/\/pubeurope.com\/@es\/115662894913956204","error":""},"_links":{"self":[{"href":"https:\/\/www.europesays.com\/es\/wp-json\/wp\/v2\/posts\/271268","targetHints":{"allow":["GET"]}}],"collection":[{"href":"https:\/\/www.europesays.com\/es\/wp-json\/wp\/v2\/posts"}],"about":[{"href":"https:\/\/www.europesays.com\/es\/wp-json\/wp\/v2\/types\/post"}],"author":[{"embeddable":true,"href":"https:\/\/www.europesays.com\/es\/wp-json\/wp\/v2\/users\/2"}],"replies":[{"embeddable":true,"href":"https:\/\/www.europesays.com\/es\/wp-json\/wp\/v2\/comments?post=271268"}],"version-history":[{"count":0,"href":"https:\/\/www.europesays.com\/es\/wp-json\/wp\/v2\/posts\/271268\/revisions"}],"wp:featuredmedia":[{"embeddable":true,"href":"https:\/\/www.europesays.com\/es\/wp-json\/wp\/v2\/media\/271269"}],"wp:attachment":[{"href":"https:\/\/www.europesays.com\/es\/wp-json\/wp\/v2\/media?parent=271268"}],"wp:term":[{"taxonomy":"category","embeddable":true,"href":"https:\/\/www.europesays.com\/es\/wp-json\/wp\/v2\/categories?post=271268"},{"taxonomy":"post_tag","embeddable":true,"href":"https:\/\/www.europesays.com\/es\/wp-json\/wp\/v2\/tags?post=271268"}],"curies":[{"name":"wp","href":"https:\/\/api.w.org\/{rel}","templated":true}]}}