{"id":271270,"date":"2025-12-04T19:14:10","date_gmt":"2025-12-04T19:14:10","guid":{"rendered":"https:\/\/www.europesays.com\/es\/271270\/"},"modified":"2025-12-04T19:14:10","modified_gmt":"2025-12-04T19:14:10","slug":"viceministra-de-salud-llama-a-los-cubanos-a-reportar-fallos-en-el-sistema-sanitario","status":"publish","type":"post","link":"https:\/\/www.europesays.com\/es\/271270\/","title":{"rendered":"Viceministra de Salud llama a los cubanos a reportar fallos en el sistema sanitario"},"content":{"rendered":"<p>La viceministra de Salud P\u00fablica de Cuba, Dra. Carilda Pe\u00f1a Garc\u00eda, inform\u00f3 este martes en el programa televisivo Buenos D\u00edas que el pa\u00eds enfrenta una situaci\u00f3n \u201ccompleja\u201d con la propagaci\u00f3n de enfermedades febriles e infecciosas, particularmente el chikungunya, que contin\u00faa expandi\u00e9ndose por varias provincias.<\/p>\n<p>En su comparecencia,\u00a0la viceministra sostuvo que \u201chay una ligera mejor\u00eda\u201d en la situaci\u00f3n epidemiol\u00f3gica del pa\u00eds, e hizo un llamado a la poblaci\u00f3n a denunciar irregularidades en los policl\u00ednicos, unidades de Higiene y direcciones municipales de Salud, reconociendo de forma inusual deficiencias en la atenci\u00f3n m\u00e9dica y en la lucha antivectorial.<\/p>\n<p>\u00abLos tel\u00e9fonos de nuestro Ministerio de Salud P\u00fablica est\u00e1n abiertos a la poblaci\u00f3n para denunciar cualquier dificultad. (&#8230;) Estamos en el deber de dar respuestas ante una situaci\u00f3n incorrecta\u201d, subray\u00f3 la funcionaria, al tiempo que reconoci\u00f3 dificultades del Estado en el control del mosquito transmisor, advirtiendo que la infestaci\u00f3n se mantendr\u00e1 mientras existan centenares de focos de infecci\u00f3n en el pa\u00eds.<\/p>\n<p>Seg\u00fan la Dra. Pe\u00f1a en Cuba ayer se reportaron 3,488 personas con s\u00edndrome febril inespec\u00edfico, mientras que 38,553 permanecen hospitalizadas por esta causa. Asegur\u00f3 que no se han detectado casos de Zika y no se reportan contagios de virus del Oropouche desde septiembre.<\/p>\n<p>La viceministra precis\u00f3 que se diagnosticaron 464 nuevos casos de chikungunya, pero solo 17 han sido confirmados mediante pruebas PCR, lo que pone en evidencia la limitada capacidad diagn\u00f3stica del sistema de salud cubano.\u00a0En total, se acumulan 39,600 casos sospechosos desde el inicio de la epidemia y solo 1,318 han sido confirmados oficialmente.<\/p>\n<p>Las provincias m\u00e1s afectadas son Villa Clara, Artemisa, Holgu\u00edn y La Habana, seg\u00fan datos del Ministerio de Salud P\u00fablica (MINSAP).<\/p>\n<p>La funcionaria inform\u00f3 adem\u00e1s que 77 pacientes se encuentran en salas de cuidados intensivos, de ellos 65 en estado grave y 12 en estado cr\u00edtico. \u201cLa mayor\u00eda de estos casos cr\u00edticos en terapia (10) son ni\u00f1os, menores de 18 a\u00f1os\u201d, dijo Pe\u00f1a, aunque no revel\u00f3 las edades ni detalles sobre de la evoluci\u00f3n cl\u00ednica de esos pacientes.<\/p>\n<p>La epidemia de chikungunya golpea a Cuba en medio de una profunda crisis sanitaria, con hospitales colapsados, falta de medicamentos y carencia de insumos b\u00e1sicos, mientras el r\u00e9gimen insiste en atribuir las fallas del sistema de salud al embargo estadounidense, pese a que las causas internas, como la corrupci\u00f3n, la falta de gesti\u00f3n y el abandono institucional, son evidentes para la poblaci\u00f3n.<\/p>\n","protected":false},"excerpt":{"rendered":"La viceministra de Salud P\u00fablica de Cuba, Dra. Carilda Pe\u00f1a Garc\u00eda, inform\u00f3 este martes en el programa televisivo&hellip;\n","protected":false},"author":2,"featured_media":271271,"comment_status":"","ping_status":"","sticky":false,"template":"","format":"standard","meta":{"footnotes":""},"categories":[92],"tags":[16105,11524,6775,1293,25,24,165,47840,4360,166,4367,23,1018],"class_list":{"0":"post-271270","1":"post","2":"type-post","3":"status-publish","4":"format-standard","5":"has-post-thumbnail","7":"category-salud","8":"tag-atencion-de-salud","9":"tag-chikungunya","10":"tag-denuncia","11":"tag-enfermedades","12":"tag-es","13":"tag-espana","14":"tag-health","15":"tag-hospitales-cubanos","16":"tag-noticias-de-cuba","17":"tag-salud","18":"tag-salud-en-cuba","19":"tag-spain","20":"tag-videos"},"share_on_mastodon":{"url":"https:\/\/pubeurope.com\/@es\/115662898155151434","error":""},"_links":{"self":[{"href":"https:\/\/www.europesays.com\/es\/wp-json\/wp\/v2\/posts\/271270","targetHints":{"allow":["GET"]}}],"collection":[{"href":"https:\/\/www.europesays.com\/es\/wp-json\/wp\/v2\/posts"}],"about":[{"href":"https:\/\/www.europesays.com\/es\/wp-json\/wp\/v2\/types\/post"}],"author":[{"embeddable":true,"href":"https:\/\/www.europesays.com\/es\/wp-json\/wp\/v2\/users\/2"}],"replies":[{"embeddable":true,"href":"https:\/\/www.europesays.com\/es\/wp-json\/wp\/v2\/comments?post=271270"}],"version-history":[{"count":0,"href":"https:\/\/www.europesays.com\/es\/wp-json\/wp\/v2\/posts\/271270\/revisions"}],"wp:featuredmedia":[{"embeddable":true,"href":"https:\/\/www.europesays.com\/es\/wp-json\/wp\/v2\/media\/271271"}],"wp:attachment":[{"href":"https:\/\/www.europesays.com\/es\/wp-json\/wp\/v2\/media?parent=271270"}],"wp:term":[{"taxonomy":"category","embeddable":true,"href":"https:\/\/www.europesays.com\/es\/wp-json\/wp\/v2\/categories?post=271270"},{"taxonomy":"post_tag","embeddable":true,"href":"https:\/\/www.europesays.com\/es\/wp-json\/wp\/v2\/tags?post=271270"}],"curies":[{"name":"wp","href":"https:\/\/api.w.org\/{rel}","templated":true}]}}