{"id":271280,"date":"2025-12-04T19:19:07","date_gmt":"2025-12-04T19:19:07","guid":{"rendered":"https:\/\/www.europesays.com\/es\/271280\/"},"modified":"2025-12-04T19:19:07","modified_gmt":"2025-12-04T19:19:07","slug":"feijoo-le-marca-el-paso-a-ayuso-con-sus-criticas-al-escandalo-del-hospital-de-torrejon-mientras-ella-guarda-silencio-el-pais","status":"publish","type":"post","link":"https:\/\/www.europesays.com\/es\/271280\/","title":{"rendered":"Feij\u00f3o le marca el paso a Ayuso con sus cr\u00edticas al esc\u00e1ndalo del hospital de Torrej\u00f3n mientras ella guarda silencio &#8211; EL PA\u00cdS"},"content":{"rendered":"<ol>\n<li><a href=\"https:\/\/news.google.com\/rss\/articles\/CBMi-AFBVV95cUxPdmJCU01qZHJfeXpUSnRMTmJKdlVwY2EwLUFzQjRMdHZJTDhOTVNQMkEtWjBxM2VpRnJoSzdSR05uZXFoYnAwN1R5UllnZzc3bjZYNjBFYV9Va05BM2M1b0N1d1YydnNOZmNXY1ZaZjRESzRfVmRnWnBoX01HZTh2X1RxYmlDWXV2U1U1SGljNjZyM0hZQXBfaGVmQ2RtZnY1NDZBemVVTGFWNEZFdk1zV0pHY1VOZ3pZU2gwRENtSjZwTEZjS2dGWUlZX1Uwa0JCOXliVExTSF9vYkNlcEpIbTQ0R1cyZUZMczRjSWFPZmRYTFVOa3pvU9IBjAJBVV95cUxOQWxTa3Q1RktPMm4tYl9Pak5DUGF0SGdDdUg0Nkc0R0hLa1h0d3VKeHlJd2F5MVR2eFN5NFFKNXRsSGpVMmEtaXNRT01fNUUza05IekktTlo1aS1wVS1PZ1JTajJKdVJISlM5dGVHUmg0WFpCTlNETU5faU8zRUFiWXUxUWUxZGRDRzk2MDZFUU5DVEZjY3V3ZlRjdEJVSnpuUnRJQlU0Uk5FU25GNWVJZjJYekRnNVBzLU45UTQ2RnJiQmVlcDJodTI2SHRjdGZQNXZZMlgxa1JFbXBVUVNQc1VoT3V0ZzJENXViTTdYRVVpRTlIYU5UZTg5cWxMQWZjemJYMTc0Yzc4QmtQ?oc=5\" target=\"_blank\" rel=\"nofollow noopener\">Feij\u00f3o le marca el paso a Ayuso con sus cr\u00edticas al esc\u00e1ndalo del hospital de Torrej\u00f3n mientras ella guarda silencio<\/a>&nbsp;&nbsp;EL PA\u00cdS<\/li>\n<li><a href=\"https:\/\/news.google.com\/rss\/articles\/CBMipAJBVV95cUxQU1l1OW9Fb0N3TjlHQTZUZzNZdm8wME55VlE4ekFLSzlXMUtXRFhLWlg2SWxHSFMxaWZncF9CLUFUUWdqYWo1TDh4TTM4a2I1N3Z5WFE5blVqb3JieVZucDc5aXBTdFZseEVYZUxpZmpRcXhLUFpyZFJIYzExWGNidnFHbTMyWE8wV0NyMkpVNTIzMXVlQTdUamt5UHhPUGxBSl8zdkJ5SkQ2SzNNN0lkTHZ4UEtRa2pYU190S1RMNlY5RzhmYl9nYWhJYjh4UzYtbE1VcVVWcGpVb3pGRTBGcjd5eHRmMEd4WDcwQUhlLXFwRGpTYWlFLWpPTXE0TmplSTV1US16SHZ6bDJEV25rX3RaTGV5WWRIUWVxQm1ydTFycktj0gG4AkFVX3lxTE52dy1DVlFzTDhyalRmY01rWm9RVTd4ZW1qZlZrZUE2Ni1PU3gzbzhyWTAyMWZnU3E5d3VYZXdNZjM4U3hDRlNWREpzVWtfQXBLWkxSaUo5VGVFRzdDUThMZ0xKRjdTT1N2bTc4aXE5SU1YQ3pHcUo4TGRXQy1pYjRvVm5QR2ZzZmpnS3RXRk9NcjJ1OVpoUnNTQzdOQ0ZBRkp4bnJTOWdUZkU4SzZJaFJ4ZjdSaFpoZFVDbHp6VUowajlvQndXbDRhMDQ5RjUwU1FJbmdXaWQtbEs3WlhQblRzcHJTamFtb2hOS1UyVnk1WUhfZWdVT3lQOU1nTS1NajRadHUxMzAxbkxWb0VPcEZBRl9mUjY0Z003ckllUGcwalpTeEFwMlh1M2JxSkxiTk02LVdwQXo2VA?oc=5\" target=\"_blank\" rel=\"nofollow noopener\">S\u00e1nchez, sobre los audios del hospital de Torrej\u00f3n: \u00abHacer negocio con la sanidad de todos para que ganen cuatro, que le pregunten al novio de Ayuso\u00bb<\/a>&nbsp;&nbsp;Cadena SER<\/li>\n<li><a href=\"https:\/\/news.google.com\/rss\/articles\/CBMi1wFBVV95cUxPSHZ6MHNPNUtIN2o0ZVpJUXRTdVNJWW9TdzdqNEUtNjd1RmdhWXpZZk5vSGZpcW5uWnF4c1BYX3Q2bFdJekgtVW13N2dnN2RkZUpsZUpFMVppZUowQXlneGhUR1VGanF3MjJ3NHUyQjdoRnk4UW5oWTNKV1VweVhTako2WkVRWWw5dWNZYnpvaUxCOUZiY1JfM2RvTGVScC1wOTlyaW03YUhTMmZnTlY2WnBxREtlY1JaYWtmRVJ6UzFwV0RIeXA1X0h4OXdiaFBtLVNqSjJHRQ?oc=5\" target=\"_blank\" rel=\"nofollow noopener\">S\u00e1nchez reivindica el estado del bienestar frente al modelo del PP: \u201cQue pregunten al novio de Ayuso\u201d<\/a>&nbsp;&nbsp;EL PA\u00cdS<\/li>\n<li><a href=\"https:\/\/news.google.com\/rss\/articles\/CBMihAJBVV95cUxNYXJPMlpCSmlEeEFVSUVSUkItY2RHYUdtUjVOTFNrM25zVFVYdU82X0VyZWJJMWdQV1BvTmNCSGg4Tl8zVmJvNGNFLWI4bTctMGlFZk1FQUY0X3ZVRWlDczB1Q3JOSnFMb0JsaEVTZm1BWmIxcG1QTzdsSWZ1Z1ZVSG1JU1I2NklSdG1adGRlTVVFQUdfWndoSFZBUHJWcnhUSGxnYUM5ZV9PcnBGbXYwT0JmcVJHYmt6M2FfSkR6RlNNT1ppTGhQRGlvZHY1ak9jeGU1OHg0Ry1pVHFzN1ZGQTh1YnBOU3o2SDdZT1hRUmdYSE40RXcxUUs5OFNHSVRlYS15NNIBhAJBVV95cUxOYlJ4NUtxOHdJV2JTbVQycjVHWkUyb0VYbFB3d1ZPNzBPaUxSMGQ2dVBiaFNrcEw1bXZPR25JTlhkOEh3enRMWEVhMEZkOG9NSGxFclBaRXVxcGQtbW5xMERfVHY5ZVZWdVZqc0s1b1RHNi1USktVRU52NEdBdkhvc2d2MDFFSmJ1aVN3eFlpT3JVaWVPTGlWaTRINmpsbWVwRTJYb09NZEViWTJtQU1Fa25PalJDM3ZWaFdvaER1ZFNZeFB5cXV6bWVHVXlOeUVIVHVlSmtYYkVSbDQzSTl2bU1uelE2Y3VadkdyRlExcHpPaGFsbnFMLWxOWWVPQUdwRUZkSA?oc=5\" target=\"_blank\" rel=\"nofollow noopener\">Feij\u00f3o le saca los colores a Ayuso y le exige una auditor\u00eda \u00abcon absoluto rigor\u00bb al hospital p\u00fablico de<\/a>&nbsp;&nbsp;LaSexta<\/li>\n<li><a href=\"https:\/\/news.google.com\/rss\/articles\/CBMiswFBVV95cUxOUW1CRHFmYm1vVk9JaGtrUmRBY0tvRmRRZVYybnV3X0dpTnBIdVpxUVU4T0g3YTU5QU9WRzZhZTZCUFU4Zkt6RVd3VE5wa0pLVnFPbV9JdWZRQVhwNWVxbGF5Y1dYODlWclRMMkRraEpENk1CWjJ0STlXcmc3Nl9mVXNOVC16NVNNS3dGeVlPR3NMeHNCOGlWZklLTmN6Sk5CTFlDbmdrbXlINmJabkJIeWRjMA?oc=5\" target=\"_blank\" rel=\"nofollow noopener\">El Ministerio de Sanidad abre una investigaci\u00f3n sobre posibles irregularidades en el Hospital de Torrej\u00f3n<\/a>&nbsp;&nbsp;abc.es<\/li>\n<\/ol>\n","protected":false},"excerpt":{"rendered":"Feij\u00f3o le marca el paso a Ayuso con sus cr\u00edticas al esc\u00e1ndalo del hospital de Torrej\u00f3n mientras ella&hellip;\n","protected":false},"author":2,"featured_media":248356,"comment_status":"","ping_status":"","sticky":false,"template":"","format":"standard","meta":{"footnotes":""},"categories":[8],"tags":[17,18,25,24,13,14,11,19,20,9,10,15,16,23,12,21,22],"class_list":{"0":"post-271280","1":"post","2":"type-post","3":"status-publish","4":"format-standard","5":"has-post-thumbnail","7":"category-espana","8":"tag-breaking-news","9":"tag-breakingnews","10":"tag-es","11":"tag-espana","12":"tag-featured-news","13":"tag-featurednews","14":"tag-headlines","15":"tag-latest-news","16":"tag-latestnews","17":"tag-news","18":"tag-noticias","19":"tag-noticias-destacadas","20":"tag-noticiasdestacadas","21":"tag-spain","22":"tag-titulares","23":"tag-ultimas-noticias","24":"tag-ultimasnoticias"},"share_on_mastodon":{"url":"https:\/\/pubeurope.com\/@es\/115662917976013851","error":""},"_links":{"self":[{"href":"https:\/\/www.europesays.com\/es\/wp-json\/wp\/v2\/posts\/271280","targetHints":{"allow":["GET"]}}],"collection":[{"href":"https:\/\/www.europesays.com\/es\/wp-json\/wp\/v2\/posts"}],"about":[{"href":"https:\/\/www.europesays.com\/es\/wp-json\/wp\/v2\/types\/post"}],"author":[{"embeddable":true,"href":"https:\/\/www.europesays.com\/es\/wp-json\/wp\/v2\/users\/2"}],"replies":[{"embeddable":true,"href":"https:\/\/www.europesays.com\/es\/wp-json\/wp\/v2\/comments?post=271280"}],"version-history":[{"count":0,"href":"https:\/\/www.europesays.com\/es\/wp-json\/wp\/v2\/posts\/271280\/revisions"}],"wp:featuredmedia":[{"embeddable":true,"href":"https:\/\/www.europesays.com\/es\/wp-json\/wp\/v2\/media\/248356"}],"wp:attachment":[{"href":"https:\/\/www.europesays.com\/es\/wp-json\/wp\/v2\/media?parent=271280"}],"wp:term":[{"taxonomy":"category","embeddable":true,"href":"https:\/\/www.europesays.com\/es\/wp-json\/wp\/v2\/categories?post=271280"},{"taxonomy":"post_tag","embeddable":true,"href":"https:\/\/www.europesays.com\/es\/wp-json\/wp\/v2\/tags?post=271280"}],"curies":[{"name":"wp","href":"https:\/\/api.w.org\/{rel}","templated":true}]}}