{"id":271281,"date":"2025-12-04T19:20:19","date_gmt":"2025-12-04T19:20:19","guid":{"rendered":"https:\/\/www.europesays.com\/es\/271281\/"},"modified":"2025-12-04T19:20:19","modified_gmt":"2025-12-04T19:20:19","slug":"sanidad-ha-incluido-en-el-nuevo-estatuto-marco-todas-las-demandas-del-personal-sanitario-que-son-de-su-competencia-2","status":"publish","type":"post","link":"https:\/\/www.europesays.com\/es\/271281\/","title":{"rendered":"Sanidad ha incluido en el nuevo Estatuto Marco todas las demandas del personal sanitario que son de su competencia"},"content":{"rendered":"<p>El Ministerio de Sanidad ha incorporado en el borrador del nuevo Estatuto Marco todas aquellas demandas que se encuentran dentro de su \u00e1mbito competencial, tras un proceso de di\u00e1logo t\u00e9cnico y pol\u00edtico que ha incluido m\u00e1s de 60 reuniones con sindicatos, comit\u00e9s de huelga, comunidades aut\u00f3nomas y otros actores implicados.<\/p>\n<p>El texto resultante busca garantizar la unidad del r\u00e9gimen estatutario del personal del Sistema Nacional de Salud, evitando desigualdades entre territorios, facilitando la movilidad profesional y permitiendo una planificaci\u00f3n sanitaria homog\u00e9nea.<\/p>\n<p>Desde Sanidad se considera que se ha alcanzado el m\u00e1ximo desarrollo posible dentro de los m\u00e1rgenes de una ley b\u00e1sica estatal, articulando un marco com\u00fan respetuoso con las competencias auton\u00f3micas. Bloquear su aprobaci\u00f3n por demandas ajenas al marco competencial implicar\u00eda desaprovechar una oportunidad hist\u00f3rica de reforma normativa, pendiente desde hace dos d\u00e9cadas.<\/p>\n<p>Qu\u00e9 mejoras incluye el borrador del nuevo Estatuto Marco<\/p>\n<p>Fin de la inestabilidad mediante OPEs obligatorias cada dos a\u00f1os, con plazos m\u00e1ximos de resoluci\u00f3n y la digitalizaci\u00f3n completa de m\u00e9ritos y tr\u00e1mites, junto con nuevas herramientas de control de la temporalidad y l\u00edmites a los nombramientos de interinidad.<\/p>\n<p>Movilidad real y garantizada con un concurso de traslados anual gracias al sistema de concurso abierto y permanente, evitando situaciones en las que no ha habido traslados en d\u00e9cadas.<\/p>\n<p>L\u00edmites estrictos a la sobrecarga laboral, reduciendo la jornada m\u00e1xima semanal a 45 horas, por debajo de las 48 horas de la directiva europea, e introduciendo la figura de la carga horaria excesiva, que activa de manera obligatoria la intervenci\u00f3n del Servicio de Prevenci\u00f3n y medidas correctoras inmediatas.<\/p>\n<p>Transformaci\u00f3n del modelo de guardias:<\/p>\n<ul>\n<li>La guardia pasa, por ley, de 24 horas a 17 horas.<\/li>\n<li>Las libranzas o descansos obligatorios, previos y posteriores a la guardia, no podr\u00e1n generar deuda horaria y, por lo tanto, reducen proporcionalmente las jornadas ordinarias. Esto, de facto, significa reducci\u00f3n de la jornada ordinaria por cada jornada de guardia.<\/li>\n<li>Se ponen l\u00edmites al n\u00famero de guardias semanales y se consolidan los descansos obligatorios.<\/li>\n<\/ul>\n<p>Ampliaci\u00f3n de la protecci\u00f3n ante noches y turnos penosos a supuestos de enfermedad, cuidado de menores y embarazo adem\u00e1s de la exenci\u00f3n a mayores de 55 a\u00f1os.<\/p>\n<p>Conciliaci\u00f3n reforzada, que se convierte en un derecho del personal: flexibilidad horaria regulada, obligaci\u00f3n de informar con antelaci\u00f3n de la jornada, y Planes de Igualdad con medidas espec\u00edficas de conciliaci\u00f3n en todos los centros.<\/p>\n<p>Mejora integral del descanso laboral, con reconocimiento de la pausa como tiempo efectivo, compensaci\u00f3n obligatoria de descansos en 14 d\u00edas y regulaci\u00f3n expl\u00edcita de libranzas asociadas a las guardias.<\/p>\n<p>Regulaci\u00f3n de las plantillas: las plantillas deber\u00e1n estructurarse de forma que no generen carga excesiva ni sobrejornada al personal, obligando a ajustar recursos humanos cuando se detecten excesos continuados.<\/p>\n<p>Reordenaci\u00f3n de la clasificaci\u00f3n profesional, que abandona los grupos EBEP y adopta una estructura basada en los niveles MECU\/MECES, ajustada a la realidad formativa sanitaria, sin que ello suponga p\u00e9rdida salarial ni alteraci\u00f3n de funciones asistenciales.<\/p>\n<p>Refuerzo de la vigilancia de la salud, con un papel mucho m\u00e1s activo del Servicio de Prevenci\u00f3n, cuyas intervenciones se vuelven obligatorias cuando se superan l\u00edmites de jornada o se aplican medidas excepcionales, incluyendo la evaluaci\u00f3n de riesgos psicosociales.<\/p>\n<p>Incorporaci\u00f3n expl\u00edcita de la formaci\u00f3n, docencia e investigaci\u00f3n en el marco estatutario, reconociendo su papel dentro de la actividad profesional y obligando a integrarlas en la planificaci\u00f3n funcional.<\/p>\n<p>Impulso a la negociaci\u00f3n colectiva, manteniendo todas las materias actuales y a\u00f1adiendo otras nuevas como el reconocimiento del solape, el registro del tiempo de trabajo, los Planes de Igualdad y la organizaci\u00f3n de los programas especiales de actividad.<\/p>\n<p>Reconocimiento estructurado del tiempo de solape, necesario para garantizar la transmisi\u00f3n de informaci\u00f3n entre turnos, que pasa a ser un elemento regulado y negociado.<\/p>\n<p>Mayor seguridad jur\u00eddica ante situaciones excepcionales (como pandemias), en las que los descansos solo pueden alterarse con informes preventivos, motivaci\u00f3n expresa y exclusi\u00f3n de colectivos vulnerables.<\/p>\n<p>Marco claro para solicitar coeficientes reductores de jubilaci\u00f3n, permitiendo iniciar el procedimiento para profesiones sanitarias que acrediten trabajos penosos, t\u00f3xicos, peligrosos o insalubres.<\/p>\n<p>Proceso participativo y garantista de elaboraci\u00f3n normativa, con aportaciones de sindicatos, CCAA y entidades profesionales, y con una tramitaci\u00f3n parlamentaria abierta a enmiendas.<\/p>\n<p>Qu\u00e9 no puede incluir el borrador del nuevo Estatuto Marco<\/p>\n<p>No puede invadir competencias auton\u00f3micas. Como ley b\u00e1sica, el EM debe respetar que la organizaci\u00f3n y gesti\u00f3n concreta de los servicios sanitarios corresponde a las CCAA. No puede detallar aspectos operativos de gesti\u00f3n interna, porque ser\u00eda inconstitucional.<\/p>\n<p>No puede fijar importes salariales exactos. Las retribuciones espec\u00edficas (complementos, cuant\u00edas de guardias, nocturnidad, etc.) dependen de cada servicio de salud y de la Ley de Presupuestos, por lo que el EM no puede establecer cifras.<\/p>\n<p>No puede conceder jubilaci\u00f3n anticipada. La competencia sobre jubilaci\u00f3n anticipada recae \u00fanicamente en la Seguridad Social. El EM solo puede remitir al Real Decreto 402\/2025, de 27 de mayo que regula <a href=\"https:\/\/www.lamoncloa.gob.es\/consejodeministros\/resumenes\/paginas\/2025\/270525-rueda-de-prensa-ministros.aspx\" onclick=\"javascript:GoogleTrackEvent(&#039;True&#039;,&#039;Contenido&#039;,&#039;Click&#039;,&#039;[https:\/\/www.lamoncloa.gob.es\/serviciosdeprensa\/notasprensa\/sanidad14\/paginas\/2025\/041225-nuevo-estatuto-marco.aspx] los coeficientes reductores.. [\/consejodeministros\/resumenes\/paginas\/2025\/270525-rueda-de-prensa-ministros.aspx]&#039;);\" rel=\"nofollow noopener\" target=\"_blank\">los coeficientes reductores.<\/a><\/p>\n<p>No puede fijar la jornada de 35 horas. La duraci\u00f3n de la jornada semanal es competencia de cada comunidad aut\u00f3noma, as\u00ed que el Ministerio no puede establecer un l\u00edmite obligatorio (ni superior ni inferior).<\/p>\n<p>No puede gestionar la distribuci\u00f3n concreta de turnos y guardias. El EM otorga flexibilidad a los servicios de salud para elegir la modalidad de prestaci\u00f3n de los servicios: con turnos o con guardias sin entrar a decidir y organizar competencias que son exclusivas de cada servicio de salud.<\/p>\n<p>No puede garantizar por s\u00ed solo la reducci\u00f3n de temporalidad. Aunque fija mecanismos, depende de que las CCAA convoquen procesos de estabilizaci\u00f3n, resuelvan OPEs en plazo y apliquen los nuevos sistemas. El EM no puede ejecutar directamente esas pol\u00edticas.<\/p>\n<p>No puede detallar en exceso la norma. Si incluyera regulaciones demasiado precisas que limiten el margen auton\u00f3mico de actuaci\u00f3n, podr\u00eda ser recurrido ante el Tribunal Constitucional. Por tanto, debe limitarse a la regulaci\u00f3n b\u00e1sica.<\/p>\n<p>El Ministerio de Sanidad reitera su compromiso con la mejora de las condiciones laborales del personal sanitario dentro de los l\u00edmites legales que establece el marco competencial vigente, como as\u00ed plasma el nuevo texto acordado. Asimismo, apela a la responsabilidad colectiva para no desaprovechar esta oportunidad de modernizaci\u00f3n y cohesi\u00f3n del sistema sanitario p\u00fablico, pendiente desde hace m\u00e1s de veinte a\u00f1os.<\/p>\n<p>La continuidad del proceso legislativo y su tramitaci\u00f3n parlamentaria permitir\u00e1n seguir incorporando aportaciones constructivas, siempre dentro del respeto al reparto constitucional de competencias.<\/p>\n<p><img decoding=\"async\" alt=\"Intervenci\u00f3n en un quir\u00f3fano\" title=\"Intervenci\u00f3n en un quir\u00f3fano\" src=\"https:\/\/www.europesays.com\/es\/wp-content\/uploads\/2025\/12\/201120-quirofano.jpg\"\/><\/p>\n<p id=\"ctl00_PlaceHolderMain_DisplayMode_noticia_pImageCaption\" class=\"media-captionContainer rs_skip\">Intervenci\u00f3n quir\u00fargica.<\/p>\n<ul id=\"ctl00_PlaceHolderMain_DisplayMode_noticia_list_banner_home\" class=\"list-banner list-banner-no-border\">&#13;<\/p>\n<li class=\"BannerLi\">&#13;<a title=\"Datos actualizados y ayudas del Plan de Respuesta Inmediata, Reconstrucci\u00f3n y Relanzamiento\" href=\"https:\/\/www.lamoncloa.gob.es\/info-dana\/Paginas\/index.aspx\" rel=\"nofollow noopener\" target=\"_blank\"><img decoding=\"async\" title=\"Datos actualizados y ayudas del Plan de Respuesta Inmediata, Reconstrucci\u00f3n y Relanzamiento\" src=\"https:\/\/www.europesays.com\/es\/wp-content\/uploads\/2025\/10\/banner-noticias-dana.png\" alt=\"Datos actualizados y ayudas del Plan de Respuesta Inmediata, Reconstrucci\u00f3n y Relanzamiento\"\/><\/a>&#13;<\/li>\n<p>&#13;<\/ul>\n","protected":false},"excerpt":{"rendered":"El Ministerio de Sanidad ha incorporado en el borrador del nuevo Estatuto Marco todas aquellas demandas que se&hellip;\n","protected":false},"author":2,"featured_media":271216,"comment_status":"","ping_status":"","sticky":false,"template":"","format":"standard","meta":{"footnotes":""},"categories":[5],"tags":[517,17,18,25,24,13,14,11,19,20,9,10,15,16,2330,1811,23,12,21,22],"class_list":{"0":"post-271281","1":"post","2":"type-post","3":"status-publish","4":"format-standard","5":"has-post-thumbnail","7":"category-titulares","8":"tag-actualidad","9":"tag-breaking-news","10":"tag-breakingnews","11":"tag-es","12":"tag-espana","13":"tag-featured-news","14":"tag-featurednews","15":"tag-headlines","16":"tag-latest-news","17":"tag-latestnews","18":"tag-news","19":"tag-noticias","20":"tag-noticias-destacadas","21":"tag-noticiasdestacadas","22":"tag-prensa","23":"tag-sanidad","24":"tag-spain","25":"tag-titulares","26":"tag-ultimas-noticias","27":"tag-ultimasnoticias"},"share_on_mastodon":{"url":"https:\/\/pubeurope.com\/@es\/115662922176501463","error":""},"_links":{"self":[{"href":"https:\/\/www.europesays.com\/es\/wp-json\/wp\/v2\/posts\/271281","targetHints":{"allow":["GET"]}}],"collection":[{"href":"https:\/\/www.europesays.com\/es\/wp-json\/wp\/v2\/posts"}],"about":[{"href":"https:\/\/www.europesays.com\/es\/wp-json\/wp\/v2\/types\/post"}],"author":[{"embeddable":true,"href":"https:\/\/www.europesays.com\/es\/wp-json\/wp\/v2\/users\/2"}],"replies":[{"embeddable":true,"href":"https:\/\/www.europesays.com\/es\/wp-json\/wp\/v2\/comments?post=271281"}],"version-history":[{"count":0,"href":"https:\/\/www.europesays.com\/es\/wp-json\/wp\/v2\/posts\/271281\/revisions"}],"wp:featuredmedia":[{"embeddable":true,"href":"https:\/\/www.europesays.com\/es\/wp-json\/wp\/v2\/media\/271216"}],"wp:attachment":[{"href":"https:\/\/www.europesays.com\/es\/wp-json\/wp\/v2\/media?parent=271281"}],"wp:term":[{"taxonomy":"category","embeddable":true,"href":"https:\/\/www.europesays.com\/es\/wp-json\/wp\/v2\/categories?post=271281"},{"taxonomy":"post_tag","embeddable":true,"href":"https:\/\/www.europesays.com\/es\/wp-json\/wp\/v2\/tags?post=271281"}],"curies":[{"name":"wp","href":"https:\/\/api.w.org\/{rel}","templated":true}]}}