{"id":271284,"date":"2025-12-04T19:25:15","date_gmt":"2025-12-04T19:25:15","guid":{"rendered":"https:\/\/www.europesays.com\/es\/271284\/"},"modified":"2025-12-04T19:25:15","modified_gmt":"2025-12-04T19:25:15","slug":"alcaraz-dibuja-su-plan-para-el-open-de-australia","status":"publish","type":"post","link":"https:\/\/www.europesays.com\/es\/271284\/","title":{"rendered":"Alcaraz dibuja su plan para el Open de Australia"},"content":{"rendered":"<p class=\"ft-text\">Sin todav\u00eda tiempo para asimilar todo lo conseguido en 2025, <a class=\"ft-link ft-link--decoration\" href=\"https:\/\/www.sport.es\/es\/noticias\/tenis\/principal-objetivo-alcaraz-2026-honesto-124369025\" rel=\"nofollow noopener\" target=\"_blank\">Carlos Alcaraz ya prepara la siguiente temporada.<\/a> El tenista murciano, que lleva apenas dos semanas sin competir tras llegar a la final del Torneo de Maestros, jugar\u00e1 dos exhibiciones esta misma semana y <strong>ya ha definido una hoja de ruta<\/strong> hasta llegar a su principal objetivo para el a\u00f1o que viene:<strong> el Open de Australia. <\/strong><\/p>\n<p class=\"ft-text\"><strong>Charly se encuentra actualmente en Miami de vacaciones<\/strong> y este fin de semana disputar\u00e1 dos partidos en territorio norteamericano. El primero de ellos ser\u00e1 ante <strong>Frances Tiafoe<\/strong> en Nueva Jersey y el segundo en Miami contra <strong>Joao Fonseca<\/strong>. Dos encuentros que poco tendr\u00e1n de preparaci\u00f3n, pero que servir\u00e1n para no enfriarse en exceso.<\/p>\n<p><img decoding=\"async\" src=\"https:\/\/www.europesays.com\/es\/wp-content\/uploads\/2025\/12\/683e27f7-e29a-4f49-81a1-1d1532941405_alta-libre-aspect-ratio_default_0.jpg\" width=\"1200\" height=\"675\" alt=\"Carlos Alcaraz y Novak Djokovic, en el \u00faltimo Open de Australia\" class=\"ft-helper-img-rd\" loading=\"lazy\"\/><\/p>\n<p class=\"ft-helper-fontColor-quaternary ft-helper-fontSize-body-S ft-helper-spacer-t-xxs\">Carlos Alcaraz y Novak Djokovic, en el \u00faltimo Open de Australia  \/ X<\/p>\n<p class=\"ft-text\">A partir de entonces llegar\u00e1 la pretemporada. <strong>Ser\u00e1 el 13 de diciembre cuando el espa\u00f1ol inicie una pretemporada que durar\u00e1 25 d\u00edas, tal como asegura &#8216;MARCA&#8217;. <\/strong>Los cuatro primeros d\u00edas ser\u00e1n \u00fanicamente de preparaci\u00f3n f\u00edsica, sin saltar a pista. Despu\u00e9s de estos, ya empezar\u00e1 a tocar raqueta junto a un conocido para el tenis espa\u00f1ol, sobre todo despu\u00e9s de la \u00faltima Copa Davis.<\/p>\n<p class=\"ft-text\">Ser\u00e1 <strong>Flavio Cobolli<\/strong> el que entrene junto al espa\u00f1ol en la <strong>Ferrero Tennis Academy.<\/strong> El italiano fue el que dio la victoria a su selecci\u00f3n en la final de la Copa Davis disputada hace dos semanas. En un partido \u00e9pico contra Jaume Munar, fue capaz de remontar un primer set en contra y dar la tercera ensaladera consecutiva para su pa\u00eds.<\/p>\n<p class=\"ft-text\">\u00abEs el primer o segundo torneo del a\u00f1o y <strong>mi principal objetivo siempre es completar el Grand Slam y ganar los cuatro Grand Slam el mismo a\u00f1o.<\/strong> Quiero completarlo. Voy a intentarlo el pr\u00f3ximo a\u00f1o, pero si no es el siguiente, espero lograrlo en los pr\u00f3ximos dos, tres o cuatro a\u00f1os\u00bb, comentaba Charly, que ha dejado claro en m\u00e1s de una ocasi\u00f3n que va con todo a por el Open de Australia.<\/p>\n<p>Antes de Australia&#8230; Jannik Sinner<\/p>\n<p class=\"ft-text\">Descartando su participaci\u00f3n en Brisbane, torneo que precede el Grand Slam australiano,<strong> Alcaraz no competir\u00e1 hasta el 10 de enero, cuando se vea las caras con Jannik Sinner en una exhibici\u00f3n en Corea del Sur<\/strong>. Desde all\u00ed viajar\u00e1 hasta Melbourne para disputar una semana antes el &#8216;Million Dollar 1 Point Slam&#8217;, un peque\u00f1o torneo que re\u00fane a 10 jugadores aficionados del pa\u00eds contra 22 profesionales.<\/p>\n<p class=\"ft-text\">Cabe recordar que<strong> Alcaraz jam\u00e1s ha logrado un gran resultado en Australia<\/strong>. Es el \u00faltimo Grand Slam que le queda por conseguir, ya que todos los dem\u00e1s los ha ganado en dos ocasiones. Su mejor resultado no ha pasado de cuartos de final, alcanzando esta ronda en sus dos \u00faltimas participaciones.<strong> Alexander Zverev y Novak Djokovic acabaron con su sue\u00f1o en Melbourne.<\/strong> Aun as\u00ed, en esta ocasi\u00f3n lo tiene en su mano para quitarse la espina.<\/p>\n","protected":false},"excerpt":{"rendered":"Sin todav\u00eda tiempo para asimilar todo lo conseguido en 2025, Carlos Alcaraz ya prepara la siguiente temporada. El&hellip;\n","protected":false},"author":2,"featured_media":271285,"comment_status":"","ping_status":"","sticky":false,"template":"","format":"standard","meta":{"footnotes":""},"categories":[274],"tags":[4736,168,25,24,21437,23,167,327,326],"class_list":{"0":"post-271284","1":"post","2":"type-post","3":"status-publish","4":"format-standard","5":"has-post-thumbnail","7":"category-tenis","8":"tag-alcaraz","9":"tag-deportes","10":"tag-es","11":"tag-espana","12":"tag-open-de-australia","13":"tag-spain","14":"tag-sports","15":"tag-tenis","16":"tag-tennis"},"share_on_mastodon":{"url":"https:\/\/pubeurope.com\/@es\/115662941578362335","error":""},"_links":{"self":[{"href":"https:\/\/www.europesays.com\/es\/wp-json\/wp\/v2\/posts\/271284","targetHints":{"allow":["GET"]}}],"collection":[{"href":"https:\/\/www.europesays.com\/es\/wp-json\/wp\/v2\/posts"}],"about":[{"href":"https:\/\/www.europesays.com\/es\/wp-json\/wp\/v2\/types\/post"}],"author":[{"embeddable":true,"href":"https:\/\/www.europesays.com\/es\/wp-json\/wp\/v2\/users\/2"}],"replies":[{"embeddable":true,"href":"https:\/\/www.europesays.com\/es\/wp-json\/wp\/v2\/comments?post=271284"}],"version-history":[{"count":0,"href":"https:\/\/www.europesays.com\/es\/wp-json\/wp\/v2\/posts\/271284\/revisions"}],"wp:featuredmedia":[{"embeddable":true,"href":"https:\/\/www.europesays.com\/es\/wp-json\/wp\/v2\/media\/271285"}],"wp:attachment":[{"href":"https:\/\/www.europesays.com\/es\/wp-json\/wp\/v2\/media?parent=271284"}],"wp:term":[{"taxonomy":"category","embeddable":true,"href":"https:\/\/www.europesays.com\/es\/wp-json\/wp\/v2\/categories?post=271284"},{"taxonomy":"post_tag","embeddable":true,"href":"https:\/\/www.europesays.com\/es\/wp-json\/wp\/v2\/tags?post=271284"}],"curies":[{"name":"wp","href":"https:\/\/api.w.org\/{rel}","templated":true}]}}