{"id":271286,"date":"2025-12-04T19:28:15","date_gmt":"2025-12-04T19:28:15","guid":{"rendered":"https:\/\/www.europesays.com\/es\/271286\/"},"modified":"2025-12-04T19:28:15","modified_gmt":"2025-12-04T19:28:15","slug":"euroliga-o-nba-europa-la-fecha-clave-para-definir-el-futuro-del-barca","status":"publish","type":"post","link":"https:\/\/www.europesays.com\/es\/271286\/","title":{"rendered":"\u00bfEuroliga o NBA Europa? La fecha clave para definir el futuro del Bar\u00e7a"},"content":{"rendered":"<p class=\"ft-text\"><a class=\"ft-link ft-link--decoration\" href=\"https:\/\/www.sport.es\/es\/noticias\/barca\/baloncesto\/dura-reflexion-xavi-pascual-nueva-124438002\" rel=\"nofollow noopener\" target=\"_blank\"><strong>El Bar\u00e7a<\/strong><\/a> sigue deshojando la margarita sobre cu\u00e1l ser\u00e1 su futuro en el baloncesto europeo. <strong>El anuncio del desembarco de la NBA en el viejo continente<\/strong> caus\u00f3 mucho revuelo cuando se produjo, pero a d\u00eda de hoy, la creaci\u00f3n de esta liga europea sigue todav\u00eda en un proceso embrionario, excesivo incluso si se cuenta que el proyecto deber\u00eda arrancar en a\u00f1o y medio.<\/p>\n<p class=\"ft-text\"><strong>Bar\u00e7a, Real Madrid, Fenerbah\u00e7e y Asvel<\/strong> son cuatro de los clubes propietarios de la Euroliga, pero su vinculaci\u00f3n con la competici\u00f3n europea expira el pr\u00f3ximo mes de junio. Por el momento, no ha habido prisa en renovar su contrato con la Euroliga ante los cantos de sirena de la NBA. La liga americana ha ido contactando con algunos clubes que pretende que lideren su proyecto, y entre ellos est\u00e1 el equipo azulgrana.<\/p>\n<p>El proyecto europeo de la NBA est\u00e1 muy verde<\/p>\n<p class=\"ft-text\"><strong>Pero el proyecto de la NBA europea sigue dejando m\u00e1s dudas que certezas<\/strong>, y ese plan ambicioso de aterrizar en nuestro continente cuenta, a d\u00eda de hoy, con pocas realidades, m\u00e1s all\u00e1 de la <strong>rumorolog\u00eda<\/strong> que apunta hacia franquicias en las principales capitales europeas con indiferencia del amor o simplemente del inter\u00e9s de sus habitantes en el baloncesto. La disputa de dos partidos en territorio europeo el pr\u00f3ximo mes de enero deber\u00eda traer, casi de manera obligatoria, novedades sobre el proyecto.<\/p>\n<p><img decoding=\"async\" src=\"https:\/\/www.europesays.com\/es\/wp-content\/uploads\/2025\/12\/27878d9d-90d7-443b-b929-ecc16ec0704f_alta-libre-aspect-ratio_default_0.jpg\" width=\"1200\" height=\"675\" alt=\"Adam Silver, comisionado de la NBA, en una rueda de prensa\" class=\"ft-helper-img-rd\" loading=\"lazy\"\/><\/p>\n<p class=\"ft-helper-fontColor-quaternary ft-helper-fontSize-body-S ft-helper-spacer-t-xxs\">Adam Silver, comisionado de la NBA, en una rueda de prensa  \/ Angel Colmenares<\/p>\n<p class=\"ft-text\">Ante este escenario cargado de inc\u00f3gnitas e incertidumbres, <strong>la relaci\u00f3n del Bar\u00e7a y la Euroliga ha estrechado lazos en las \u00faltimas semanas,<\/strong> y en ese sentido, las reuniones entre ambas partes se han intensificado en los \u00faltimos d\u00edas. Desde Grecia se apunt\u00f3 a que <strong>Joan Laporta<\/strong> se hab\u00eda reunido con la c\u00fapula del campeonato europeo hace unos d\u00edas. Unos encuentros que no son casualidad y que han tenido continuidad con reuniones tambi\u00e9n entre Euroliga y<strong> Josep Cubells,<\/strong> y tambi\u00e9n del General Manager de la secci\u00f3n, <strong>Juan Carlos Navarro,<\/strong> y el director deportivo, <strong>Mario Bruno Fern\u00e1ndez,<\/strong> en un encuentro que tuvo lugar hace pocas horas.<\/p>\n<p>Se intensifican las reuniones entre Bar\u00e7a y Euroliga<\/p>\n<p class=\"ft-text\"><strong>La sinton\u00eda entre ambas partes es buena,<\/strong> y si hace unos meses el Bar\u00e7a figuraba como uno de los clubes que liderar\u00edan la NBA europea, la situaci\u00f3n a d\u00eda de hoy es bastante diferente. <strong>Los escenarios actuales pueden conducir a una renovaci\u00f3n entre ambas partes,<\/strong> si bien es cierto que en el club azulgrana no dan por cerrado el acuerdo. Ahora bien, el incremento de las reuniones y el hecho de que <strong>el plazo para renovar su licencia con la Euroliga vence el pr\u00f3ximo 15 de enero,<\/strong> pueden acabar acelerando el &#8216;s\u00ed definitivo.<\/p>\n<p><img decoding=\"async\" src=\"https:\/\/www.europesays.com\/es\/wp-content\/uploads\/2025\/12\/34255fe8-606b-4461-942f-2143a00f3470_alta-libre-aspect-ratio_default_0.jpg\" width=\"1200\" height=\"675\" alt=\"Dejan Bodiroga y Pauilus Motiejunas seguir\u00e1n al frente de la Euroliga\" class=\"ft-helper-img-rd\" loading=\"lazy\"\/><\/p>\n<p class=\"ft-helper-fontColor-quaternary ft-helper-fontSize-body-S ft-helper-spacer-t-xxs\">Dejan Bodiroga y Pauilus Motiejunas seguir\u00e1n al frente de la Euroliga  \/ Euroleague<\/p>\n<p class=\"ft-text\">Un acuerdo que llegar\u00eda con <strong>un Bar\u00e7a tratando de conseguir el mejor contrato posible,<\/strong> en el que a nivel de derechos televisivos hay un margen de crecimiento respecto al actual, y sin descuidar que, en caso de querer romper esa vinculaci\u00f3n con la Euroliga para acabar incorpor\u00e1ndose a la NBA Europea, <strong>la cl\u00e1usula de penalizaci\u00f3n pueda ser &#8216;asumible&#8217;.<\/strong><\/p>\n<p>La cifra que deber\u00eda pagar el Bar\u00e7a para romper un posible contrato con la Euroliga<\/p>\n<p class=\"ft-text\">Una cifra que se situar\u00eda sobre los <strong>10 millones de euros,<\/strong> y en cuanto a a\u00f1os de renovaci\u00f3n con la Euroliga, los clubes que firmaron su nuevo contrato el pasado verano lo hicieron por <strong>diez temporadas.<\/strong><\/p>\n<p class=\"ft-text\">De esta manera, <strong>el Bar\u00e7a se distanciar\u00eda del Real Madrid,<\/strong> cuya renovaci\u00f3n por la Euroliga sigue bastante encallada. Los blancos siguen esperando la propuesta de la NBA, pero tal y como ocurri\u00f3 con la Superliga, pueden quedarse pr\u00e1cticamente solos, ya que <strong>Fenerbah\u00e7e,<\/strong> que tambi\u00e9n termina contrato con la Euroliga a finales del presente curso, tambi\u00e9n est\u00e1 por la labor de renovar su licencia con la competici\u00f3n continental.<\/p>\n","protected":false},"excerpt":{"rendered":"El Bar\u00e7a sigue deshojando la margarita sobre cu\u00e1l ser\u00e1 su futuro en el baloncesto europeo. El anuncio del&hellip;\n","protected":false},"author":2,"featured_media":271287,"comment_status":"","ping_status":"","sticky":false,"template":"","format":"standard","meta":{"footnotes":""},"categories":[269],"tags":[299,2296,298,168,25,24,833,1725,23,167],"class_list":{"0":"post-271286","1":"post","2":"type-post","3":"status-publish","4":"format-standard","5":"has-post-thumbnail","7":"category-baloncesto","8":"tag-baloncesto","9":"tag-barca","10":"tag-basketball","11":"tag-deportes","12":"tag-es","13":"tag-espana","14":"tag-euroliga","15":"tag-nba","16":"tag-spain","17":"tag-sports"},"share_on_mastodon":{"url":"https:\/\/pubeurope.com\/@es\/115662954295635529","error":""},"_links":{"self":[{"href":"https:\/\/www.europesays.com\/es\/wp-json\/wp\/v2\/posts\/271286","targetHints":{"allow":["GET"]}}],"collection":[{"href":"https:\/\/www.europesays.com\/es\/wp-json\/wp\/v2\/posts"}],"about":[{"href":"https:\/\/www.europesays.com\/es\/wp-json\/wp\/v2\/types\/post"}],"author":[{"embeddable":true,"href":"https:\/\/www.europesays.com\/es\/wp-json\/wp\/v2\/users\/2"}],"replies":[{"embeddable":true,"href":"https:\/\/www.europesays.com\/es\/wp-json\/wp\/v2\/comments?post=271286"}],"version-history":[{"count":0,"href":"https:\/\/www.europesays.com\/es\/wp-json\/wp\/v2\/posts\/271286\/revisions"}],"wp:featuredmedia":[{"embeddable":true,"href":"https:\/\/www.europesays.com\/es\/wp-json\/wp\/v2\/media\/271287"}],"wp:attachment":[{"href":"https:\/\/www.europesays.com\/es\/wp-json\/wp\/v2\/media?parent=271286"}],"wp:term":[{"taxonomy":"category","embeddable":true,"href":"https:\/\/www.europesays.com\/es\/wp-json\/wp\/v2\/categories?post=271286"},{"taxonomy":"post_tag","embeddable":true,"href":"https:\/\/www.europesays.com\/es\/wp-json\/wp\/v2\/tags?post=271286"}],"curies":[{"name":"wp","href":"https:\/\/api.w.org\/{rel}","templated":true}]}}