{"id":271288,"date":"2025-12-04T19:29:09","date_gmt":"2025-12-04T19:29:09","guid":{"rendered":"https:\/\/www.europesays.com\/es\/271288\/"},"modified":"2025-12-04T19:29:09","modified_gmt":"2025-12-04T19:29:09","slug":"adrian-guerrero-se-suma-a-shane-kluivert-para-competir-por-el-9-del-barca-atletic","status":"publish","type":"post","link":"https:\/\/www.europesays.com\/es\/271288\/","title":{"rendered":"Adri\u00e1n Guerrero se suma a Shane Kluivert para competir por el &#8216;9&#8217; del Bar\u00e7a Atl\u00e8tic"},"content":{"rendered":"<p data-gtm-element-container=\"modulo-texto-link\" class=\"paragraph\"><strong>Juliano Belletti<\/strong> no podr\u00e1 contar el s\u00e1bado (17 horas) en el campo del <strong>Alcoyano <\/strong>con los dos m\u00e1ximos goleadores del <strong>Bar\u00e7a Atl\u00e8tic<\/strong> en las primeras 13 jornadas del Grupo 3 de la Segunda RFEF. <strong>\u00d3scar Ure\u00f1a (22 a\u00f1os)<\/strong>, que pese a ser extremo se hab\u00eda reubicado de &#8216;9&#8217; con \u00e9xito hasta marcar 8 goles, sufri\u00f3 una fractura de clav\u00edcula de la que fue operado este jueves y <strong>V\u00edctor Barber\u00e0 (21)<\/strong>, que llevaba 6 goles, se rompi\u00f3 a finales de octubre el recto anterior de la pierna derecha y estar\u00e1 hasta marzo de baja. Para colmo, el ariete del futuro, <strong>\u00d2scar Gistau (17)<\/strong>, se rompi\u00f3 el menisco externo de la rodilla izquierda, tuvo que ser operado el 7 de octubre y estar\u00e1 de baja hasta enero.<\/p>\n<p data-gtm-element-container=\"modulo-texto-link\" class=\"paragraph\">El t\u00e9cnico brasile\u00f1o, que tiene la opci\u00f3n de colocar a <strong>Juan Hern\u00e1ndez<\/strong>\u00a0<strong>(18)<\/strong>\u00a0o <strong>Toni Fern\u00e1ndez<\/strong> (17) de &#8216;falso 9&#8217; o de dar la titularidad a<strong> Shane Kluivert (18)<\/strong> en una demarcaci\u00f3n a la que se adapta bien, est\u00e1 contando esta semana en los entrenamientos con <strong>Adri\u00e1n Guerrero (17)<\/strong>, delantero cero m\u00e1s puro del Juvenil A que lleva dos goles y una asistencia en la UEFA Youth League. Ya fue convocado por <strong>Belletti <\/strong>en Reus, pero no lleg\u00f3 a debutar.<\/p>\n<p>    Lee tambi\u00e9n<\/p>\n<p data-gtm-element-container=\"modulo-texto-link\" class=\"paragraph\">Adem\u00e1s de los delanteros mencionados, en la enfermer\u00eda del filial tambi\u00e9n est\u00e1n los defensas <strong>Alexis Olmedo, Xavi Espart y Landry Farr\u00e9<\/strong>, el centrocampista <strong>Marcos Parriego<\/strong> y el interior-extremo <strong>Ibrahim Diarra<\/strong>.<\/p>\n","protected":false},"excerpt":{"rendered":"Juliano Belletti no podr\u00e1 contar el s\u00e1bado (17 horas) en el campo del Alcoyano con los dos m\u00e1ximos&hellip;\n","protected":false},"author":2,"featured_media":271289,"comment_status":"","ping_status":"","sticky":false,"template":"","format":"standard","meta":{"footnotes":""},"categories":[268],"tags":[168,25,24,280,282,281,23,167],"class_list":{"0":"post-271288","1":"post","2":"type-post","3":"status-publish","4":"format-standard","5":"has-post-thumbnail","7":"category-futbol","8":"tag-deportes","9":"tag-es","10":"tag-espana","11":"tag-football","12":"tag-futbol","13":"tag-soccer","14":"tag-spain","15":"tag-sports"},"share_on_mastodon":{"url":"https:\/\/pubeurope.com\/@es\/115662957244214994","error":""},"_links":{"self":[{"href":"https:\/\/www.europesays.com\/es\/wp-json\/wp\/v2\/posts\/271288","targetHints":{"allow":["GET"]}}],"collection":[{"href":"https:\/\/www.europesays.com\/es\/wp-json\/wp\/v2\/posts"}],"about":[{"href":"https:\/\/www.europesays.com\/es\/wp-json\/wp\/v2\/types\/post"}],"author":[{"embeddable":true,"href":"https:\/\/www.europesays.com\/es\/wp-json\/wp\/v2\/users\/2"}],"replies":[{"embeddable":true,"href":"https:\/\/www.europesays.com\/es\/wp-json\/wp\/v2\/comments?post=271288"}],"version-history":[{"count":0,"href":"https:\/\/www.europesays.com\/es\/wp-json\/wp\/v2\/posts\/271288\/revisions"}],"wp:featuredmedia":[{"embeddable":true,"href":"https:\/\/www.europesays.com\/es\/wp-json\/wp\/v2\/media\/271289"}],"wp:attachment":[{"href":"https:\/\/www.europesays.com\/es\/wp-json\/wp\/v2\/media?parent=271288"}],"wp:term":[{"taxonomy":"category","embeddable":true,"href":"https:\/\/www.europesays.com\/es\/wp-json\/wp\/v2\/categories?post=271288"},{"taxonomy":"post_tag","embeddable":true,"href":"https:\/\/www.europesays.com\/es\/wp-json\/wp\/v2\/tags?post=271288"}],"curies":[{"name":"wp","href":"https:\/\/api.w.org\/{rel}","templated":true}]}}