{"id":271290,"date":"2025-12-04T19:30:19","date_gmt":"2025-12-04T19:30:19","guid":{"rendered":"https:\/\/www.europesays.com\/es\/271290\/"},"modified":"2025-12-04T19:30:19","modified_gmt":"2025-12-04T19:30:19","slug":"cuando-el-atleti-gano-la-liga-en-el-96-me-cole-en-el-campo-y-me-puse-a-correr-con-ellos-como-un-descerebrado","status":"publish","type":"post","link":"https:\/\/www.europesays.com\/es\/271290\/","title":{"rendered":"Cuando el Atleti gan\u00f3 la liga en el 96, me col\u00e9 en el campo y me puse a correr con ellos como un descerebrado"},"content":{"rendered":"<p data-gtm-element-container=\"modulo-texto-link\" class=\"paragraph\">El actor y director de cine espa\u00f1ol, <strong>Daniel Guzm\u00e1n<\/strong>, es tambi\u00e9n un reconocido seguidor del <strong>Atl\u00e9tico de Madrid. <\/strong>Hace un tiempo, visit\u00f3 el <a href=\"https:\/\/www.youtube.com\/channel\/UCFHbFaeLPJCFzyNvn0-S2NA\" rel=\"nofollow noreferrer noopener\" target=\"_blank\">podcast <\/a>de<strong> Jos\u00e9 Ram\u00f3n De La Morena<\/strong> y cont\u00f3 una an\u00e9cdota muy personal relacionada con la pasi\u00f3n que siente por el club colchonero.<\/p>\n<p data-gtm-element-container=\"modulo-texto-link\" class=\"paragraph\">Guzm\u00e1n sit\u00faa su historia en uno de los momentos deportivos m\u00e1s importantes del Atl\u00e9tico de Madrid: cuando conquist\u00f3 el <strong>doblete de Liga y Copa del Rey en 1995-1996<\/strong>, bajo la direcci\u00f3n del t\u00e9cnico <strong>Radomir Antic<\/strong>. Guzm\u00e1n, que ven\u00eda de jugar al f\u00fatbol en categor\u00edas modestas, explica tambi\u00e9n en esta <a href=\"https:\/\/www.youtube.com\/watch?v=GJfoavqO2Gg\" rel=\"nofollow noreferrer noopener\" target=\"_blank\">entrevista <\/a>c\u00f3mo el deporte y el Atleti fueron un pilar fundamental en su juventud.<\/p>\n<p>\u00abMe col\u00e9 en el campo con los jugadores y en el vestuario\u00bb<\/p>\n<p data-gtm-element-container=\"modulo-texto-link\" class=\"paragraph\">El actor relata como ese d\u00eda, el d\u00eda en que el Atl\u00e9tico se proclam\u00f3 campe\u00f3n de liga la temporada 95-95, fue al campo \u00abvestido del Atleti de arriba a abajo. Cuando acab\u00f3 el partido, <strong>me col\u00e9 en el campo, me puse a correr con ellos como un descerebrado.<\/strong> Primer lo hago y luego pienso que soy muy impulsivo. De repente, <strong>me puse a correr con ellos e hice la vuelta al campo con los jugadores\u00bb<\/strong>.<\/p>\n<p data-gtm-element-container=\"modulo-texto-link\" class=\"paragraph\">Sin embargo, aqu\u00ed no acab\u00f3 todo. Daniel Guzm\u00e1n todav\u00eda tuvo tiempo de meterse en el vestuario. \u00ab<strong>Estaban todos en el jacuzzi, vi las casillas de las botas en armarios de maderita, los portabotas y las medias<\/strong>. Luego viene Juan L\u00f3pez, el central y me dice: <strong>\u00bfT\u00fa que haces aqu\u00ed?, le contesto que &#8216;celebrarlo con vosotros&#8217; y me dice: &#8216;Vamos, vete de aqu\u00ed ahora mismo<\/strong>&#8216;.<\/p>\n<p>        Lee tambi\u00e9n<\/p>\n<p>    Adri\u00e1n P\u00e9rez Sanmart\u00edn<\/p>\n<p>             <img loading=\"lazy\" decoding=\"async\" data-full-src=\"https:\/\/www.mundodeportivo.com\/uploads\/2025\/10\/21\/68f7209c831d5.png\" alt=\"Captura de pantalla 2025-10-21 075618\" width=\"334\" height=\"164\" src=\"https:\/\/www.europesays.com\/es\/wp-content\/uploads\/2025\/12\/68f7209c831d5.r_d.205-244.png\" class=\"lazy\"\/><\/p>\n<p data-gtm-element-container=\"modulo-texto-link\" class=\"paragraph\">Algunos de los jugadores ic\u00f3nicos de aquella temporada en el <strong>Atl\u00e9tico de Madrid eran Kiko Narv\u00e1ez, Milinko Pantic, Simeone o Caminero<\/strong>, entre otros. Guzm\u00e1n relataba que coincidir con todos ellos fue muy especial porque es \u00ab<strong>del Atleti desde ni\u00f1o\u00bb<\/strong>. El actor siempre ha mostrado, en varias entrevistas, su conexi\u00f3n con el barrio y su cultura futbolera.\u00a0<\/p>\n","protected":false},"excerpt":{"rendered":"El actor y director de cine espa\u00f1ol, Daniel Guzm\u00e1n, es tambi\u00e9n un reconocido seguidor del Atl\u00e9tico de Madrid.&hellip;\n","protected":false},"author":2,"featured_media":271291,"comment_status":"","ping_status":"","sticky":false,"template":"","format":"standard","meta":{"footnotes":""},"categories":[174],"tags":[255,146,147,25,24,256,23],"class_list":{"0":"post-271290","1":"post","2":"type-post","3":"status-publish","4":"format-standard","5":"has-post-thumbnail","7":"category-famosos","8":"tag-celebrities","9":"tag-entertainment","10":"tag-entretenimiento","11":"tag-es","12":"tag-espana","13":"tag-famosos","14":"tag-spain"},"share_on_mastodon":{"url":"https:\/\/pubeurope.com\/@es\/115662961331877636","error":""},"_links":{"self":[{"href":"https:\/\/www.europesays.com\/es\/wp-json\/wp\/v2\/posts\/271290","targetHints":{"allow":["GET"]}}],"collection":[{"href":"https:\/\/www.europesays.com\/es\/wp-json\/wp\/v2\/posts"}],"about":[{"href":"https:\/\/www.europesays.com\/es\/wp-json\/wp\/v2\/types\/post"}],"author":[{"embeddable":true,"href":"https:\/\/www.europesays.com\/es\/wp-json\/wp\/v2\/users\/2"}],"replies":[{"embeddable":true,"href":"https:\/\/www.europesays.com\/es\/wp-json\/wp\/v2\/comments?post=271290"}],"version-history":[{"count":0,"href":"https:\/\/www.europesays.com\/es\/wp-json\/wp\/v2\/posts\/271290\/revisions"}],"wp:featuredmedia":[{"embeddable":true,"href":"https:\/\/www.europesays.com\/es\/wp-json\/wp\/v2\/media\/271291"}],"wp:attachment":[{"href":"https:\/\/www.europesays.com\/es\/wp-json\/wp\/v2\/media?parent=271290"}],"wp:term":[{"taxonomy":"category","embeddable":true,"href":"https:\/\/www.europesays.com\/es\/wp-json\/wp\/v2\/categories?post=271290"},{"taxonomy":"post_tag","embeddable":true,"href":"https:\/\/www.europesays.com\/es\/wp-json\/wp\/v2\/tags?post=271290"}],"curies":[{"name":"wp","href":"https:\/\/api.w.org\/{rel}","templated":true}]}}